{"id":10164,"date":"2022-09-29T21:28:18","date_gmt":"2022-09-29T19:28:18","guid":{"rendered":"http:\/\/eglise-visitation-dijon.net\/w3\/?p=10164"},"modified":"2024-11-04T12:13:11","modified_gmt":"2024-11-04T11:13:11","slug":"avec-toutes-nos-differences-septembre-2022","status":"publish","type":"post","link":"https:\/\/eglise-visitation-dijon.net\/w3\/avec-toutes-nos-differences-septembre-2022\/","title":{"rendered":"Avec toutes nos diff\u00e9rences &#8230; septembre 2022"},"content":{"rendered":"\n<div style=\"height:50px\" aria-hidden=\"true\" class=\"wp-block-spacer\"><\/div>\n\n\n<div class=\"wp-block-image\">\n<figure class=\"alignleft size-full is-resized\"><img loading=\"lazy\" decoding=\"async\" src=\"https:\/\/eglise-visitation-dijon.net\/w3\/wp-content\/uploads\/2022\/09\/Photo-Judicael-2.jpg\" alt=\"\" class=\"wp-image-10173\" width=\"308\" height=\"445\" srcset=\"https:\/\/eglise-visitation-dijon.net\/w3\/wp-content\/uploads\/2022\/09\/Photo-Judicael-2.jpg 553w, https:\/\/eglise-visitation-dijon.net\/w3\/wp-content\/uploads\/2022\/09\/Photo-Judicael-2-207x300.jpg 207w, https:\/\/eglise-visitation-dijon.net\/w3\/wp-content\/uploads\/2022\/09\/Photo-Judicael-2-104x150.jpg 104w\" sizes=\"auto, (max-width: 308px) 100vw, 308px\" \/><\/figure>\n<\/div>\n\n\n<p class=\"has-black-color has-text-color has-medium-font-size\">C\u2019est une grande joie pour moi de commencer mon minist\u00e8re presbyt\u00e9ral en me mettant au service de \u00ab&nbsp;notre Paroisse&nbsp;\u00bb. Mes sentiments apr\u00e8s quelques jours pass\u00e9s aupr\u00e8s de vous, et apr\u00e8s la belle messe de rentr\u00e9e que nous avons v\u00e9cue, se r\u00e9sument dans cette belle phrase qui, au fond du ch\u0153ur de l\u2019\u00e9glise, ne m\u2019a pas laiss\u00e9 indiff\u00e9rent : <em>fr\u00e8res et s\u0153urs tous diff\u00e9rents les uns des autres<\/em>. Je d\u00e9couvre une communaut\u00e9 riche par ses diff\u00e9rences. Et je me laisse porter. Une certitude me guide&nbsp;: Le Christ est toujours et partout le m\u00eame. Et c\u2019est lui qui nous appelle malgr\u00e9 nos diff\u00e9rences. Merci de votre accueil&nbsp;!<\/p>\n\n\n\n<p class=\"has-medium-font-size\"><em>Judica\u00ebl Mitokpey <br><\/em><\/p>\n\n\n\n<p class=\"has-medium-font-size\"><\/p>\n","protected":false},"excerpt":{"rendered":"<p>C\u2019est une grande joie pour moi de commencer mon minist\u00e8re presbyt\u00e9ral en me mettant au service de \u00ab\u00a0notre Paroisse\u00a0\u00bb &#8230;<\/p>\n","protected":false},"author":1,"featured_media":10185,"comment_status":"closed","ping_status":"open","sticky":false,"template":"","format":"standard","meta":{"footnotes":""},"categories":[17],"tags":[],"class_list":["post-10164","post","type-post","status-publish","format-standard","has-post-thumbnail","hentry","category-paroles"],"_links":{"self":[{"href":"https:\/\/eglise-visitation-dijon.net\/w3\/wp-json\/wp\/v2\/posts\/10164","targetHints":{"allow":["GET"]}}],"collection":[{"href":"https:\/\/eglise-visitation-dijon.net\/w3\/wp-json\/wp\/v2\/posts"}],"about":[{"href":"https:\/\/eglise-visitation-dijon.net\/w3\/wp-json\/wp\/v2\/types\/post"}],"author":[{"embeddable":true,"href":"https:\/\/eglise-visitation-dijon.net\/w3\/wp-json\/wp\/v2\/users\/1"}],"replies":[{"embeddable":true,"href":"https:\/\/eglise-visitation-dijon.net\/w3\/wp-json\/wp\/v2\/comments?post=10164"}],"version-history":[{"count":12,"href":"https:\/\/eglise-visitation-dijon.net\/w3\/wp-json\/wp\/v2\/posts\/10164\/revisions"}],"predecessor-version":[{"id":10183,"href":"https:\/\/eglise-visitation-dijon.net\/w3\/wp-json\/wp\/v2\/posts\/10164\/revisions\/10183"}],"wp:featuredmedia":[{"embeddable":true,"href":"https:\/\/eglise-visitation-dijon.net\/w3\/wp-json\/wp\/v2\/media\/10185"}],"wp:attachment":[{"href":"https:\/\/eglise-visitation-dijon.net\/w3\/wp-json\/wp\/v2\/media?parent=10164"}],"wp:term":[{"taxonomy":"category","embeddable":true,"href":"https:\/\/eglise-visitation-dijon.net\/w3\/wp-json\/wp\/v2\/categories?post=10164"},{"taxonomy":"post_tag","embeddable":true,"href":"https:\/\/eglise-visitation-dijon.net\/w3\/wp-json\/wp\/v2\/tags?post=10164"}],"curies":[{"name":"wp","href":"https:\/\/api.w.org\/{rel}","templated":true}]}}