{"id":10304,"date":"2022-11-12T13:57:13","date_gmt":"2022-11-12T12:57:13","guid":{"rendered":"http:\/\/eglise-visitation-dijon.net\/w3\/?p=10304"},"modified":"2024-11-04T12:13:11","modified_gmt":"2024-11-04T11:13:11","slug":"bouleverses-et-resolus-message-des-eveques-de-france-du-8-novembre-2022","status":"publish","type":"post","link":"https:\/\/eglise-visitation-dijon.net\/w3\/bouleverses-et-resolus-message-des-eveques-de-france-du-8-novembre-2022\/","title":{"rendered":"\u00ab\u00a0Boulevers\u00e9s et r\u00e9solus\u00a0\u00bb message des \u00e9v\u00eaques de France du 8 novembre 2022"},"content":{"rendered":"\n<p><\/p>\n\n\n\n<p class=\"has-black-color has-text-color has-medium-font-size\">\u00ab\u00a0Chers fr\u00e8res et s\u0153urs, <\/p>\n\n\n\n<p class=\"has-black-color has-text-color has-medium-font-size\">R\u00e9unis en Assembl\u00e9e pl\u00e9ni\u00e8re \u00e0 Lourdes, nous avons entendu la stup\u00e9faction, la col\u00e8re, la tristesse, le d\u00e9couragement \u2026\u00a0\u00bb<\/p>\n\n\n\n<blockquote class=\"wp-block-quote has-black-color has-text-color has-medium-font-size is-layout-flow wp-block-quote-is-layout-flow\"><p><a rel=\"noreferrer noopener\" href=\"https:\/\/eglise.catholique.fr\/wp-content\/uploads\/sites\/2\/2022\/11\/Message-eveques-Bouleverses-et-resolus-2022-11-08-1-1.pdf\" target=\"_blank\">T\u00e9l\u00e9charger le message au format pdf<\/a><\/p><p>A retrouver sur <a rel=\"noreferrer noopener\" href=\"https:\/\/eglise.catholique.fr\/conference-des-eveques-de-france\/cef\/assemblees-plenieres\/assemblee-pleniere-de-novembre-2022\/531748-bouleverses-et-resolus-message-des-eveques-de-france-du-8-novembre-2022\/\" target=\"_blank\">le site de la conf\u00e9rence des \u00e9v\u00eaques de France<\/a> avec des liens vers d&rsquo;autres documents en rapport<\/p><\/blockquote>\n","protected":false},"excerpt":{"rendered":"<p>R\u00e9unis en Assembl\u00e9e pl\u00e9ni\u00e8re \u00e0 Lourdes, nous avons entendu la stup\u00e9faction, la col\u00e8re, la tristesse, le d\u00e9couragement \u2026\u00a0\u00bb<\/p>\n","protected":false},"author":1,"featured_media":0,"comment_status":"closed","ping_status":"closed","sticky":false,"template":"","format":"standard","meta":{"footnotes":""},"categories":[17],"tags":[],"class_list":["post-10304","post","type-post","status-publish","format-standard","hentry","category-paroles"],"_links":{"self":[{"href":"https:\/\/eglise-visitation-dijon.net\/w3\/wp-json\/wp\/v2\/posts\/10304","targetHints":{"allow":["GET"]}}],"collection":[{"href":"https:\/\/eglise-visitation-dijon.net\/w3\/wp-json\/wp\/v2\/posts"}],"about":[{"href":"https:\/\/eglise-visitation-dijon.net\/w3\/wp-json\/wp\/v2\/types\/post"}],"author":[{"embeddable":true,"href":"https:\/\/eglise-visitation-dijon.net\/w3\/wp-json\/wp\/v2\/users\/1"}],"replies":[{"embeddable":true,"href":"https:\/\/eglise-visitation-dijon.net\/w3\/wp-json\/wp\/v2\/comments?post=10304"}],"version-history":[{"count":4,"href":"https:\/\/eglise-visitation-dijon.net\/w3\/wp-json\/wp\/v2\/posts\/10304\/revisions"}],"predecessor-version":[{"id":10310,"href":"https:\/\/eglise-visitation-dijon.net\/w3\/wp-json\/wp\/v2\/posts\/10304\/revisions\/10310"}],"wp:attachment":[{"href":"https:\/\/eglise-visitation-dijon.net\/w3\/wp-json\/wp\/v2\/media?parent=10304"}],"wp:term":[{"taxonomy":"category","embeddable":true,"href":"https:\/\/eglise-visitation-dijon.net\/w3\/wp-json\/wp\/v2\/categories?post=10304"},{"taxonomy":"post_tag","embeddable":true,"href":"https:\/\/eglise-visitation-dijon.net\/w3\/wp-json\/wp\/v2\/tags?post=10304"}],"curies":[{"name":"wp","href":"https:\/\/api.w.org\/{rel}","templated":true}]}}