{"id":10641,"date":"2022-12-20T13:58:08","date_gmt":"2022-12-20T12:58:08","guid":{"rendered":"http:\/\/eglise-visitation-dijon.net\/w3\/?p=10641"},"modified":"2024-11-04T12:13:11","modified_gmt":"2024-11-04T11:13:11","slug":"noel-une-fragilite-a-respecter","status":"publish","type":"post","link":"https:\/\/eglise-visitation-dijon.net\/w3\/noel-une-fragilite-a-respecter\/","title":{"rendered":"No\u00ebl : une fragilit\u00e9 \u00e0 respecter"},"content":{"rendered":"\n<p><\/p>\n\n\n\n<p><\/p>\n\n\n\n<p class=\"has-black-color has-text-color has-medium-font-size\">Chaque No\u00ebl nous renvoie \u00e0 ce grand myst\u00e8re : Dieu se fait Homme. Bienheureux Joseph qui devient \u00ab d\u00e9positaire \u00bb du plus beau cadeau de Dieu : J\u00e9sus, \u00ab Homme et Dieu \u00bb. Dans la fragilit\u00e9 du fils de Marie, Dieu vient cacher le tr\u00e9sor d\u2019une vie appel\u00e9e \u00e0 nous sauver et nous dire la valeur incommensurable de toute vie. Quel minist\u00e8re d\u2019exception pour Joseph charg\u00e9 de veiller sur Marie, de permettre \u00e0 J\u00e9sus de grandir en toute s\u00e9curit\u00e9, choy\u00e9, \u00ab charpent\u00e9 \u00bb !<\/p>\n\n\n\n<p class=\"has-black-color has-text-color has-medium-font-size\">La r\u00e9v\u00e9lation, au sein de notre \u00c9glise, de comportements contraires \u00e0 une relation \u00e9ducative et spirituelle, respectueuse de la dignit\u00e9, de l\u2019int\u00e9grit\u00e9 physique et morale de l\u2019enfant a suscit\u00e9 sid\u00e9ration, col\u00e8re, r\u00e9volte, honte et g\u00e9n\u00e9r\u00e9 tant de peines, de souffrances chez ces enfants meurtris et dans leur famille. Un certain nombre de mesures pr\u00e9ventives et curatives ont \u00e9t\u00e9 mises en place afin de prot\u00e9ger chaque enfant dans ses droits les plus \u00e9l\u00e9mentaires. Derni\u00e8rement, le protocole, relatif aux signalements d\u2019abus sexuels, sign\u00e9 par notre \u00c9v\u00eaque et le procureur de la r\u00e9publique, en t\u00e9moigne (cf. ci-dessous).<\/p>\n\n\n\n<p class=\"has-black-color has-text-color has-medium-font-size\">Accueillir la parole de l\u2019enfant, trouver la juste distance relationnelle, sensibiliser, informer, former, accompagner sont des mesures qui nous concernent tous, que nous devons porter ensemble car fr\u00e8res et s\u0153urs en J\u00e9sus Christ, membres du corps du Christ, nous sommes responsables les uns des autres.<\/p>\n\n\n\n<p class=\"has-black-color has-text-color has-medium-font-size\">Demandons \u00e0 Saint Joseph, p\u00e8re mod\u00e8le, p\u00e8re de l\u2019\u00c9glise, r\u00e9f\u00e9rence pour les \u00e9ducateurs, p\u00e9dagogues, d\u2019interc\u00e9der aupr\u00e8s de Dieu afin qu\u2019avec courage et pers\u00e9v\u00e9rance l\u2019\u00c9glise \u00e9rige une maison s\u00fbre o\u00f9 chacun puisse grandir, s\u2019\u00e9panouir en toute s\u00e9curit\u00e9.<\/p>\n\n\n\n<p class=\"has-black-color has-text-color has-medium-font-size\"><em>Monique Fijean<\/em><\/p>\n\n\n\n<h3 class=\"has-text-align-center has-black-color has-text-color wp-block-heading\" style=\"font-size:24px\">Protection des mineurs<\/h3>\n\n\n\n<p class=\"has-black-color has-text-color has-medium-font-size\">A la suite des recommandations de la Conf\u00e9rence des \u00c9v\u00eaques de France, le mercredi 22 septembre 2022, le Procureur de la R\u00e9publique de Dijon et l\u2019Archev\u00eaque de Dijon ont conclu le 28 septembre 2022, un protocole relatif aux signalements \u00e0 la justice des d\u00e9nonciations d\u2019infractions sexuelles re\u00e7ues par l\u2019autorit\u00e9 dioc\u00e9saine.<\/p>\n\n\n\n<blockquote class=\"wp-block-quote is-layout-flow wp-block-quote-is-layout-flow\">\n<p class=\"has-black-color has-text-color has-medium-font-size\">Cellule dioc\u00e9saine d\u2019\u00e9coute et d\u2019accompagnement pour les victimes d\u2019abus sexuels, spirituels ou de pouvoir commis par des repr\u00e9sentants de l\u2019\u00c9glise catholique en C\u00f4te d\u2019Or&nbsp;: <strong>07 49 30 05 48<\/strong>.<\/p>\n<\/blockquote>\n\n\n\n<p class=\"has-text-align-left has-black-color has-text-color has-medium-font-size\"><\/p>\n\n\n\n<p style=\"font-size:18px\"><\/p>\n","protected":false},"excerpt":{"rendered":"<p>Chaque No\u00ebl nous renvoie \u00e0 ce grand myst\u00e8re : Dieu se fait Homme &#8230;<\/p>\n","protected":false},"author":1,"featured_media":0,"comment_status":"closed","ping_status":"closed","sticky":false,"template":"","format":"standard","meta":{"footnotes":""},"categories":[17],"tags":[],"class_list":["post-10641","post","type-post","status-publish","format-standard","hentry","category-paroles"],"_links":{"self":[{"href":"https:\/\/eglise-visitation-dijon.net\/w3\/wp-json\/wp\/v2\/posts\/10641","targetHints":{"allow":["GET"]}}],"collection":[{"href":"https:\/\/eglise-visitation-dijon.net\/w3\/wp-json\/wp\/v2\/posts"}],"about":[{"href":"https:\/\/eglise-visitation-dijon.net\/w3\/wp-json\/wp\/v2\/types\/post"}],"author":[{"embeddable":true,"href":"https:\/\/eglise-visitation-dijon.net\/w3\/wp-json\/wp\/v2\/users\/1"}],"replies":[{"embeddable":true,"href":"https:\/\/eglise-visitation-dijon.net\/w3\/wp-json\/wp\/v2\/comments?post=10641"}],"version-history":[{"count":16,"href":"https:\/\/eglise-visitation-dijon.net\/w3\/wp-json\/wp\/v2\/posts\/10641\/revisions"}],"predecessor-version":[{"id":10706,"href":"https:\/\/eglise-visitation-dijon.net\/w3\/wp-json\/wp\/v2\/posts\/10641\/revisions\/10706"}],"wp:attachment":[{"href":"https:\/\/eglise-visitation-dijon.net\/w3\/wp-json\/wp\/v2\/media?parent=10641"}],"wp:term":[{"taxonomy":"category","embeddable":true,"href":"https:\/\/eglise-visitation-dijon.net\/w3\/wp-json\/wp\/v2\/categories?post=10641"},{"taxonomy":"post_tag","embeddable":true,"href":"https:\/\/eglise-visitation-dijon.net\/w3\/wp-json\/wp\/v2\/tags?post=10641"}],"curies":[{"name":"wp","href":"https:\/\/api.w.org\/{rel}","templated":true}]}}