{"id":10752,"date":"2023-01-05T14:41:16","date_gmt":"2023-01-05T13:41:16","guid":{"rendered":"http:\/\/eglise-visitation-dijon.net\/w3\/?p=10752"},"modified":"2024-11-04T11:23:12","modified_gmt":"2024-11-04T10:23:12","slug":"comme-marie-oser-prendre-des-chemins-nouveaux-homelie-du-dimanche-1er-janvier-2023","status":"publish","type":"post","link":"https:\/\/eglise-visitation-dijon.net\/w3\/comme-marie-oser-prendre-des-chemins-nouveaux-homelie-du-dimanche-1er-janvier-2023\/","title":{"rendered":"Comme Marie, Oser prendre des chemins nouveaux\u00a0! &#8211; hom\u00e9lie du dimanche 1er janvier 2023"},"content":{"rendered":"\n<p><\/p>\n\n\n<div class=\"wp-block-image\">\n<figure class=\"alignleft\"><img loading=\"lazy\" decoding=\"async\" width=\"63\" height=\"32\" src=\"https:\/\/eglise-visitation-dijon.net\/w3\/wp-content\/uploads\/2021\/01\/boutons-2.jpg\" alt=\"\" class=\"wp-image-7495\"\/><\/figure>\n<\/div>\n\n\n<p><em><a href=\"http:\/\/eglise-visitation-dijon.net\/w2\/homelies\/Homelie-1-janvier-2023-JM\" target=\"_blank\" rel=\"noreferrer noopener\">t\u00e9l\u00e9charger au format pdf<\/a><\/em><\/p>\n\n\n\n<p class=\"has-text-align-right\"><a href=\"http:\/\/levangileauquotidien.org\/FR\/gospel\/2023-01-01\" target=\"_blank\" rel=\"noreferrer noopener\">Les lectures du jour<\/a><\/p>\n\n\n\n<p class=\"has-black-color has-text-color\" style=\"font-size:24px\"><strong>Comme Marie, Oser prendre des chemins nouveaux&nbsp;!<\/strong><\/p>\n\n\n\n<p class=\"has-black-color has-text-color has-medium-font-size\">Chers amis, chers fr\u00e8res et s\u0153urs,<\/p>\n\n\n\n<p class=\"has-black-color has-text-color has-medium-font-size\">Nous sommes toujours dans la joie de cet \u00e9v\u00e9nement exceptionnel qu\u2019est la naissance de J\u00e9sus. Aujourd\u2019hui nous contemplons le miracle par lequel la Vierge en donnant naissance au Fils de Dieu, est devenue la m\u00e8re de Dieu. C\u2019est un motif d\u2019action de gr\u00e2ce pour la Vierge elle-m\u00eame. C\u2019est pourquoi elle proclame dans son <em>Magnificat<\/em> que \u00ab&nbsp;le Seigneur s\u2019est pench\u00e9 sur son humble servante&nbsp;\u00bb. Mais c\u2019est aussi un motif d\u2019action de gr\u00e2ce pour nous : une cr\u00e9ature humaine, une personne partageant notre condition humaine a \u00e9t\u00e9 choisie par Dieu pour participer d\u2019une mani\u00e8re intime et \u00e9troite \u00e0 son projet d\u2019amour au profit de tout le genre humain. A travers la Vierge, nous sommes tous choisis pour donner Dieu au monde. Nous nous r\u00e9jouissons donc avec elle parce qu\u2019elle a dit \u00ab&nbsp;oui&nbsp;\u00bb au projet de Dieu en renon\u00e7ant \u00e0 ses projets personnels d\u2019une vie de famille simple et ordinaire avec Joseph. Et vous savez comment leurs vies ont \u00e9t\u00e9 boulevers\u00e9es par l\u2019irruption de J\u00e9sus dans leurs projets.<\/p>\n\n\n\n<p class=\"has-black-color has-text-color has-medium-font-size\">C\u2019est sous le signe du Oui de Marie et de son renoncement que nous entrons dans l\u2019ann\u00e9e nouvelle. C\u2019est aussi sous le signe de la Paix. Je ne vous apprends rien si je vous dis que nous sommes au premier jour de l\u2019an et que nous c\u00e9l\u00e9brons tous les premiers jours de l\u2019an la journ\u00e9e mondiale de la paix. Et cela depuis 56 ans. A l\u2019occasion de cette journ\u00e9e mondiale de la Paix, le pape a d\u00e9livr\u00e9 un message dans lequel il pose une question importante pour chacun de nous en ce d\u00e9but d\u2019ann\u00e9e&nbsp;: \u00ab&nbsp;Quels chemins nouveaux devons-nous emprunter pour nous d\u00e9faire des cha\u00eenes de nos vieilles habitudes, pour \u00eatre mieux pr\u00e9par\u00e9s, pour oser la nouveaut\u00e9 ? Quels signes de vie et d&rsquo;esp\u00e9rance pouvons-nous saisir pour aller de l&rsquo;avant et essayer de rendre notre monde meilleur ?&nbsp;\u00bb Nous pourrons faire le pari cette ann\u00e9e, \u00ab&nbsp;d\u2019oser la nouveaut\u00e9&nbsp;\u00bb. Le refrain du psaume de ce dimanche et la premi\u00e8re lecture dessinent une ligne de conduite qui nous invite \u00e0 de nouveaux engagements dont l\u2019initiative vient de Dieu&nbsp;: \u00ab&nbsp;Que Dieu nous prenne en gr\u00e2ce et nous b\u00e9nisse, que son visage s\u2019illumine pour nous&nbsp;\u00bb dit le Psalmiste. Et l\u2019auteur du livre des Nombres dit&nbsp;: \u00ab&nbsp;Que le Seigneur fasse briller sur toi son visage et qu\u2019Il te prenne en gr\u00e2ce. Que le Seigneur tourne vers toi son visage et qu\u2019il t\u2019apporte la paix&nbsp;\u00bb. Il s\u2019agit de se placer sous le regard indulgent et paternel de Dieu. Ce regard de Dieu resplendit d\u2019une lumi\u00e8re qui peut nous conduire tout au long de l\u2019ann\u00e9e nouvelle et nous emmener \u00e0 oser la nouveaut\u00e9. Pour faire l\u2019exp\u00e9rience d\u2019une ann\u00e9e nouvelle, il faut des attitudes nouvelles, des comportements nouveaux, des r\u00e9solutions nouvelles. Sans cela, rien ne fait vraiment la nouveaut\u00e9 de l\u2019ann\u00e9e.<\/p>\n\n\n\n<p class=\"has-black-color has-text-color has-medium-font-size\">Fr\u00e8res et s\u0153urs, ouvrons-nous cette ann\u00e9e \u00e0 la nouveaut\u00e9 de Dieu. Ouvrons les portes au Seigneur. Soyons joyeux de la joie qui nous est donn\u00e9e. Joyeux de partager cette joie. Les bergers qui se h\u00e2tent dans l\u2019\u00e9vangile vers Bethl\u00e9em se trouvaient peut-\u00eatre l\u00e0 par hasard. Ces bergers \u00e9taient consid\u00e9r\u00e9s, comme des parias, des laiss\u00e9s pour compte. Ils se sont laiss\u00e9s conduire en dehors de leurs propres projets vers des terres nouvelles comme ce fut aussi le cas de Marie et Joseph. Et ils repartent joyeux en glorifiant et en louant Dieu. La nouveaut\u00e9 de l\u2019enfant de Bethl\u00e9em les rejoint dans les aspirations enfouies dans leurs c\u0153urs. No\u00ebl est la r\u00e9ponse \u00e0 tous leurs v\u0153ux. Dieu s\u2019est rendu solidaire de leur condition. Oserons-nous marcher avec l\u2019Emmanuel tout au long de cette nouvelle ann\u00e9e&nbsp;? Marcherons-nous dans la paix et la lumi\u00e8re de celui qui nous rejoint aujourd\u2019hui et qui se fait l\u2019un de Nous&nbsp;? Nous savons en ce premier jour de l\u2019an, que Marie est pour nous un mod\u00e8le pour faire inconditionnellement confiance au Seigneur et pour rechercher la paix qui vient de Lui.<\/p>\n\n\n\n<p class=\"has-medium-font-size\"><em>Judica\u00ebl Mitokpey, Vicaire<br>1er janvier 2023<\/em><\/p>\n","protected":false},"excerpt":{"rendered":"<p>Nous sommes toujours dans la joie de cet \u00e9v\u00e9nement exceptionnel qu\u2019est la naissance de J\u00e9sus &#8230;<\/p>\n","protected":false},"author":1,"featured_media":0,"comment_status":"closed","ping_status":"closed","sticky":false,"template":"","format":"standard","meta":{"footnotes":""},"categories":[3],"tags":[],"class_list":["post-10752","post","type-post","status-publish","format-standard","hentry","category-paroles-de-vie"],"_links":{"self":[{"href":"https:\/\/eglise-visitation-dijon.net\/w3\/wp-json\/wp\/v2\/posts\/10752","targetHints":{"allow":["GET"]}}],"collection":[{"href":"https:\/\/eglise-visitation-dijon.net\/w3\/wp-json\/wp\/v2\/posts"}],"about":[{"href":"https:\/\/eglise-visitation-dijon.net\/w3\/wp-json\/wp\/v2\/types\/post"}],"author":[{"embeddable":true,"href":"https:\/\/eglise-visitation-dijon.net\/w3\/wp-json\/wp\/v2\/users\/1"}],"replies":[{"embeddable":true,"href":"https:\/\/eglise-visitation-dijon.net\/w3\/wp-json\/wp\/v2\/comments?post=10752"}],"version-history":[{"count":2,"href":"https:\/\/eglise-visitation-dijon.net\/w3\/wp-json\/wp\/v2\/posts\/10752\/revisions"}],"predecessor-version":[{"id":10754,"href":"https:\/\/eglise-visitation-dijon.net\/w3\/wp-json\/wp\/v2\/posts\/10752\/revisions\/10754"}],"wp:attachment":[{"href":"https:\/\/eglise-visitation-dijon.net\/w3\/wp-json\/wp\/v2\/media?parent=10752"}],"wp:term":[{"taxonomy":"category","embeddable":true,"href":"https:\/\/eglise-visitation-dijon.net\/w3\/wp-json\/wp\/v2\/categories?post=10752"},{"taxonomy":"post_tag","embeddable":true,"href":"https:\/\/eglise-visitation-dijon.net\/w3\/wp-json\/wp\/v2\/tags?post=10752"}],"curies":[{"name":"wp","href":"https:\/\/api.w.org\/{rel}","templated":true}]}}