{"id":10762,"date":"2023-01-08T19:09:24","date_gmt":"2023-01-08T18:09:24","guid":{"rendered":"http:\/\/eglise-visitation-dijon.net\/w3\/?p=10762"},"modified":"2024-11-04T11:23:12","modified_gmt":"2024-11-04T10:23:12","slug":"avec-audace-homelie-du-dimanche-8-janvier-2023-epiphanie","status":"publish","type":"post","link":"https:\/\/eglise-visitation-dijon.net\/w3\/avec-audace-homelie-du-dimanche-8-janvier-2023-epiphanie\/","title":{"rendered":"Avec audace &#8211; hom\u00e9lie du dimanche 8 janvier 2023 &#8211; \u00c9piphanie"},"content":{"rendered":"<div class=\"wp-block-image\">\n<figure class=\"alignleft\"><img loading=\"lazy\" decoding=\"async\" width=\"63\" height=\"32\" src=\"https:\/\/eglise-visitation-dijon.net\/w3\/wp-content\/uploads\/2021\/01\/boutons-2.jpg\" alt=\"\" class=\"wp-image-7495\"\/><\/figure>\n<\/div>\n\n\n<p><em><a href=\"http:\/\/eglise-visitation-dijon.net\/w2\/homelies\/Homelie-8-janvier-2023\" target=\"_blank\" rel=\"noreferrer noopener\">t\u00e9l\u00e9charger au format pdf<\/a><\/em><\/p>\n\n\n\n<p class=\"has-text-align-right\"><a href=\"http:\/\/levangileauquotidien.org\/FR\/gospel\/2023-01-08\" target=\"_blank\" rel=\"noreferrer noopener\">Les lectures du jour<\/a><\/p>\n\n\n\n<p class=\"has-black-color has-text-color\" style=\"font-size:24px\"><strong>Avec audace<\/strong><\/p>\n\n\n\n<p class=\"has-black-color has-text-color has-medium-font-size\">A l&rsquo;heure des \u00e9changes de v\u0153ux, j&rsquo;ai eu l&rsquo;id\u00e9e de t\u00e9l\u00e9phoner \u00e0 Balthazar, Gaspard et Melchior, d&rsquo;abord pour leur souhaiter une bonne ann\u00e9e, et surtout pour leur demander s&rsquo;ils avaient eu un faire-part de naissance du roi des juifs, pour s&rsquo;\u00eatre mis si facilement en route en direction d&rsquo;un pays lointain. Savez-vous ce qu&rsquo;ils m&rsquo;ont r\u00e9pondu apr\u00e8s m&rsquo;avoir chaleureusement remerci\u00e9 d&rsquo;avoir pens\u00e9 \u00e0 eux en ce d\u00e9but d&rsquo;ann\u00e9e&nbsp;? Ils m&rsquo;ont tout simplement dit qu&rsquo;ils avaient entendu au fin fond de leur conscience un appel \u00e0 se lever pour aller rendre visite \u00e0 ce pr\u00e9tendu roi des Juifs. Cette r\u00e9ponse m&rsquo;a compl\u00e8tement abasourdi, stup\u00e9fi\u00e9, sid\u00e9r\u00e9&nbsp;: \u00ab&nbsp;comment faire cr\u00e9dit \u00e0 une petite voix int\u00e9rieure et se lancer dans une telle aventure&nbsp;?&nbsp;\u00bb J&rsquo;en \u00e9tais l\u00e0 de mes r\u00e9flexions quand ils m&rsquo;ont invit\u00e9 \u00e0 regarder l&rsquo;\u00e9toile, et donc \u00e0 lever la t\u00eate, alors que j&rsquo;\u00e9tais riv\u00e9 sur mes doutes, sur mes questions, sur mes peurs. Et la conversation s&rsquo;est interrompue&nbsp;: vraisemblablement une panne de r\u00e9seau&nbsp;!<\/p>\n\n\n\n<p class=\"has-black-color has-text-color has-medium-font-size\">J&rsquo;ai donc regard\u00e9 le ciel, mais d&rsquo;\u00e9toile je n&rsquo;en ai pas vu, tellement \u00e9tait forte la pollution lumineuse de nos villes, jointe \u00e0 un ciel couvert de nuages. Une fois de plus j&rsquo;\u00e9tais dans une perplexit\u00e9 extr\u00eame, quand soudain me sont revenues les paroles d&rsquo;Isa\u00efe (notre premi\u00e8re lecture), invitant \u00e0 regarder tout autour de moi, \u00e0 adopter une attitude d&rsquo;accueil de l&rsquo;inattendu, \u00e0 croire que du bon peut surgir de ce que j&rsquo;ai tendance \u00e0 estimer mauvais ou insignifiant. Et cela m&rsquo;a rempli de joie, \u00e0 l&rsquo;instar de la joie qu&rsquo;ont ressentie les mages \u00e0 la red\u00e9couverte de leur \u00e9toile. Il faut dire qu&rsquo;ils avaient \u00e9t\u00e9 &lsquo;douch\u00e9s&rsquo; par l&rsquo;accueil plut\u00f4t froid de la part d&rsquo;H\u00e9rode et des responsables religieux de J\u00e9rusalem, \u00e0 qui ils avaient parl\u00e9 d&rsquo;un pr\u00e9tendu roi des Juifs qui venait de na\u00eetre. Le manque d&rsquo;enthousiasme, sinon la m\u00e9fiance chez ces derniers avait provoqu\u00e9 chez les marcheurs venus de loin une remise en question de leur initiative&nbsp;: \u00ab est-ce que nous nous serions tromp\u00e9s&nbsp;?&nbsp;\u00bb Heureusement l&rsquo;\u00e9toile \u00e9tait r\u00e9apparue apr\u00e8s leur visite \u00e0 H\u00e9rode, les assurant qu&rsquo;ils n&rsquo;avaient pas fait fausse route. Leur audace, leur courage, leur confiance y compris envers H\u00e9rode (sans na\u00efvet\u00e9, puisqu&rsquo;en finale ils n&rsquo;entreront pas dans son jeu et le pi\u00e8ge), vont les conduire tout naturellement vers Celui qui a eu aussi l&rsquo;audace de venir s&rsquo;immerger dans l&rsquo;histoire humaine et qui paiera tr\u00e8s cher cette audace, puisqu&rsquo;il sera rejet\u00e9.<\/p>\n\n\n\n<p class=\"has-black-color has-text-color has-medium-font-size\">\u00ab&nbsp;De l&rsquo;audace, toujours de l&rsquo;audace&nbsp;!&nbsp;\u00bb tonnait un c\u00e9l\u00e8bre r\u00e9volutionnaire. Je crois que l&rsquo;audace peut \u00eatre la dominante de la Parole en cette f\u00eate de l&rsquo;\u00e9piphanie. Audace \u00e0 sortir des sentiers battus et de la routine, \u00e0 changer notre regard sur les personnes, sur les \u00e9v\u00e9nements, \u00e0 retisser des liens distendus apr\u00e8s une brouille, \u00e0 cultiver des pens\u00e9es bienveillantes et de paix, audace \u00e0 \u00eatre attentifs aux signes les plus discrets. La cr\u00e8che a d\u00fb para\u00eetre bien lointaine aux mages, comme nous semblent tr\u00e8s loin la paix, la r\u00e9conciliation, la justice ; cela ne les a pas retenus. Quand la voix de la conscience appelle \u00e0 des choix, m\u00eame difficiles au premier abord, ne craignons pas de l&rsquo;\u00e9couter, confiants que rapidement la joie va prendre place dans le c\u0153ur et donner la force de continuer. N&rsquo;h\u00e9sitons pas \u00e0 relire, prier, contempler la parole de Dieu de ce jour. Tous, quelles que soient nos opinions, notre culture, notre religion, nous pouvons vivre l&rsquo;exp\u00e9rience des mages, puisque cet enfant couch\u00e9 dans une mangeoire, il est venu pour tous, sans conditions. Il est le roi, non plus d&rsquo;un clan, d&rsquo;un peuple, mais le roi de tous.<\/p>\n\n\n\n<p class=\"has-black-color has-text-color has-medium-font-size\">J&rsquo;ai tent\u00e9 \u00e0 maintes reprises de t\u00e9l\u00e9phoner \u00e0 mes amis pour conna\u00eetre leur sentiment apr\u00e8s une telle aventure. Le r\u00e9pondeur se contentait de dire laconiquement&nbsp;: nous avons trouv\u00e9 le Messie, cela nous suffit.<\/p>\n\n\n\n<p class=\"has-medium-font-size\"><em>Andr\u00e9 Jobard<br>8 janvier 2023<\/em><\/p>\n","protected":false},"excerpt":{"rendered":"<p>A l&rsquo;heure des \u00e9changes de v\u0153ux, j&rsquo;ai eu l&rsquo;id\u00e9e de t\u00e9l\u00e9phoner \u00e0 Balthazar, Gaspard et Melchior, d&rsquo;abord pour leur souhaiter une bonne ann\u00e9e, et surtout pour leur demander &#8230;<\/p>\n","protected":false},"author":1,"featured_media":10765,"comment_status":"closed","ping_status":"closed","sticky":false,"template":"","format":"standard","meta":{"footnotes":""},"categories":[3],"tags":[],"class_list":["post-10762","post","type-post","status-publish","format-standard","has-post-thumbnail","hentry","category-paroles-de-vie"],"_links":{"self":[{"href":"https:\/\/eglise-visitation-dijon.net\/w3\/wp-json\/wp\/v2\/posts\/10762","targetHints":{"allow":["GET"]}}],"collection":[{"href":"https:\/\/eglise-visitation-dijon.net\/w3\/wp-json\/wp\/v2\/posts"}],"about":[{"href":"https:\/\/eglise-visitation-dijon.net\/w3\/wp-json\/wp\/v2\/types\/post"}],"author":[{"embeddable":true,"href":"https:\/\/eglise-visitation-dijon.net\/w3\/wp-json\/wp\/v2\/users\/1"}],"replies":[{"embeddable":true,"href":"https:\/\/eglise-visitation-dijon.net\/w3\/wp-json\/wp\/v2\/comments?post=10762"}],"version-history":[{"count":2,"href":"https:\/\/eglise-visitation-dijon.net\/w3\/wp-json\/wp\/v2\/posts\/10762\/revisions"}],"predecessor-version":[{"id":10766,"href":"https:\/\/eglise-visitation-dijon.net\/w3\/wp-json\/wp\/v2\/posts\/10762\/revisions\/10766"}],"wp:featuredmedia":[{"embeddable":true,"href":"https:\/\/eglise-visitation-dijon.net\/w3\/wp-json\/wp\/v2\/media\/10765"}],"wp:attachment":[{"href":"https:\/\/eglise-visitation-dijon.net\/w3\/wp-json\/wp\/v2\/media?parent=10762"}],"wp:term":[{"taxonomy":"category","embeddable":true,"href":"https:\/\/eglise-visitation-dijon.net\/w3\/wp-json\/wp\/v2\/categories?post=10762"},{"taxonomy":"post_tag","embeddable":true,"href":"https:\/\/eglise-visitation-dijon.net\/w3\/wp-json\/wp\/v2\/tags?post=10762"}],"curies":[{"name":"wp","href":"https:\/\/api.w.org\/{rel}","templated":true}]}}