{"id":10809,"date":"2023-01-18T07:42:48","date_gmt":"2023-01-18T06:42:48","guid":{"rendered":"http:\/\/eglise-visitation-dijon.net\/w3\/?p=10809"},"modified":"2024-11-04T11:23:12","modified_gmt":"2024-11-04T10:23:12","slug":"redecouvrir-la-grace-detre-aime-et-choisi-par-dieu-homelie-du-dimanche-15-janvier-2023","status":"publish","type":"post","link":"https:\/\/eglise-visitation-dijon.net\/w3\/redecouvrir-la-grace-detre-aime-et-choisi-par-dieu-homelie-du-dimanche-15-janvier-2023\/","title":{"rendered":"Red\u00e9couvrir la gr\u00e2ce d\u2019\u00eatre aim\u00e9 et choisi par Dieu &#8211; hom\u00e9lie du dimanche 15 janvier 2023"},"content":{"rendered":"<div class=\"wp-block-image\">\n<figure class=\"alignleft\"><img loading=\"lazy\" decoding=\"async\" width=\"63\" height=\"32\" src=\"https:\/\/eglise-visitation-dijon.net\/w3\/wp-content\/uploads\/2021\/01\/boutons-2.jpg\" alt=\"\" class=\"wp-image-7495\"\/><\/figure>\n<\/div>\n\n\n<p><em><a href=\"http:\/\/eglise-visitation-dijon.net\/w2\/homelies\/Homelie-15-janvier-2023-JM\" target=\"_blank\" rel=\"noreferrer noopener\">t\u00e9l\u00e9charger au format pdf<\/a><\/em><\/p>\n\n\n\n<p class=\"has-text-align-right\"><a href=\"http:\/\/levangileauquotidien.org\/FR\/gospel\/2023-01-15\" target=\"_blank\" rel=\"noreferrer noopener\">Les lectures du jour<\/a><\/p>\n\n\n\n<p class=\"has-black-color has-text-color\" style=\"font-size:22px\"><strong>Red\u00e9couvrir la gr\u00e2ce d\u2019\u00eatre aim\u00e9 et choisi par Dieu<\/strong><\/p>\n\n\n\n<p class=\"has-black-color has-text-color has-medium-font-size\">Chers amis, chers fr\u00e8res et s\u0153urs,<\/p>\n\n\n\n<p class=\"has-black-color has-text-color has-medium-font-size\">Je voudrais vous parler ce soir (ce matin) d\u2019une chose importante. Je suis s\u00fbr que c\u2019est quelque chose qui va vous int\u00e9resser. C\u2019est vrai que je ne vais pas vous proposer une affaire qui vous permettra de rentrer chez vous avec un ch\u00e8que de 30.000 euros. Ce que je vais vous dire n\u2019est pas sur le m\u00eame plan. Mais c\u2019est aussi important qu\u2019un gros ch\u00e8que. Je voudrais vous parler d\u2019amour. C\u2019est s\u00fbr qu\u2019il y en a parmi vous qui se disent&nbsp;: l\u2019amour oh si tu savais&nbsp;! Ou encore \u00ab&nbsp;tu vas nous chanter la bonne vieille chanson catho, de \u00ab&nbsp;Dieu vous aime, Dieu est amour&nbsp;\u00bb. Et pourtant, il bien vrai que Dieu est amour et qu\u2019il nous aime inconditionnellement.<\/p>\n\n\n\n<p class=\"has-black-color has-text-color has-medium-font-size\">Je voudrais vous parler d\u2019amour et d\u2019\u00e9lection. Pas d\u2019\u00e9lection de d\u00e9put\u00e9 ou de pr\u00e9sident de la R\u00e9publique, mais d\u2019\u00e9lection divine. Alors c\u2019est quoi cette histoire d\u2019amour et d\u2019\u00e9lection divine&nbsp;? C\u2019est ce qui se passe dans les textes de la liturgie de ce dimanche. Dans la premi\u00e8re lecture, le proph\u00e8te Isa\u00efe donne la parole \u00e0 un Serviteur de Dieu choisi pour \u00eatre la lumi\u00e8re des nations. Voici ce que dit ce serviteur&nbsp;: \u00ab&nbsp;Maintenant le Seigneur parle, Lui qui m\u2019a fa\u00e7onn\u00e9 d\u00e8s le sein de ma m\u00e8re pour que je sois son serviteur. Oui j\u2019ai de la valeur aux yeux du Seigneur, c\u2019est mon Dieu qui est ma force. Il m\u2019a dit&nbsp;: C\u2019est trop peu pour que tu sois mon serviteur, je fais de toi la lumi\u00e8re des nations&nbsp;\u00bb. S\u2019il n\u2019y a pas trop de poussi\u00e8re sur votre Bible (Passez un coup de chiffon s\u2019il y en a), n\u2019h\u00e9sitez pas \u00e0 l\u2019ouvrir et \u00e0 lire enti\u00e8rement ce chapitre 49 du livre du Proph\u00e8te Isa\u00efe. L\u2019Ancien Testament ne montre pas forc\u00e9ment un visage de Dieu guerrier et vengeur comme on le pense souvent. Plus loin dans ce texte on peut lire&nbsp;ceci&nbsp;: \u00ab&nbsp;Une femme peut-elle oublier son nourrisson, ne plus avoir de tendresse pour le fils de ses entrailles&nbsp;? M\u00eame si elle l\u2019oubliait, moi je ne t\u2019oublierai pas. Car je t\u2019ai grav\u00e9 dans les paumes de mes mains.&nbsp;\u00bb.<\/p>\n\n\n\n<p class=\"has-black-color has-text-color has-medium-font-size\">Il est clair que Dieu est passionn\u00e9ment amoureux de ce serviteur. Et qu\u2019il l\u2019a \u00e9lu, c\u2019est-\u00e0-dire choisi. Pour nous aujourd\u2019hui, ce serviteur qui est la lumi\u00e8re des nations pr\u00e9sente une grande similitude avec J\u00e9sus. Et m\u00eame si le texte d\u2019Isa\u00efe l\u2019assimile \u00e0 tout le peuple d\u2019Isra\u00ebl, les Paroles de Jean Baptiste dans l\u2019\u00c9vangile nous disent que c\u2019est bien de J\u00e9sus qu\u2019il s\u2019agit. D\u2019ailleurs, c\u2019est en lui et pour lui que Isra\u00ebl a \u00e9t\u00e9 choisi. Jean Baptiste t\u00e9moignage que J\u00e9sus est l\u2019\u00e9lu, l\u2019agneau de Dieu, celui qui a re\u00e7u la totalit\u00e9 et la pl\u00e9nitude de l\u2019amour de Dieu, celui sur qui repose l\u2019Esprit du P\u00e8re. Jean Baptiste dit&nbsp;: \u00ab&nbsp;tout ce que j\u2019ai fait, je l\u2019ai fait pour lui, pour qu\u2019il soit manifest\u00e9&nbsp;\u00bb. Et il ajoute : je l\u2019ai reconnu moi-m\u00eame parce que j\u2019ai vu l\u2019Esprit descendre et demeurer sur lui. Et contrairement \u00e0 moi, Lui vous baptisera dans l\u2019Esprit Saint.<\/p>\n\n\n\n<p class=\"has-black-color has-text-color has-medium-font-size\">Chers amis, le bapt\u00eame dans l\u2019Esprit Saint est la gr\u00e2ce extraordinaire que nous recevons au jour de notre Bapt\u00eame. Ce n\u2019est pas un autre bapt\u00eame. Mais c\u2019est la prise de conscience profonde du feu d\u2019amour qui est allum\u00e9 en nous et qui parfois ne br\u00fble pas assez parce que recouvert de cendre. C\u2019est le fait de partager et de vivre la vie de J\u00e9sus. C\u2019est-\u00e0-dire la gr\u00e2ce d\u2019\u00eatre aim\u00e9 et choisi de la m\u00eame mani\u00e8re que Lui. C\u2019est une gr\u00e2ce dont il nous faut constamment prendre conscience et qu\u2019il faut mettre \u00e0 jour en entretenant la lumi\u00e8re que nous avons re\u00e7ue \u00e0 l\u2019int\u00e9rieur de nous au jour de notre Bapt\u00eame. Depuis ce jour de notre bapt\u00eame, Dieu le p\u00e8re en nous regardant, voit son Fils J\u00e9sus. Et il nous dit les m\u00eames paroles que nous avons entendues dans la premi\u00e8re lecture&nbsp;: <em>je t\u2019ai d\u00e9sir\u00e9 depuis toujours, je t\u2019aime d\u2019un amour infini. Tu as de la valeur \u00e0 mes yeux. J\u2019ai grav\u00e9 ton nom dans la paume de mes mains. C\u2019est trop peu que tu sois mon serviteur ou ma servante, je fais de toi la lumi\u00e8re des nations. <\/em><em>Sois porteur de cette lumi\u00e8re.<\/em><\/p>\n\n\n\n<p class=\"has-black-color has-text-color has-medium-font-size\">Fr\u00e8res et s\u0153urs, se savoir ainsi aim\u00e9, \u00e9lu et choisi pour porter Dieu au monde, c\u2019est plus que gagner au loto. C\u2019est vivre de la vie de Dieu. Aimer de l\u2019amour dont il a aim\u00e9 et briller de sa lumi\u00e8re. Je nous souhaite \u00e0 tous de red\u00e9couvrir et de vivre profond\u00e9ment la gr\u00e2ce de notre Bapt\u00eame. D\u2019y trouver notre joie et notre bonheur. Amen<\/p>\n\n\n\n<p class=\"has-medium-font-size\"><em>Judica\u00ebl Mitokpey, Vicaire<br>15 janvier 2023<\/em><\/p>\n","protected":false},"excerpt":{"rendered":"<p>se savoir ainsi aim\u00e9, \u00e9lu et choisi pour porter Dieu au monde, c\u2019est plus que gagner au loto. C\u2019est vivre de la vie de Dieu &#8230;<\/p>\n","protected":false},"author":1,"featured_media":0,"comment_status":"closed","ping_status":"closed","sticky":false,"template":"","format":"standard","meta":{"footnotes":""},"categories":[3],"tags":[],"class_list":["post-10809","post","type-post","status-publish","format-standard","hentry","category-paroles-de-vie"],"_links":{"self":[{"href":"https:\/\/eglise-visitation-dijon.net\/w3\/wp-json\/wp\/v2\/posts\/10809","targetHints":{"allow":["GET"]}}],"collection":[{"href":"https:\/\/eglise-visitation-dijon.net\/w3\/wp-json\/wp\/v2\/posts"}],"about":[{"href":"https:\/\/eglise-visitation-dijon.net\/w3\/wp-json\/wp\/v2\/types\/post"}],"author":[{"embeddable":true,"href":"https:\/\/eglise-visitation-dijon.net\/w3\/wp-json\/wp\/v2\/users\/1"}],"replies":[{"embeddable":true,"href":"https:\/\/eglise-visitation-dijon.net\/w3\/wp-json\/wp\/v2\/comments?post=10809"}],"version-history":[{"count":2,"href":"https:\/\/eglise-visitation-dijon.net\/w3\/wp-json\/wp\/v2\/posts\/10809\/revisions"}],"predecessor-version":[{"id":10816,"href":"https:\/\/eglise-visitation-dijon.net\/w3\/wp-json\/wp\/v2\/posts\/10809\/revisions\/10816"}],"wp:attachment":[{"href":"https:\/\/eglise-visitation-dijon.net\/w3\/wp-json\/wp\/v2\/media?parent=10809"}],"wp:term":[{"taxonomy":"category","embeddable":true,"href":"https:\/\/eglise-visitation-dijon.net\/w3\/wp-json\/wp\/v2\/categories?post=10809"},{"taxonomy":"post_tag","embeddable":true,"href":"https:\/\/eglise-visitation-dijon.net\/w3\/wp-json\/wp\/v2\/tags?post=10809"}],"curies":[{"name":"wp","href":"https:\/\/api.w.org\/{rel}","templated":true}]}}