{"id":10944,"date":"2023-02-19T21:48:20","date_gmt":"2023-02-19T20:48:20","guid":{"rendered":"http:\/\/eglise-visitation-dijon.net\/w3\/?p=10944"},"modified":"2024-11-04T11:22:04","modified_gmt":"2024-11-04T10:22:04","slug":"tendre-la-joue-homelie-du-dimanche-19-fevrier-2023","status":"publish","type":"post","link":"https:\/\/eglise-visitation-dijon.net\/w3\/tendre-la-joue-homelie-du-dimanche-19-fevrier-2023\/","title":{"rendered":"Tendre la joue &#8211; hom\u00e9lie du dimanche 19 f\u00e9vrier 2023"},"content":{"rendered":"<div class=\"wp-block-image\">\n<figure class=\"alignleft\"><img loading=\"lazy\" decoding=\"async\" width=\"63\" height=\"32\" src=\"https:\/\/eglise-visitation-dijon.net\/w3\/wp-content\/uploads\/2021\/01\/boutons-2.jpg\" alt=\"\" class=\"wp-image-7495\"\/><\/figure>\n<\/div>\n\n\n<p><em><a href=\"http:\/\/eglise-visitation-dijon.net\/w2\/homelies\/Homelie-19-fevrier-2023-SM\" target=\"_blank\" rel=\"noreferrer noopener\">t\u00e9l\u00e9charger au format pdf<\/a><\/em><\/p>\n\n\n\n<p class=\"has-text-align-right\"><a href=\"http:\/\/levangileauquotidien.org\/FR\/gospel\/2023-02-19\" target=\"_blank\" rel=\"noreferrer noopener\">Les lectures du jour<\/a><\/p>\n\n\n\n<p class=\"has-black-color has-text-color\" style=\"font-size:22px\"><strong>Tendre la joue<\/strong><\/p>\n\n\n\n<p class=\"has-black-color has-text-color has-medium-font-size\">\u00ab&nbsp;Vous donc vous serez parfaits, comme votre P\u00e8re c\u00e9leste est parfait&nbsp;\u00bb Voil\u00e0, \u00e7a c\u2019est dit&nbsp;!<\/p>\n\n\n\n<p class=\"has-black-color has-text-color has-medium-font-size\">Matthieu conclut son 5\u00e8me chapitre avec cette parole de J\u00e9sus&nbsp;: ce n\u2019est pas une demande de sa part, mais une constatation&nbsp;: \u00ab&nbsp;Vous donc vous serez parfaits, comme votre P\u00e8re c\u00e9leste est parfait&nbsp;\u00bb . Il nous en sait capable.<\/p>\n\n\n\n<p class=\"has-black-color has-text-color has-medium-font-size\">Ce chapitre 5 commence par les b\u00e9atitudes&nbsp;: \u00ab&nbsp;heureux sommes nous d\u2019\u00eatre ce que nous sommes&nbsp;: des enfants de Dieu&nbsp;\u00bb avec nos joies et nos peines. En tant qu\u2019enfants de Dieu, nous devons \u00eatre des t\u00e9moins, ses t\u00e9moins&nbsp;: des lumi\u00e8res pour les hommes, ce sel qui donne de la saveur \u00e0 la vie, \u00e0 l\u2019humanit\u00e9. Et J\u00e9sus annonce le programme&nbsp;: \u00ab&nbsp;je ne suis pas venu abolir la Loi et les proph\u00e8tes, mais l\u2019accomplir&nbsp;\u00bb et il nous montre le chemin \u00e0 suivre et nous explique en d\u00e9tail comment nous devons mettre en pratique la Loi et les proph\u00e8tes.<\/p>\n\n\n\n<p class=\"has-black-color has-text-color has-medium-font-size\">\u00ab&nbsp;Vous avez appris&nbsp;que&#8230;\u00bb, eh bien \u00ab&nbsp;mais moi je vous dis que&#8230;&nbsp;\u00bb, pas pour dire le contraire, mais pour pr\u00e9ciser les choses, pour aller au-del\u00e0 de ce que l\u2019on a envie d\u2019entendre. Quand on prend la premi\u00e8re lecture, on entend les m\u00eames choses que dans l\u2019\u00c9vangile&nbsp;: \u00ab&nbsp;tu ne ha\u00efras pas ton fr\u00e8re dans ton c\u0153ur\u2026 Tu ne te vengeras pas\u2026 Tu ne garderas pas rancune contre les fils de ton peuple. Tu aimeras ton prochain comme toi-m\u00eame&nbsp;\u00bb&nbsp;: On vous as appris, on vous a dit tout cela, on vous a dit de suivre et de faire tout cela, mais que nous dit J\u00e9sus aujourd\u2019hui&nbsp;?: Il nous demande de d\u00e9placer les lignes, d\u2019appliquer ces bonnes paroles non seulement \u00ab&nbsp;aux fils de ton peuple&nbsp;\u00bb mais \u00e9galement \u00e0 nos ennemis&nbsp;: notre prochain. L\u00e0, il faut avouer que cela devient plus compliqu\u00e9&nbsp;: \u00ab&nbsp;Si quelqu\u2019un te gifle sur la joue droite, tends-lui encore l\u2019autre&nbsp;\u00bb Pas simple&nbsp;! J\u2019avais entendu comme explication \u00e0 cette parole de J\u00e9sus que si une personne, en face de vous, vous donne une gifle sur la joue droite, elle le faisait avec le revers de la main et que le fait de lui pr\u00e9senter l\u2019autre joue, on s\u2019exposait au plat de sa main qui sert le plus souvent \u00e0 caresser, qui invite \u00e0 un geste de tendresse,( d\u2019ailleurs J\u00e9sus ne dit pas que l\u2019on recevra une deuxi\u00e8me gifle sur cette joue)&nbsp;: on donne ainsi la possibilit\u00e9 \u00e0 l\u2019autre de \u00ab&nbsp;demander pardon&nbsp;\u00bb en quelque sorte. On ouvre la porte au repentir de l\u2019autre.<\/p>\n\n\n\n<p class=\"has-black-color has-text-color has-medium-font-size\">Toutes ces invitations de J\u00e9sus ouvrent en quelque sorte la porte \u00e0 un mieux, \u00e0 un meilleur. Faire mille pas de plus&nbsp;: pas pour le plaisir de faire mille pas de plus, mais les faire avec l\u2019autre. \u00ab&nbsp;fais-en deux milles avec lui&nbsp;\u00bb. \u00ab&nbsp;Tu aimeras ton prochain et tu ha\u00efras ton ennemi. Eh bien&nbsp;! Moi, je vous dis&nbsp;: aimez vos ennemis, et priez pour ceux qui vous pers\u00e9cutent&nbsp;\u00bb&nbsp;:<\/p>\n\n\n\n<p class=\"has-black-color has-text-color has-medium-font-size\">Voil\u00e0 un an que la guerre fait rage en Ukraine&nbsp;: faut-il couper les ponts des n\u00e9gociations pour autant avec Poutine&nbsp;? Le choix n\u2019est pas simple, mais s\u2019il n\u2019y a plus de place pour le dialogue&nbsp;: comment fait-on pour trouver une issue&nbsp;? Il faut priez pour les victimes de cette guerre et \u00e9galement priez pour lui, pour le faire revenir \u00e0 la raison. Et puis honn\u00eatement, on est pas toujours du bon c\u00f4t\u00e9&nbsp;: Pour mes \u00ab&nbsp;ennemis&nbsp;\u00bb, le mot est fort, mais pour mes \u00ab&nbsp;ennemis&nbsp;\u00bb&nbsp;: je suis moi-m\u00eame leur ennemi. Est-ce que je peux me regarder dans la glace le matin et me dire que je suis l\u2019ennemi de personne&nbsp;? Non, sinc\u00e8rement je ne crois pas&nbsp;!<\/p>\n\n\n\n<p class=\"has-black-color has-text-color has-medium-font-size\">Saint Paul nous ram\u00e8ne \u00e0 cette r\u00e9alit\u00e9\u00a0: \u00ab\u00a0Que personne ne s\u2019y trompe\u00a0: si quelqu\u2019un parmi vous pense \u00eatre sage \u00e0 la mani\u00e8re d\u2019ici bas, qu\u2019il devienne fou pour devenir sage. Car la sagesse de ce monde est folie devant Dieu\u00a0\u00bb. Et Audiard de rajouter\u00a0: \u00ab\u00a0Dieu aime les f\u00eal\u00e9s car ils laissent passer la lumi\u00e8re\u00a0\u00bb. C\u2019est ce que nous demande J\u00e9sus dans cet \u00c9vangile\u00a0: d\u2019\u00eatre fou pour laisser passer la lumi\u00e8re, cette lumi\u00e8re d\u2019Amour, \u00ab\u00a0l\u2019Esprit de Dieu qui habite en nous\u00a0\u00bb.<\/p>\n\n\n\n<p class=\"has-black-color has-text-color has-medium-font-size\">Fr\u00e8res et s\u0153urs, nous connaissons le programme&nbsp;: il est simple en somme, \u00e0 chacun de nous de trouver les ressorts, la force d\u2019aller au-del\u00e0 de nos peurs, de nos principes, de nos ranc\u0153urs et de nos blessures. La semaine prochaine, nous allons entrer en car\u00eame, ce sera l\u2019occasion d\u2019avancer un peu plus vers cette lumi\u00e8re.<\/p>\n\n\n\n<p class=\"has-black-color has-text-color has-medium-font-size\">\u00c9coutons notre c\u0153ur, r\u00e9entendons ces mots de Mo\u00efse dans le Deut\u00e9ronome&nbsp;: \u00ab&nbsp;Elle est tout pr\u00e8s de toi, cette Parole, elle est dans ta bouche et dans ton c\u0153ur, afin que tu la mettes en pratique&nbsp;\u00bb.<\/p>\n\n\n\n<p class=\"has-black-color has-text-color has-medium-font-size\">Comme je vous l\u2019ai dit au d\u00e9but de cette hom\u00e9lie, J\u00e9sus nous en sait capable : \u00ab&nbsp;Nous serons donc parfaits, comme notre P\u00e8re c\u00e9leste est parfait&nbsp;\u00bb<\/p>\n\n\n\n<p class=\"has-black-color has-text-color has-medium-font-size\"><em>St\u00e9phane Marion, Diacre<br>19 f\u00e9vrier 2023<\/em><\/p>\n","protected":false},"excerpt":{"rendered":"<p>\u00ab\u00a0Vous donc vous serez parfaits, comme votre P\u00e8re c\u00e9leste est parfait\u00a0\u00bb Voil\u00e0, \u00e7a c\u2019est dit\u00a0! &#8230;<\/p>\n","protected":false},"author":1,"featured_media":0,"comment_status":"closed","ping_status":"closed","sticky":false,"template":"","format":"standard","meta":{"footnotes":""},"categories":[3],"tags":[],"class_list":["post-10944","post","type-post","status-publish","format-standard","hentry","category-paroles-de-vie"],"_links":{"self":[{"href":"https:\/\/eglise-visitation-dijon.net\/w3\/wp-json\/wp\/v2\/posts\/10944","targetHints":{"allow":["GET"]}}],"collection":[{"href":"https:\/\/eglise-visitation-dijon.net\/w3\/wp-json\/wp\/v2\/posts"}],"about":[{"href":"https:\/\/eglise-visitation-dijon.net\/w3\/wp-json\/wp\/v2\/types\/post"}],"author":[{"embeddable":true,"href":"https:\/\/eglise-visitation-dijon.net\/w3\/wp-json\/wp\/v2\/users\/1"}],"replies":[{"embeddable":true,"href":"https:\/\/eglise-visitation-dijon.net\/w3\/wp-json\/wp\/v2\/comments?post=10944"}],"version-history":[{"count":1,"href":"https:\/\/eglise-visitation-dijon.net\/w3\/wp-json\/wp\/v2\/posts\/10944\/revisions"}],"predecessor-version":[{"id":10946,"href":"https:\/\/eglise-visitation-dijon.net\/w3\/wp-json\/wp\/v2\/posts\/10944\/revisions\/10946"}],"wp:attachment":[{"href":"https:\/\/eglise-visitation-dijon.net\/w3\/wp-json\/wp\/v2\/media?parent=10944"}],"wp:term":[{"taxonomy":"category","embeddable":true,"href":"https:\/\/eglise-visitation-dijon.net\/w3\/wp-json\/wp\/v2\/categories?post=10944"},{"taxonomy":"post_tag","embeddable":true,"href":"https:\/\/eglise-visitation-dijon.net\/w3\/wp-json\/wp\/v2\/tags?post=10944"}],"curies":[{"name":"wp","href":"https:\/\/api.w.org\/{rel}","templated":true}]}}