{"id":10996,"date":"2023-02-23T21:24:52","date_gmt":"2023-02-23T20:24:52","guid":{"rendered":"http:\/\/eglise-visitation-dijon.net\/w3\/?p=10996"},"modified":"2024-11-04T11:22:04","modified_gmt":"2024-11-04T10:22:04","slug":"mettre-tout-son-coeur-homelie-du-22-fevrier-2023-cendres","status":"publish","type":"post","link":"https:\/\/eglise-visitation-dijon.net\/w3\/mettre-tout-son-coeur-homelie-du-22-fevrier-2023-cendres\/","title":{"rendered":"Mettre tout son c\u0153ur &#8211; hom\u00e9lie du 22 f\u00e9vrier 2023 &#8211; Cendres"},"content":{"rendered":"<div class=\"wp-block-image\">\n<figure class=\"alignleft\"><img loading=\"lazy\" decoding=\"async\" width=\"63\" height=\"32\" src=\"https:\/\/eglise-visitation-dijon.net\/w3\/wp-content\/uploads\/2021\/01\/boutons-2.jpg\" alt=\"\" class=\"wp-image-7495\"\/><\/figure>\n<\/div>\n\n\n<p><em><a href=\"http:\/\/eglise-visitation-dijon.net\/w2\/homelies\/Homelie-22-fevrier-2023-Cendres\" target=\"_blank\" rel=\"noreferrer noopener\">t\u00e9l\u00e9charger au format pdf<\/a><\/em><\/p>\n\n\n\n<p class=\"has-text-align-right\"><a href=\"http:\/\/levangileauquotidien.org\/FR\/gospel\/2023-02-22\" target=\"_blank\" rel=\"noreferrer noopener\">Les lectures du jour<\/a><\/p>\n\n\n\n<h3 class=\"wp-block-heading\"><strong>Mettre tout son c\u0153ur<\/strong><\/h3>\n\n\n\n<p class=\"has-black-color has-text-color has-medium-font-size\">Samedi dernier, les fid\u00e8les pr\u00e9sents \u00e0 la messe pr\u00e9sid\u00e9e par Judica\u00ebl ont eu la chance de l&rsquo;entendre au moment des annonces parler du je\u00fbne et de l&rsquo;abstinence pr\u00e9conis\u00e9s pour ce temps du car\u00eame. Par des mots dignes d&rsquo;un P\u00e8re de l\u2019\u00c9glise il nous a invit\u00e9s non pas \u00e0 des exercices surhumains mais plut\u00f4t \u00e0 mettre tout notre c\u0153ur dans ce que chacun d\u00e9cidera. Il me semble qu&rsquo;il a vu juste, et que saint Matthieu qui nous rapporte l&rsquo;\u00e9vangile ce soir ne dit pas autre chose. L&rsquo;important n&rsquo;est pas de r\u00e9aliser des exploits visibles, dont on pourrait tirer orgueil, mais de vivre dans une communion vraie et profonde avec le Seigneur.<\/p>\n\n\n\n<p class=\"has-black-color has-text-color has-medium-font-size\">Je voudrais reprendre cette disposition du c\u0153ur et l&rsquo;appliquer \u00e0 ce qui guidera notre car\u00eame ici \u00e0 la Visitation, je veux parler de la rencontre&nbsp;: rencontre avec soi-m\u00eame, rencontre avec les autres, rencontre avec le Seigneur. Tout au long des dimanches la parole de Dieu nous pr\u00e9sentera des rencontres\u2026 ce qui laisse entendre que ce sont elles qui nous font avancer, qui sont d\u00e9terminantes dans la vie. Nous verrons alors que les rappels de J\u00e9sus entendus dans notre \u00e9vangile concernent aussi notre fa\u00e7on de vivre les rencontres&nbsp;: qu&rsquo;elles ne soient pas le moyen d&rsquo;une emprise sur l&rsquo;autre, sur sa libert\u00e9. Que ce soit une rencontre lib\u00e9r\u00e9e de la volont\u00e9 d&rsquo;accaparer, de prendre possession de l&rsquo;autre. En quelque sorte une gratuit\u00e9 dans nos \u00e9changes. Comme d&rsquo;ailleurs dans l&rsquo;aum\u00f4ne, le partage&nbsp;:&nbsp;\u00ab&nbsp;que ta main gauche ignore ce que donne ta main droite&nbsp;\u00bb. Ou bien que ton je\u00fbne ou ta pri\u00e8re ne soient pas une fa\u00e7on de te glorifier aux yeux des autres&nbsp;!<\/p>\n\n\n\n<p class=\"has-black-color has-text-color has-medium-font-size\">Vous le constatez&nbsp;: nous sommes loin d&rsquo;exercices de hautes performances, h\u00e9ro\u00efques. Nous sommes invit\u00e9s \u00e0 retrouver la chance d&rsquo;une disposition du c\u0153ur pour un dialogue vrai avec nous-m\u00eame, avec les autres, avec Dieu. Le c\u0153ur, nous y revenons&nbsp;: d\u00e9barrassons-nous de ce c\u0153ur de pierre pour accueillir le c\u0153ur de chair que Dieu nous donne. Et vivons notre car\u00eame avec un c\u0153ur sinc\u00e8re.<\/p>\n\n\n\n<p class=\"has-medium-font-size\"><em>Andr\u00e9 Jobard<br>22 d\u00e9cembre 2023 &#8211; Cendres<\/em><\/p>\n","protected":false},"excerpt":{"rendered":"<p>Nous sommes invit\u00e9s \u00e0 retrouver la chance d&rsquo;une disposition du c\u0153ur pour un dialogue vrai avec nous-m\u00eame, avec les autres, avec Dieu &#8230;<\/p>\n","protected":false},"author":1,"featured_media":0,"comment_status":"closed","ping_status":"closed","sticky":false,"template":"","format":"standard","meta":{"footnotes":""},"categories":[3],"tags":[],"class_list":["post-10996","post","type-post","status-publish","format-standard","hentry","category-paroles-de-vie"],"_links":{"self":[{"href":"https:\/\/eglise-visitation-dijon.net\/w3\/wp-json\/wp\/v2\/posts\/10996","targetHints":{"allow":["GET"]}}],"collection":[{"href":"https:\/\/eglise-visitation-dijon.net\/w3\/wp-json\/wp\/v2\/posts"}],"about":[{"href":"https:\/\/eglise-visitation-dijon.net\/w3\/wp-json\/wp\/v2\/types\/post"}],"author":[{"embeddable":true,"href":"https:\/\/eglise-visitation-dijon.net\/w3\/wp-json\/wp\/v2\/users\/1"}],"replies":[{"embeddable":true,"href":"https:\/\/eglise-visitation-dijon.net\/w3\/wp-json\/wp\/v2\/comments?post=10996"}],"version-history":[{"count":1,"href":"https:\/\/eglise-visitation-dijon.net\/w3\/wp-json\/wp\/v2\/posts\/10996\/revisions"}],"predecessor-version":[{"id":10997,"href":"https:\/\/eglise-visitation-dijon.net\/w3\/wp-json\/wp\/v2\/posts\/10996\/revisions\/10997"}],"wp:attachment":[{"href":"https:\/\/eglise-visitation-dijon.net\/w3\/wp-json\/wp\/v2\/media?parent=10996"}],"wp:term":[{"taxonomy":"category","embeddable":true,"href":"https:\/\/eglise-visitation-dijon.net\/w3\/wp-json\/wp\/v2\/categories?post=10996"},{"taxonomy":"post_tag","embeddable":true,"href":"https:\/\/eglise-visitation-dijon.net\/w3\/wp-json\/wp\/v2\/tags?post=10996"}],"curies":[{"name":"wp","href":"https:\/\/api.w.org\/{rel}","templated":true}]}}