{"id":11138,"date":"2023-03-26T12:51:35","date_gmt":"2023-03-26T10:51:35","guid":{"rendered":"http:\/\/eglise-visitation-dijon.net\/w3\/?p=11138"},"modified":"2024-11-04T11:21:36","modified_gmt":"2024-11-04T10:21:36","slug":"jn-11-35-homelie-du-dimanche-26-mars-2023","status":"publish","type":"post","link":"https:\/\/eglise-visitation-dijon.net\/w3\/jn-11-35-homelie-du-dimanche-26-mars-2023\/","title":{"rendered":"Jn 11, 35 &#8211; hom\u00e9lie du dimanche 26 mars 2023"},"content":{"rendered":"<div class=\"wp-block-image\">\n<figure class=\"alignleft\"><img loading=\"lazy\" decoding=\"async\" width=\"63\" height=\"32\" src=\"https:\/\/eglise-visitation-dijon.net\/w3\/wp-content\/uploads\/2021\/01\/boutons-2.jpg\" alt=\"\" class=\"wp-image-7495\"\/><\/figure>\n<\/div>\n\n\n<p><em><a href=\"http:\/\/eglise-visitation-dijon.net\/w2\/homelies\/Homelie-26-mars-2023-VB\" target=\"_blank\" rel=\"noreferrer noopener\">t\u00e9l\u00e9charger au format pdf<\/a><\/em><\/p>\n\n\n\n<p class=\"has-text-align-right\"><a href=\"http:\/\/levangileauquotidien.org\/FR\/gospel\/2023-03-26\" target=\"_blank\" rel=\"noreferrer noopener\">Les lectures du jour<\/a><\/p>\n\n\n\n<p><\/p>\n\n\n\n<p class=\"has-black-color has-text-color has-medium-font-size\">Connaissez-vous Robert Estienne ? C&rsquo;est l&rsquo;imprimeur qui a d\u00e9coup\u00e9 en versets le Nouveau Testament pour favoriser le rep\u00e9rage et les \u00e9changes entre les lecteurs. Exemple : je dis \u00ab\u00a0Luc&nbsp;20,&nbsp;25\u00a0\u00bb et chacun pense \u00ab\u00a0<em>Rendez \u00e0 C\u00e9sar ce qui est \u00e0 C\u00e9sar et \u00e0 Dieu ce qui est \u00e0 Dieu<\/em>\u00ab\u00a0. \u00c7a marche aussi \u00e0 l&rsquo;envers : je dis<em> \u00ab\u00a0Commencement de l&rsquo;Evangile de J\u00e9sus-Christ Fils de Dieu\u00a0\u00bb<\/em>, chacun r\u00e9pond \u00ab\u00a0Marc chapitre&nbsp;1, verset&nbsp;1\u00a0\u00bb.<\/p>\n\n\n<div class=\"wp-block-image\">\n<figure class=\"alignleft size-full is-resized\"><img loading=\"lazy\" decoding=\"async\" src=\"https:\/\/eglise-visitation-dijon.net\/w3\/wp-content\/uploads\/2023\/03\/image-1.png\" alt=\"\" class=\"wp-image-11142\" width=\"158\" height=\"158\" srcset=\"https:\/\/eglise-visitation-dijon.net\/w3\/wp-content\/uploads\/2023\/03\/image-1.png 225w, https:\/\/eglise-visitation-dijon.net\/w3\/wp-content\/uploads\/2023\/03\/image-1-150x150.png 150w\" sizes=\"auto, (max-width: 158px) 100vw, 158px\" \/><\/figure>\n<\/div>\n\n\n<p class=\"has-black-color has-text-color has-medium-font-size\">Apprendre la Bible par c\u0153ur, ce n&rsquo;est pas facile ! Il y a 31000&nbsp;versets. Conseil d&rsquo;ami&nbsp;: commencez par le plus court. Il est nich\u00e9 dans l&rsquo;\u00e9vangile de Jean, au milieu du chapitre&nbsp;11, le chapitre du milieu, celui que nous venons de lire. C&rsquo;est le verset&nbsp;35&nbsp;: \u00ab\u00a0<em>J\u00e9sus pleura<\/em>\u00ab\u00a0, en latin \u00ab\u00a0<em>Et lacrimatus est Iesus<\/em>.\u00a0\u00bb<\/p>\n\n\n\n<p class=\"has-black-color has-text-color has-medium-font-size\">Robert Estienne \u00e9tait imprimeur mais aussi chr\u00e9tien et humaniste. Je le soup\u00e7onne donc d&rsquo;avoir \u00e9t\u00e9 \u00e9mu en lisant ce chapitre et d&rsquo;avoir sciemment mis cette phrase en relief dans ce petit verset.<\/p>\n\n\n\n<p class=\"has-black-color has-text-color has-medium-font-size\">\u00ab\u00a0<em>J\u00e9sus pleura.<\/em>\u00a0\u00bb Les larmes de J\u00e9sus sont le d\u00e9versoir du trop-plein de sa compassion, cette couleur que prend l&rsquo;amour quand on partage le chagrin des autres. Ce n&rsquo;est pas tant la mort de Lazare qui le fait pleurer que le chagrin, les larmes de ses amis juifs et surtout celles de Marie, l&rsquo;amie si proche qu&rsquo;elle avait os\u00e9 essuy\u00e9 avec ses cheveux le parfum r\u00e9pandu sur ses pieds, l&rsquo;amie dont il doit maintenant essuyer les larmes.<\/p>\n\n\n\n<p class=\"has-black-color has-text-color has-medium-font-size\">\u00ab\u00a0<em>J\u00e9sus pleura.<\/em>\u00a0\u00bb Dans l&rsquo;Evangile J\u00e9sus ne cesse de nous r\u00e9v\u00e9ler son P\u00e8re. Aujourd&rsquo;hui ses larmes donnent du corps \u00e0 la tendresse de ce P\u00e8re, tendresse si souvent chant\u00e9e par les psalmistes. Dieu tendresse pleure avec ceux qui souffrent. Il ne pla\u00eet pas \u00e0 Dieu que les Hommes souffrent.<\/p>\n\n\n\n<p class=\"has-black-color has-text-color has-medium-font-size\">Comme J\u00e9sus, nous sommes parfois confront\u00e9s \u00e0 la maladie et \u00e0 la mort d&rsquo;un ami. J\u00e9sus conna\u00eet les \u00e9motions qui, alors, se succ\u00e8dent ou se bousculent en nous. Il les a v\u00e9cues.<\/p>\n\n\n\n<p class=\"has-black-color has-text-color has-medium-font-size\">Lui qui a mis deux jours \u00e0 se d\u00e9cider, il conna\u00eet, comme nous, l&rsquo;h\u00e9sitation \u00e0 l&rsquo;annonce de la maladie d&rsquo;un ami \u2212 J&rsquo;y vais ou j&rsquo;attends. Apr\u00e8s tout \u00ab\u00a0<em>cette maladie ne conduit pas \u00e0 la mort<\/em>\u00a0\u00bb \u2013 h\u00e9sitation qui peut nous faire arriver trop tard.<\/p>\n\n\n\n<p class=\"has-black-color has-text-color has-medium-font-size\">Il a senti la col\u00e8re de Marie qui lui reproche sa responsabilit\u00e9 \u00ad\u00ad\u2013 \u00ab\u00a0<em>Si tu avais \u00e9t\u00e9 ici, mon fr\u00e8re ne serait pas mort<\/em>\u00a0\u00bb \u2013 responsabilit\u00e9 que l&rsquo;on attribue parfois au corps m\u00e9dical.<\/p>\n\n\n\n<p class=\"has-black-color has-text-color has-medium-font-size\">Comme nous, il a connu l&rsquo;odeur du d\u00e9positoire.<\/p>\n\n\n\n<p class=\"has-black-color has-text-color has-medium-font-size\">Il a entendu les doutes des voisins sur sa puissance du Christ : \u00ab\u00a0<em>Lui qui a ouvert les yeux de l&rsquo;aveugle, ne pouvait-il pas emp\u00eacher Lazare de mourir ?\u00a0\u00bb<\/em> \u2013 interrogations que l&rsquo;on entend aujourd&rsquo;hui sous la forme : \u00ab\u00a0Si Dieu existe, pourquoi permet-il la souffrance la mort ?\u00a0\u00bb<\/p>\n\n\n\n<p class=\"has-black-color has-text-color has-medium-font-size\">Il a aussi entendu des paroles d&rsquo;esp\u00e9rance : \u00ab\u00a0<em>Tout ce que tu demanderas \u00e0 Dieu, il te l&rsquo;accordera\u00a0\u00bb<\/em> et des paroles de Foi \u00ab\u00a0<em>Je sais qu&rsquo;il ressuscitera le dernier jour<\/em>\u00ab\u00a0.<\/p>\n\n\n\n<p class=\"has-black-color has-text-color has-medium-font-size\"><a><\/a> Toutes ces \u00e9motions, entendues ou v\u00e9cues par J\u00e9sus au moment de la mort de Lazare, les \u00e9quipes d&rsquo;accompagnement au deuil les rep\u00e8rent dans la voix des familles des d\u00e9funts. J\u00e9sus a vraiment partag\u00e9 notre humanit\u00e9. S&rsquo;il nous arrive, quand nous sommes devant la maladie ou la mort, de douter de la tendresse de Dieu, nous pouvons murmurer Jean chapitre&nbsp;11, verset&nbsp;35 : \u00ab\u00a0<em>J\u00e9sus pleura.<\/em>\u00ab\u00a0<\/p>\n\n\n\n<p class=\"has-black-color has-text-color has-medium-font-size\"><em>Vincent Boggio<br>26 mars 2023<\/em><\/p>\n","protected":false},"excerpt":{"rendered":"<p>\u00ab\u00a0J\u00e9sus pleura\u00a0\u00bb &#8230;<\/p>\n","protected":false},"author":1,"featured_media":11142,"comment_status":"closed","ping_status":"closed","sticky":false,"template":"","format":"standard","meta":{"footnotes":""},"categories":[3],"tags":[],"class_list":["post-11138","post","type-post","status-publish","format-standard","has-post-thumbnail","hentry","category-paroles-de-vie"],"_links":{"self":[{"href":"https:\/\/eglise-visitation-dijon.net\/w3\/wp-json\/wp\/v2\/posts\/11138","targetHints":{"allow":["GET"]}}],"collection":[{"href":"https:\/\/eglise-visitation-dijon.net\/w3\/wp-json\/wp\/v2\/posts"}],"about":[{"href":"https:\/\/eglise-visitation-dijon.net\/w3\/wp-json\/wp\/v2\/types\/post"}],"author":[{"embeddable":true,"href":"https:\/\/eglise-visitation-dijon.net\/w3\/wp-json\/wp\/v2\/users\/1"}],"replies":[{"embeddable":true,"href":"https:\/\/eglise-visitation-dijon.net\/w3\/wp-json\/wp\/v2\/comments?post=11138"}],"version-history":[{"count":3,"href":"https:\/\/eglise-visitation-dijon.net\/w3\/wp-json\/wp\/v2\/posts\/11138\/revisions"}],"predecessor-version":[{"id":11144,"href":"https:\/\/eglise-visitation-dijon.net\/w3\/wp-json\/wp\/v2\/posts\/11138\/revisions\/11144"}],"wp:featuredmedia":[{"embeddable":true,"href":"https:\/\/eglise-visitation-dijon.net\/w3\/wp-json\/wp\/v2\/media\/11142"}],"wp:attachment":[{"href":"https:\/\/eglise-visitation-dijon.net\/w3\/wp-json\/wp\/v2\/media?parent=11138"}],"wp:term":[{"taxonomy":"category","embeddable":true,"href":"https:\/\/eglise-visitation-dijon.net\/w3\/wp-json\/wp\/v2\/categories?post=11138"},{"taxonomy":"post_tag","embeddable":true,"href":"https:\/\/eglise-visitation-dijon.net\/w3\/wp-json\/wp\/v2\/tags?post=11138"}],"curies":[{"name":"wp","href":"https:\/\/api.w.org\/{rel}","templated":true}]}}