{"id":11246,"date":"2023-04-07T13:41:12","date_gmt":"2023-04-07T11:41:12","guid":{"rendered":"http:\/\/eglise-visitation-dijon.net\/w3\/?p=11246"},"modified":"2024-11-04T11:21:05","modified_gmt":"2024-11-04T10:21:05","slug":"jai-soif-homelie-du-vendredi-saint-6-avril-2023","status":"publish","type":"post","link":"https:\/\/eglise-visitation-dijon.net\/w3\/jai-soif-homelie-du-vendredi-saint-6-avril-2023\/","title":{"rendered":"J&rsquo;ai soif &#8211; hom\u00e9lie du Vendredi Saint &#8211; 7 avril 2023"},"content":{"rendered":"<div class=\"wp-block-image\">\n<figure class=\"alignleft\"><img loading=\"lazy\" decoding=\"async\" width=\"63\" height=\"32\" src=\"https:\/\/eglise-visitation-dijon.net\/w3\/wp-content\/uploads\/2021\/01\/boutons-2.jpg\" alt=\"\" class=\"wp-image-7495\"\/><\/figure>\n<\/div>\n\n\n<p><em><a href=\"http:\/\/eglise-visitation-dijon.net\/w2\/homelies\/Homelie-7-avril-2023-Vendredi-Saint\" target=\"_blank\" rel=\"noreferrer noopener\">t\u00e9l\u00e9charger au format pdf<\/a><\/em><\/p>\n\n\n\n<p class=\"has-text-align-right\"><a href=\"http:\/\/levangileauquotidien.org\/FR\/gospel\/2023-04-07\" target=\"_blank\" rel=\"noreferrer noopener\">Les lectures du jour<\/a><\/p>\n\n\n\n<h3 class=\"wp-block-heading has-black-color has-text-color\">J&rsquo;ai soif<\/h3>\n\n\n\n<p class=\"has-black-color has-text-color\">\u00ab&nbsp;J&rsquo;ai soif&nbsp;\u00bb Je me souviens d&rsquo;une c\u00e9l\u00e9bration d&rsquo;obs\u00e8ques, o\u00f9 avait \u00e9t\u00e9 lu ce passage de l&rsquo;\u00e9vangile. Elle concernait un homme, mon voisin d&rsquo;immeuble, dont la mort avait certainement \u00e9t\u00e9 pr\u00e9cipit\u00e9e par une sur-consommation d\u2019alcool. Il avait surtout soif d&rsquo;amiti\u00e9, de chaleur humaine, alors qu&rsquo;il vivait dans une infinie solitude.<\/p>\n\n\n\n<p class=\"has-black-color has-text-color\">Le mot de J\u00e9sus \u00ab&nbsp;j&rsquo;ai soif&nbsp;\u00bb, prononc\u00e9 en cet instant si douloureux et si particulier, r\u00e9sume bien son attente, ce qu&rsquo;il porte sur son c\u0153ur, une soif qu&rsquo;un peu de boisson vinaigr\u00e9e ne saurait suffire \u00e0 \u00e9tancher. Quelle est donc cette soif qui l&rsquo;habite&nbsp;?<\/p>\n\n\n\n<p class=\"has-black-color has-text-color\">Certainement le d\u00e9sir que ce qu&rsquo;il a v\u00e9cu sur cette terre, son message de libert\u00e9, de tendresse envers les plus pauvres et exclus, ne demeure pas lettre morte. A l&rsquo;heure o\u00f9 il meurt condamn\u00e9 pour avoir ouvert les portes de la libert\u00e9 face aux dirigeants religieux, il a soif que vive cette attention au respect de tout homme et de toute femme. Nous entendons ces mots de J\u00e9sus ce soir comme un vibrant appel \u00e0 nous, ses disciples de poursuivre ce chemin du service et de l&rsquo;amour inconditionnel. Oui J\u00e9sus a soif de notre engagement \u00e0 construire un monde fraternel.<\/p>\n\n\n\n<p class=\"has-black-color has-text-color\">Je pense aussi que son cri s&rsquo;adresse \u00e0 Dieu, qu&rsquo;il a d\u00e9couvert comme son P\u00e8re, ce p\u00e8re vers qui tout enfant se tourne dans la d\u00e9tresse. Il a conscience d&rsquo;accomplir sa vocation, ce pour quoi il est envoy\u00e9. A maintes reprises dans le r\u00e9cit de la passion, il est fait mention de l&rsquo;accomplissement des \u00c9critures. Il ne s&rsquo;agit pas de comprendre cela comme une fatalit\u00e9, comme si tout ce que vit J\u00e9sus \u00e9tait d\u00e9j\u00e0 \u00e9crit. En accomplissant les \u00c9critures, J\u00e9sus r\u00e9alise le projet de Dieu, projet largement d\u00e9ploy\u00e9 dans toute la tradition juive, qui \u00e9tait celle de J\u00e9sus, projet d&rsquo;une alliance \u00e9ternelle entre l&rsquo;humanit\u00e9 et Dieu. Oui J\u00e9sus a soif que se r\u00e9alise cette alliance et il s&rsquo;en remet totalement \u00e0 son p\u00e8re pour qu&rsquo;aboutisse ce projet, lui-m\u00eame \u00e9tant \u00e0 cette heure plong\u00e9 dans un profond et total d\u00e9sespoir.<\/p>\n\n\n\n<p class=\"has-black-color has-text-color\">Comment enfin ne pas lire dans ces mots, l&rsquo;attente de tous ceux qui ont soif de paix, de justice, de sant\u00e9, de reconnaissance&nbsp;? Que le cri de J\u00e9sus, \u00ab&nbsp;J&rsquo;ai soif&nbsp;\u00bb retentisse \u00e0 leur c\u0153ur comme un formidable signe de proximit\u00e9 et d&rsquo;amour&nbsp;!<\/p>\n\n\n\n<p class=\"has-black-color has-text-color\"><em>Andr\u00e9 Jobard<br>6 avril 2023 \u2013 Vendredi Saint<\/em><\/p>\n","protected":false},"excerpt":{"rendered":"<p>Oui J\u00e9sus a soif de notre engagement \u00e0 construire un monde fraternel &#8230;<\/p>\n","protected":false},"author":1,"featured_media":0,"comment_status":"closed","ping_status":"closed","sticky":false,"template":"","format":"standard","meta":{"footnotes":""},"categories":[3],"tags":[],"class_list":["post-11246","post","type-post","status-publish","format-standard","hentry","category-paroles-de-vie"],"_links":{"self":[{"href":"https:\/\/eglise-visitation-dijon.net\/w3\/wp-json\/wp\/v2\/posts\/11246","targetHints":{"allow":["GET"]}}],"collection":[{"href":"https:\/\/eglise-visitation-dijon.net\/w3\/wp-json\/wp\/v2\/posts"}],"about":[{"href":"https:\/\/eglise-visitation-dijon.net\/w3\/wp-json\/wp\/v2\/types\/post"}],"author":[{"embeddable":true,"href":"https:\/\/eglise-visitation-dijon.net\/w3\/wp-json\/wp\/v2\/users\/1"}],"replies":[{"embeddable":true,"href":"https:\/\/eglise-visitation-dijon.net\/w3\/wp-json\/wp\/v2\/comments?post=11246"}],"version-history":[{"count":4,"href":"https:\/\/eglise-visitation-dijon.net\/w3\/wp-json\/wp\/v2\/posts\/11246\/revisions"}],"predecessor-version":[{"id":11251,"href":"https:\/\/eglise-visitation-dijon.net\/w3\/wp-json\/wp\/v2\/posts\/11246\/revisions\/11251"}],"wp:attachment":[{"href":"https:\/\/eglise-visitation-dijon.net\/w3\/wp-json\/wp\/v2\/media?parent=11246"}],"wp:term":[{"taxonomy":"category","embeddable":true,"href":"https:\/\/eglise-visitation-dijon.net\/w3\/wp-json\/wp\/v2\/categories?post=11246"},{"taxonomy":"post_tag","embeddable":true,"href":"https:\/\/eglise-visitation-dijon.net\/w3\/wp-json\/wp\/v2\/tags?post=11246"}],"curies":[{"name":"wp","href":"https:\/\/api.w.org\/{rel}","templated":true}]}}