{"id":11260,"date":"2023-04-15T19:16:35","date_gmt":"2023-04-15T17:16:35","guid":{"rendered":"http:\/\/eglise-visitation-dijon.net\/w3\/?p=11260"},"modified":"2024-11-04T11:21:05","modified_gmt":"2024-11-04T10:21:05","slug":"il-est-vivant-il-est-ressuscite-homelie-du-dimanche-9-avril-2023-pasques","status":"publish","type":"post","link":"https:\/\/eglise-visitation-dijon.net\/w3\/il-est-vivant-il-est-ressuscite-homelie-du-dimanche-9-avril-2023-pasques\/","title":{"rendered":"IL EST VIVANT\u00a0! IL EST RESSUSCITE &#8211; hom\u00e9lie du dimanche 9 avril 2023 &#8211; P\u00e2sques"},"content":{"rendered":"\n<p><\/p>\n\n\n<div class=\"wp-block-image\">\n<figure class=\"alignleft\"><img loading=\"lazy\" decoding=\"async\" width=\"63\" height=\"32\" src=\"https:\/\/eglise-visitation-dijon.net\/w3\/wp-content\/uploads\/2021\/01\/boutons-2.jpg\" alt=\"\" class=\"wp-image-7495\"\/><\/figure>\n<\/div>\n\n\n<p><em><a href=\"http:\/\/eglise-visitation-dijon.net\/w2\/homelies\/Homelie-9-avril-2023-Pasques-JM\" target=\"_blank\" rel=\"noreferrer noopener\">t\u00e9l\u00e9charger au format pdf<\/a><\/em><\/p>\n\n\n\n<p class=\"has-text-align-right\"><a href=\"http:\/\/levangileauquotidien.org\/FR\/gospel\/2023-04-09\" target=\"_blank\" rel=\"noreferrer noopener\">Les lectures du jour<\/a><\/p>\n\n\n\n<p class=\"has-black-color has-text-color\" style=\"font-size:22px\"><strong>Chers amis, chers fr\u00e8res et s\u0153urs,<\/strong><\/p>\n\n\n\n<p class=\"has-black-color has-text-color\">J\u2019ai entendu dire, qu\u2019\u00e0 une certaine \u00e9poque, il y avait dans un pays arabo-musulman, des d\u00e9bats publiques entre chr\u00e9tiens et musulmans, pour donner l\u2019occasion aux uns, de convaincre les autres de sa foi. A l\u2019un de ces d\u00e9bats, il y avait un pasteur chr\u00e9tien bien connu pour sa grande foi et pour ses talents de pr\u00e9dicateur. Il laissa le musulman expos\u00e9 sa doctrine pendant une bonne heure. Et quand vint son tour de convaincre l\u2019assistance, il cria d\u2019une voix forte IL EST VIVANT, et tous les chr\u00e9tiens pr\u00e9sents dans l\u2019assistance r\u00e9pondirent fermement d\u2019une voix forte et unanime, IL EST RESSUSCITE. Et le d\u00e9bat de ce jour s\u2019est arr\u00eat\u00e9 l\u00e0. Il n\u2019avait plus rien d\u2019autre \u00e0 dire. J\u2019aurais voulu pour toute hom\u00e9lie, me contenter moi aussi de proclamer ce matin que J\u00c9SUS EST VIVANT, et de vous entendre r\u00e9pondre fort et unanimement qu\u2019il est ressuscit\u00e9. Me permettez-vous d\u2019essayer&nbsp;: \u00ab&nbsp;IL est vivant&nbsp;! (R\/ Il est ressuscit\u00e9).&nbsp;\u00bb J\u2019\u00e9tais s\u00fbr que \u00e7a marcherait. L\u2019hom\u00e9lie est dite.<\/p>\n\n\n\n<p class=\"has-black-color has-text-color\">Oui mes fr\u00e8res et s\u0153urs, tout l\u2019univers est r\u00e9veill\u00e9 ce matin par la nouvelle. Le tombeau de J\u00e9sus vide. Le Christ est ressuscit\u00e9. Dieu a accompli ce qu\u2019il avait promis. Son serviteur a r\u00e9ussi comme l\u2019a annonc\u00e9 le proph\u00e8te Isa\u00efe. Celui qui \u00e9tait compl\u00e8tement d\u00e9figur\u00e9 et qui ne ressemblait plus \u00e0 un fils d\u2019homme, celui qui est mort sur la croix est ressuscit\u00e9. Il est Vivant. C\u2019est le sommet de l\u2019\u0153uvre de Dieu. C\u2019est l\u2019accomplissement de toute chose. L\u2019humanit\u00e9 et la cr\u00e9ation tout enti\u00e8re peuvent \u00eatre renouvel\u00e9es. La croix de J\u00e9sus est l\u2019antidote au poison du mal, et sa r\u00e9surrection est la garantie de notre salut. Le mal ne peut plus avoir le dernier mot, parce que la Vie a triomph\u00e9. Le pardon de Dieu et l\u2019offrande faite par J\u00e9sus de sa propre vie sont d\u00e9sormais plus forts que tout.<\/p>\n\n\n\n<p class=\"has-black-color has-text-color\">Nous aurions pu croiser Marie Madeleine sur le chemin qu\u2019elle prend de grand matin pour se rendre au tombeau. Mais c\u2019\u00e9tait il y a deux mille ans. Et nous n\u2019\u00e9tions pas n\u00e9s. Cependant son t\u00e9moignage est encore vrai pour nous aujourd\u2019hui. La Pierre a \u00e9t\u00e9 enlev\u00e9 du tombeau. Et J\u00e9sus n\u2019y est plus. Pierre et Jean sont venus constater. Le tombeau est vide. Le corps du Seigneur n\u2019a pu \u00eatre vol\u00e9. Quel idiot volerait un corps en prenant le soin maladroit d\u2019enlever le linge qui le recouvre. Et Pierre nous dit dans la premi\u00e8re lecture que Dieu l\u2019a ressuscit\u00e9 dans les morts, qu\u2019ils l\u2019ont vu vivant, qu\u2019ils ont mang\u00e9 et bu avec lui apr\u00e8s sa mort et sa r\u00e9surrection.<\/p>\n\n\n\n<p class=\"has-black-color has-text-color\">La r\u00e9surrection de J\u00e9sus appartient au myst\u00e8re de Dieu lui-m\u00eame. Elle d\u00e9fie notre raison humaine comme le fait le myst\u00e8re de Dieu, le myst\u00e8re de l\u2019incarnation de ce J\u00e9sus qui est Fils \u00e9ternel du P\u00e8re ou encore le myst\u00e8re de nos propres existences. La foi en J\u00e9sus mort et ressuscit\u00e9 vient dissiper toutes ces t\u00e9n\u00e8bres. Le point de d\u00e9part de cette foi, c\u2019est P\u00e2ques&nbsp;; Et P\u00e2ques, c\u2019est aujourd\u2019hui. J\u00e9sus est ressuscit\u00e9 et il fait toute chose nouvelle. Notre pr\u00e9sence ici en est le signe et le t\u00e9moignage.<\/p>\n\n\n\n<p class=\"has-black-color has-text-color\">Et toi Ma\u00eblys, tu vas vivre tr\u00e8s concr\u00e8tement tout \u00e0 l\u2019heure le signe de ce renouveau de toute chose dans la r\u00e9surrection de J\u00e9sus. Tu vas \u00eatre baptis\u00e9e, non pas pour devenir membre d\u2019une m\u00e9ga-association appel\u00e9e \u00c9glise catholique, mais pour plonger toute ta vie dans la mort et la r\u00e9surrection de J\u00e9sus. Tu deviendras une personne nouvelle. Tu seras marqu\u00e9s \u00e0 vie et pour toujours par l\u2019onction de l\u2019Esprit Saint qui a marqu\u00e9 et consacr\u00e9 le Christ Ressuscit\u00e9. Et tu garderas au fond de ton c\u0153ur, ce souvenir et cette foi en J\u00e9sus qui va continuer \u00e0 grandir en toi. Et tout au long de ta vie, si tu fais attention, tu t\u2019apercevras qu\u2019il est vivant et qu\u2019il marche avec toi, aussi bien dans les moments de joie que dans les moments de souffrance. Comme tu l\u2019as lu \u00e0 l\u2019instant, ta vie restera cach\u00e9e avec le Christ en Dieu. Que la joie du Ressuscit\u00e9 r\u00e9jouisse \u00e0 jamais ton c\u0153ur, et que sa lumi\u00e8re \u00e9claire ton chemin comme elle \u00e9claire le chemin de vie de chacun de nous. Amen. Il est Vivant, Il est Ressuscit\u00e9.<\/p>\n\n\n\n<p><em>Judica\u00ebl Mitokpey<br>9 avril 2023 &#8211; P\u00e2sques<\/em><\/p>\n","protected":false},"excerpt":{"rendered":"<p>Oui mes fr\u00e8res et s\u0153urs, tout l\u2019univers est r\u00e9veill\u00e9 ce matin par la nouvelle. Le tombeau de J\u00e9sus vide. Le Christ est ressuscit\u00e9. Dieu a accompli ce qu\u2019il avait promis &#8230;<\/p>\n","protected":false},"author":1,"featured_media":0,"comment_status":"closed","ping_status":"closed","sticky":false,"template":"","format":"standard","meta":{"footnotes":""},"categories":[3],"tags":[],"class_list":["post-11260","post","type-post","status-publish","format-standard","hentry","category-paroles-de-vie"],"_links":{"self":[{"href":"https:\/\/eglise-visitation-dijon.net\/w3\/wp-json\/wp\/v2\/posts\/11260","targetHints":{"allow":["GET"]}}],"collection":[{"href":"https:\/\/eglise-visitation-dijon.net\/w3\/wp-json\/wp\/v2\/posts"}],"about":[{"href":"https:\/\/eglise-visitation-dijon.net\/w3\/wp-json\/wp\/v2\/types\/post"}],"author":[{"embeddable":true,"href":"https:\/\/eglise-visitation-dijon.net\/w3\/wp-json\/wp\/v2\/users\/1"}],"replies":[{"embeddable":true,"href":"https:\/\/eglise-visitation-dijon.net\/w3\/wp-json\/wp\/v2\/comments?post=11260"}],"version-history":[{"count":4,"href":"https:\/\/eglise-visitation-dijon.net\/w3\/wp-json\/wp\/v2\/posts\/11260\/revisions"}],"predecessor-version":[{"id":11264,"href":"https:\/\/eglise-visitation-dijon.net\/w3\/wp-json\/wp\/v2\/posts\/11260\/revisions\/11264"}],"wp:attachment":[{"href":"https:\/\/eglise-visitation-dijon.net\/w3\/wp-json\/wp\/v2\/media?parent=11260"}],"wp:term":[{"taxonomy":"category","embeddable":true,"href":"https:\/\/eglise-visitation-dijon.net\/w3\/wp-json\/wp\/v2\/categories?post=11260"},{"taxonomy":"post_tag","embeddable":true,"href":"https:\/\/eglise-visitation-dijon.net\/w3\/wp-json\/wp\/v2\/tags?post=11260"}],"curies":[{"name":"wp","href":"https:\/\/api.w.org\/{rel}","templated":true}]}}