{"id":11491,"date":"2023-05-30T15:31:00","date_gmt":"2023-05-30T13:31:00","guid":{"rendered":"http:\/\/eglise-visitation-dijon.net\/w3\/?p=11491"},"modified":"2024-11-04T11:20:18","modified_gmt":"2024-11-04T10:20:18","slug":"laisse-le-saint-esprit-accorder-et-jouer-le-violon-de-ta-vie-homelie-du-28-mai-2023-pentecote","status":"publish","type":"post","link":"https:\/\/eglise-visitation-dijon.net\/w3\/laisse-le-saint-esprit-accorder-et-jouer-le-violon-de-ta-vie-homelie-du-28-mai-2023-pentecote\/","title":{"rendered":"Laisse le saint Esprit accorder et jouer le violon de ta vie\u00a0! &#8211; hom\u00e9lie du 28 mai 2023 &#8211; Pentec\u00f4te"},"content":{"rendered":"\n<p><\/p>\n\n\n<div class=\"wp-block-image\">\n<figure class=\"alignleft\"><img loading=\"lazy\" decoding=\"async\" width=\"63\" height=\"32\" src=\"https:\/\/eglise-visitation-dijon.net\/w3\/wp-content\/uploads\/2021\/01\/boutons-2.jpg\" alt=\"\" class=\"wp-image-7495\"\/><\/figure>\n<\/div>\n\n\n<p><em><a href=\"http:\/\/eglise-visitation-dijon.net\/w2\/homelies\/Homelie-28-mai-2023-JM-Pentecote\" target=\"_blank\" rel=\"noreferrer noopener\">t\u00e9l\u00e9charger au format pdf<\/a><\/em><\/p>\n\n\n\n<p class=\"has-text-align-right\"><a href=\"http:\/\/levangileauquotidien.org\/FR\/gospel\/2023-05-28\" target=\"_blank\" rel=\"noreferrer noopener\">Les lectures du jour<\/a><\/p>\n\n\n\n<p><\/p>\n\n\n\n<p class=\"has-black-color has-text-color\" style=\"font-size:22px\"><strong>Laisse le saint Esprit accorder et jouer le violon de ta vie&nbsp;!<\/strong><\/p>\n\n\n\n<p class=\"has-black-color has-text-color\">Chers fr\u00e8res et s\u0153ur, chers amis.<\/p>\n\n\n\n<p class=\"has-black-color has-text-color\">Il me semble qu\u2019en r\u00e8gle g\u00e9n\u00e9rale, on se souvient toujours du jour de sa premi\u00e8re communion. Mais on se rappelle rarement ce que le pr\u00eatre a dit ce jour-l\u00e0. Encore faut-il se rappeler du nom du pr\u00eatre&nbsp;! Ce n\u2019est pas bien grave, le plus important pour tous les nouveaux <em>communi\u00e9s<\/em> n\u2019est pas d\u2019abord ce que le pr\u00eatre a dit le jour de la premi\u00e8re communion. C\u2019est encore moins le pr\u00e9nom du pr\u00eatre. J\u2019ai presque envie de dire que c\u2019est tant mieux si on oublie tout cela. Tant mieux, \u00e0 condition qu\u2019on n\u2019oublie pas cette gr\u00e2ce solennelle et ce jour solennel. L\u2019essentiel chers amis, c\u2019est que l\u2019habitude de communier ne deviennent pas pour vous une routine banale et d\u00e9nu\u00e9e de signification. Si donc vous oubliez le p\u00e8re Andr\u00e9 et moi, si vous oubliez vos animatrices de KT qui vous ont pr\u00e9par\u00e9s, si vous oubliez que votre premi\u00e8re communion \u00e9tait \u00e0 l\u2019\u00e9glise de la visitation. Ce ne sera pas bien grave. La plupart des adultes qui sont ici ont peut-\u00eatre oubli\u00e9 aussi tout cela. Mais vous voyez bien qu\u2019ils sont l\u00e0 autour de vous. Ils sont l\u00e0 pour c\u00e9l\u00e9brer le dimanche qui est jour du Seigneur. Eh bien vous aussi, m\u00eame si vous oubliez tout, n\u2019oubliez pas que le dimanche est le jour du Seigneur. Le jour o\u00f9, unis \u00e0 toute l\u2019\u00c9glise vous pourrez communier au corps de J\u00e9sus avec la m\u00eame ferveur que celle du jour de votre premi\u00e8re communion.<\/p>\n\n\n\n<p class=\"has-black-color has-text-color\">Vous vous souviendrez peut-\u00eatre aussi que vous avez fait votre premi\u00e8re communion le jour de la f\u00eate de Pentec\u00f4te. Ce jour o\u00f9 toute l\u2019\u00c9glise c\u00e9l\u00e8bre la descente de l\u2019Esprit Saint sur les disciples de J\u00e9sus et accueille ce m\u00eame Esprit qui nous unit \u00e0 J\u00e9sus. En pensant \u00e0 ce que l\u2019Esprit Saint va faire en chacun de vous, \u00e0 ce qu\u2019il fait en chacun de nous, je me suis souvenu de cette histoire que j\u2019ai lue quelque part.<\/p>\n\n\n\n<p class=\"has-black-color has-text-color\">Un jour, au coin d&rsquo;une rue grouillante de monde, un mendiant essayait en vain d&rsquo;attirer l\u2019attention des passants en jouant de son violon tr\u00e8s d\u00e9saccord\u00e9. C\u2019\u00e9tait peine perdue ! Tout le monde \u00e9tait indiff\u00e9rent. Aucun regard ne s&rsquo;arr\u00eatait sur lui, et personne ne songeait \u00e0 d\u00e9poser la moindre pi\u00e9cette dans sa gamelle d\u00e9sesp\u00e9r\u00e9ment vide. Voici qu\u2019arriva un homme v\u00eatu de mani\u00e8re tr\u00e8s \u00e9l\u00e9gante, qui lui demanda bien gentiment de lui pr\u00eater son instrument, rien que pour un instant. Le mendiant s&rsquo;ex\u00e9cute avec empressement, en esp\u00e9rant recevoir en retour une petite gratification. Et avec ses doigts d&rsquo;expert, le monsieur accorde le violon et se met \u00e0 jouer d&rsquo;une mani\u00e8re si admirable que bien vite, des foules s&rsquo;attroupent autour de lui. Il y a une pluie de pi\u00e8ces dans la gamelle et m\u00eame des billets de banque, \u00e0 la grande joie du clochard, qui bondit sur ses pieds et se mit \u00e0 dire \u00e0 tout le monde : \u00ab C&rsquo;est mon violon ! C&rsquo;est mon violon !\u00bb Alors amus\u00e9e par la f\u00e9brilit\u00e9 de cet homme qui se couvre de la gloire d&rsquo;autrui, la foule lui r\u00e9pondit :\u00ab C&rsquo;est bien ton violon mais il est \u00e0 pr\u00e9sent dans d&rsquo;autres mains. \u00bb<\/p>\n\n\n\n<p class=\"has-black-color has-text-color\">Cette histoire me fait penser que nous sommes comme ce mendiant qui joue de mani\u00e8re d\u00e9saccord\u00e9e le violon de notre vie. Et quand l\u2019Esprit Saint vient nous prendre, il accorde parfaitement le violon de notre vie pour jouer de divines m\u00e9lodies qui nous r\u00e9jouissent nous-m\u00eames et r\u00e9jouissent tous ceux et celles qui nous rencontrent. Pentec\u00f4te, c\u2019est la joie de se laisser saisir par l\u2019Esprit de Dieu pour devenir des \u00eatres nouveaux intimement unis \u00e0 J\u00e9sus. Ces langues de feu qui se posent sur chacun des disciples dans la premi\u00e8re lecture signifient que l\u2019Esprit est donn\u00e9 \u00e0 chacun en vue de la mission qui lui est confi\u00e9e.<\/p>\n\n\n\n<p class=\"has-black-color has-text-color\">A chacun est donn\u00e9 vraiment en ce jour de Pentec\u00f4te la capacit\u00e9 et la force d\u2019aller jusqu\u2019au bout de sa mission dans le monde en se laissant guider par l\u2019Esprit Saint. Laissons-nous donc conduire par l\u2019Esprit Saint. Et vous chers amis, en attendant de recevoir le sacrement de la confirmation dans l\u2019Esprit Saint, vous vivez d\u00e9j\u00e0 unis au corps, \u00e0 l\u2019\u00e2me et \u00e0 la divinit\u00e9 de J\u00e9sus gr\u00e2ce \u00e0 ce m\u00eame Esprit. J\u00e9sus a encore beaucoup de choses \u00e0 vous dire et \u00e0 vous apprendre. Communiez chaque dimanche de votre vie et parfois en semaine si vous en avez l\u2019occasion. Et n\u2019oubliez pas de l\u2019\u00e9couter.<\/p>\n\n\n\n<p class=\"has-black-color has-text-color\"><em>Judica\u00ebl Mitokpey<br>28 mai 2023 &#8211; Pentec\u00f4te<\/em><\/p>\n","protected":false},"excerpt":{"rendered":"<p>Il me semble qu\u2019en r\u00e8gle g\u00e9n\u00e9rale, on se souvient toujours du jour de sa premi\u00e8re communion. Mais on se rappelle rarement ce que le pr\u00eatre a dit ce jour-l\u00e0 &#8230;<\/p>\n","protected":false},"author":1,"featured_media":0,"comment_status":"closed","ping_status":"closed","sticky":false,"template":"","format":"standard","meta":{"footnotes":""},"categories":[3],"tags":[],"class_list":["post-11491","post","type-post","status-publish","format-standard","hentry","category-paroles-de-vie"],"_links":{"self":[{"href":"https:\/\/eglise-visitation-dijon.net\/w3\/wp-json\/wp\/v2\/posts\/11491","targetHints":{"allow":["GET"]}}],"collection":[{"href":"https:\/\/eglise-visitation-dijon.net\/w3\/wp-json\/wp\/v2\/posts"}],"about":[{"href":"https:\/\/eglise-visitation-dijon.net\/w3\/wp-json\/wp\/v2\/types\/post"}],"author":[{"embeddable":true,"href":"https:\/\/eglise-visitation-dijon.net\/w3\/wp-json\/wp\/v2\/users\/1"}],"replies":[{"embeddable":true,"href":"https:\/\/eglise-visitation-dijon.net\/w3\/wp-json\/wp\/v2\/comments?post=11491"}],"version-history":[{"count":3,"href":"https:\/\/eglise-visitation-dijon.net\/w3\/wp-json\/wp\/v2\/posts\/11491\/revisions"}],"predecessor-version":[{"id":11496,"href":"https:\/\/eglise-visitation-dijon.net\/w3\/wp-json\/wp\/v2\/posts\/11491\/revisions\/11496"}],"wp:attachment":[{"href":"https:\/\/eglise-visitation-dijon.net\/w3\/wp-json\/wp\/v2\/media?parent=11491"}],"wp:term":[{"taxonomy":"category","embeddable":true,"href":"https:\/\/eglise-visitation-dijon.net\/w3\/wp-json\/wp\/v2\/categories?post=11491"},{"taxonomy":"post_tag","embeddable":true,"href":"https:\/\/eglise-visitation-dijon.net\/w3\/wp-json\/wp\/v2\/tags?post=11491"}],"curies":[{"name":"wp","href":"https:\/\/api.w.org\/{rel}","templated":true}]}}