{"id":11570,"date":"2023-07-04T07:32:24","date_gmt":"2023-07-04T05:32:24","guid":{"rendered":"http:\/\/eglise-visitation-dijon.net\/w3\/?p=11570"},"modified":"2024-11-04T11:18:47","modified_gmt":"2024-11-04T10:18:47","slug":"messe-dau-revoir-du-pere-michel-homelie-du-dimanche-2-juillet-2023","status":"publish","type":"post","link":"https:\/\/eglise-visitation-dijon.net\/w3\/messe-dau-revoir-du-pere-michel-homelie-du-dimanche-2-juillet-2023\/","title":{"rendered":"Messe d\u2019Au revoir du P\u00e8re Michel &#8211; hom\u00e9lie du dimanche 2 juillet 2023"},"content":{"rendered":"\n<p><\/p>\n\n\n<div class=\"wp-block-image\">\n<figure class=\"alignleft\"><img loading=\"lazy\" decoding=\"async\" width=\"63\" height=\"32\" src=\"https:\/\/eglise-visitation-dijon.net\/w3\/wp-content\/uploads\/2021\/01\/boutons-2.jpg\" alt=\"\" class=\"wp-image-7495\"\/><\/figure>\n<\/div>\n\n\n<p><em><a href=\"http:\/\/eglise-visitation-dijon.net\/w2\/homelies\/Homelie-2-juillet-2023-DM\" target=\"_blank\" rel=\"noreferrer noopener\">t\u00e9l\u00e9charger au format pdf<\/a><\/em><\/p>\n\n\n\n<p class=\"has-text-align-right\"><a href=\"http:\/\/levangileauquotidien.org\/FR\/gospel\/2023-07-02\" target=\"_blank\" rel=\"noreferrer noopener\">Les lectures du jour<\/a><\/p>\n\n\n\n<p class=\"has-black-color has-text-color\" style=\"font-size:22px\"><strong>Messe d\u2019Au revoir du P\u00e8re Michel<\/strong><\/p>\n\n\n\n<p class=\"has-black-color has-text-color\">Fr\u00e8res et s\u0153urs, bien-aim\u00e9s dans le Christ, r\u00e9unis dans cette \u00c9glise de la Visitation, le Christ veut, une fois de plus nous nourrir de sa Parole qui est source de vie. Plusieurs th\u00e8mes peuvent \u00eatre abord\u00e9s au regard des textes que nous venons d\u2019\u00e9couter.<\/p>\n\n\n\n<p class=\"has-black-color has-text-color\">Dans l\u2019\u00e9vangile, nous voyons J\u00e9sus r\u00e9clamer un amour prioritaire face \u00e0 tous ceux qui nous sont les plus chers, comme un p\u00e8re, une m\u00e8re, un fils, ou une fille, bref, un membre de famille tr\u00e8s aim\u00e9. On s\u2019\u00e9tonnerait peut-\u00eatre de cette attitude de J\u00e9sus et pourtant, J\u00e9sus n\u2019\u00e9met pas une id\u00e9e originale. C\u2019est qu\u2019il reprend en \u00e9cho le tout premier commandement de Dieu donn\u00e9 \u00e0 Mo\u00efse pour le peuple d\u2019Isra\u00ebl sur le Mont Sina\u00ef&nbsp;: \u00ab&nbsp;\u00c9coute, Isra\u00ebl&nbsp;: le Seigneur notre Dieu est l\u2019Unique. Tu aimeras le Seigneur ton Dieu de tout ton c\u0153ur, de toute ton \u00e2me et de toute ta force.&nbsp;\u00bb (Deut\u00e9ronome 6,4-5). Oui, Dieu m\u00e9rite d\u2019\u00eatre aim\u00e9 au-dessus de tout.<\/p>\n\n\n\n<p class=\"has-black-color has-text-color\">Ainsi, \u00e0 l\u2019exemple des Ap\u00f4tres qui ont refus\u00e9 d\u2019ob\u00e9ir au Conseil supr\u00eame et au grand pr\u00eatre lesquels voulaient les obliger \u00e0 ne plus parler de J\u00e9sus, nous sommes appel\u00e9s \u00e0 op\u00e9rer \u00e0 certains \u00e9gards un choix en faveur de Dieu face \u00e0 certaines contraintes des hommes et du monde. Ils disaient en fait&nbsp;:&nbsp;\u00ab&nbsp; Il nous faut ob\u00e9ir \u00e0 Dieu plut\u00f4t qu\u2019aux hommes&nbsp;\u00bb (Actes 5, 29). En agissant ainsi, nous nous associons comme eux, \u00e0 la mort et \u00e0 la vie de J\u00e9sus dont nous parle Saint Paul dans la lecture d\u2019aujourd\u2019hui.<\/p>\n\n\n\n<p class=\"has-black-color has-text-color\">En effet, morts au p\u00e9ch\u00e9 avec le Christ, nous participons \u00e0 sa r\u00e9surrection pour la vie \u00e9ternelle. Nous devenons des \u00eatres renouvel\u00e9s dont la vie tire son mod\u00e8le dans le Christ qui a pass\u00e9 toute sa vie \u00e0 faire du bien. (Actes 10,38). Aujourd\u2019hui, il nous propose d\u2019accueillir chez nous l\u2019\u00e9tranger. (Mt25,35). Cette invitation se retrouve tant dans la premi\u00e8re lecture que dans l\u2019\u00c9vangile que nous venons d\u2019\u00e9couter. C\u2019est dire jusqu\u2019\u00e0 quel point ce message d\u2019hospitalit\u00e9 est parmi les th\u00e8mes essentiels sur lesquels nous devons m\u00e9diter aujourd\u2019hui et dont il faut fournir l\u2019effort de concr\u00e9tiser dans notre vie.<\/p>\n\n\n\n<p class=\"has-black-color has-text-color\">Cette femme riche de Sunam qui a accueilli le proph\u00e8te Elis\u00e9e a sem\u00e9 dans une terre fertile dont elle a cueilli un fruit jamais soup\u00e7onn\u00e9 jusque-l\u00e0&nbsp;: un fils. Oui, elle a enfin eu un fils, elle qui pourtant se savait st\u00e9rile et dont le mari \u00e9tait tr\u00e8s \u00e2g\u00e9. Ce r\u00e9cit nous rappelle celui d\u2019Abraham qui, ayant \u00e9galement accueilli des \u00e9trangers de passage, obtint la promesse d\u2019un fils, Isaac, avec sa femme Sara, une femme st\u00e9rile et tous les deux avanc\u00e9s en \u00e2ge. (Gen\u00e8se 18,1-15)&nbsp;; ou encore celui d\u2019Elisabeth st\u00e9rile qui enfanta Jean le baptiste de Zacharie, un mari qui \u00e9tait tout autant avanc\u00e9 en \u00e2ge comme elle. (Luc 1,36). \u00ab&nbsp;Car rien n\u2019est impossible \u00e0 Dieu&nbsp;\u00bb (Luc 1,37). Dieu est celui qui r\u00e9compense les bons actes. Si nous exer\u00e7ons une franche hospitalit\u00e9 vis-\u00e0-vis de nos prochains, nous exprimons par l\u00e0-m\u00eame notre amour vis-\u00e0-vis de Dieu qui est dans le prochain. \u00ab&nbsp;Chaque fois que vous l\u2019avez fait \u00e0 l\u2019un de ces plus petits de mes fr\u00e8res, c\u2019est \u00e0 moi que vous l\u2019avez fait&nbsp;\u00bb (Matthieu 25, 40). En outre, Dieu n\u2019attend pas que nous fassions l\u2019impossible. Notre geste d\u2019amour doit simplement \u00eatre motiv\u00e9 par un sentiment de bienveillance \u00e9manant de notre c\u0153ur en toute simplicit\u00e9 et sinc\u00e9rit\u00e9. Oui, dit-il, \u00ab&nbsp;m\u00eame un simple verre d\u2019eau fraiche offert \u00bb peut nous devenir une source de gr\u00e2ce et de b\u00e9n\u00e9diction. Jean Rodhain disait&nbsp;: \u00ab&nbsp;Nul n\u2019est trop pauvre pour n\u2019avoir rien \u00e0 partager et nul n\u2019est trop riche pour n\u2019avoir rien \u00e0 recevoir&nbsp;\u00bb (Fondateur du Secours catholique).<\/p>\n\n\n\n<p class=\"has-black-color has-text-color\">Faisons un examen de notre conscience. Quel est mon sentiment face \u00e0 l\u2019immigr\u00e9 qui a crois\u00e9 mon chemin&nbsp;? Quelle a \u00e9t\u00e9 la nature de mon geste de charit\u00e9 aupr\u00e8s de l\u2019\u00e9tranger que j\u2019ai soutenu&nbsp;? Car comme le disait Raph Waldo Emerson, \u00ab&nbsp;vaines et inutiles sont toutes les offres d\u2019hospitalit\u00e9 s\u2019il n\u2019y a pas de f\u00eate dans le regard&nbsp;\u00bb. Savez-vous qu\u2019un sourire peut mieux fortifier un corps affaibli qu\u2019un morceau de pain offert sans joie&nbsp;? Faisons accompagner nos gestes de charit\u00e9 de la gratuit\u00e9 de c\u0153ur.<\/p>\n\n\n\n<p class=\"has-black-color has-text-color\">Puisse le Seigneur nous aider \u00e0 l\u2019aimer par-dessus tout, \u00e0 vivre nos engagements baptismaux et \u00e0 ouvrir notre c\u0153ur au service de notre prochain. Au nom du P\u00e8re et du Fils et du Saint Esprit, Amen&nbsp;!<\/p>\n\n\n\n<p class=\"has-black-color has-text-color\"><em>Donat Michel Tembo Umba<\/em><\/p>\n","protected":false},"excerpt":{"rendered":"<p>Fr\u00e8res et s\u0153urs, bien-aim\u00e9s dans le Christ, r\u00e9unis dans cette \u00c9glise de la Visitation, le Christ veut, une fois de plus nous nourrir de sa Parole qui est source de vie &#8230;<\/p>\n","protected":false},"author":1,"featured_media":0,"comment_status":"closed","ping_status":"open","sticky":false,"template":"","format":"standard","meta":{"footnotes":""},"categories":[3],"tags":[],"class_list":["post-11570","post","type-post","status-publish","format-standard","hentry","category-paroles-de-vie"],"_links":{"self":[{"href":"https:\/\/eglise-visitation-dijon.net\/w3\/wp-json\/wp\/v2\/posts\/11570","targetHints":{"allow":["GET"]}}],"collection":[{"href":"https:\/\/eglise-visitation-dijon.net\/w3\/wp-json\/wp\/v2\/posts"}],"about":[{"href":"https:\/\/eglise-visitation-dijon.net\/w3\/wp-json\/wp\/v2\/types\/post"}],"author":[{"embeddable":true,"href":"https:\/\/eglise-visitation-dijon.net\/w3\/wp-json\/wp\/v2\/users\/1"}],"replies":[{"embeddable":true,"href":"https:\/\/eglise-visitation-dijon.net\/w3\/wp-json\/wp\/v2\/comments?post=11570"}],"version-history":[{"count":3,"href":"https:\/\/eglise-visitation-dijon.net\/w3\/wp-json\/wp\/v2\/posts\/11570\/revisions"}],"predecessor-version":[{"id":11573,"href":"https:\/\/eglise-visitation-dijon.net\/w3\/wp-json\/wp\/v2\/posts\/11570\/revisions\/11573"}],"wp:attachment":[{"href":"https:\/\/eglise-visitation-dijon.net\/w3\/wp-json\/wp\/v2\/media?parent=11570"}],"wp:term":[{"taxonomy":"category","embeddable":true,"href":"https:\/\/eglise-visitation-dijon.net\/w3\/wp-json\/wp\/v2\/categories?post=11570"},{"taxonomy":"post_tag","embeddable":true,"href":"https:\/\/eglise-visitation-dijon.net\/w3\/wp-json\/wp\/v2\/tags?post=11570"}],"curies":[{"name":"wp","href":"https:\/\/api.w.org\/{rel}","templated":true}]}}