{"id":11591,"date":"2023-08-06T19:33:57","date_gmt":"2023-08-06T17:33:57","guid":{"rendered":"http:\/\/eglise-visitation-dijon.net\/w3\/?p=11591"},"modified":"2024-11-04T11:18:11","modified_gmt":"2024-11-04T10:18:11","slug":"pour-un-avenir-lumineux-homelie-du-dimanche-6-aout-2023","status":"publish","type":"post","link":"https:\/\/eglise-visitation-dijon.net\/w3\/pour-un-avenir-lumineux-homelie-du-dimanche-6-aout-2023\/","title":{"rendered":"Pour un avenir lumineux &#8211; hom\u00e9lie du dimanche 6 ao\u00fbt 2023"},"content":{"rendered":"<div class=\"wp-block-image\">\n<figure class=\"alignleft\"><img loading=\"lazy\" decoding=\"async\" width=\"63\" height=\"32\" src=\"https:\/\/eglise-visitation-dijon.net\/w3\/wp-content\/uploads\/2021\/01\/boutons-2.jpg\" alt=\"\" class=\"wp-image-7495\"\/><\/figure>\n<\/div>\n\n\n<p><em><a href=\"http:\/\/eglise-visitation-dijon.net\/w2\/homelies\/Homelie-6-aout-2023\" target=\"_blank\" rel=\"noreferrer noopener\">t\u00e9l\u00e9charger au format pdf<\/a><\/em><\/p>\n\n\n\n<p class=\"has-text-align-right\"><a href=\"http:\/\/levangileauquotidien.org\/FR\/gospel\/2023-08-06\" target=\"_blank\" rel=\"noreferrer noopener\">Les lectures du jour<\/a><\/p>\n\n\n\n<p class=\"has-black-color has-text-color\" style=\"font-size:22px\"><strong>Pour un avenir lumineux<\/strong><\/p>\n\n\n\n<p class=\"has-black-color has-text-color\">\u00ab&nbsp;Sur une haute montagne&nbsp;\u00bb. Si vous avez eu la chance, qui fut la mienne, de faire l&rsquo;ascension de cette montagne de Palestine, vous pouvez sourire sur le qualificatif de &lsquo;haute&rsquo;, cette montagne ne s&rsquo;\u00e9levant que de quelques centaines de m\u00e8tres de la plaine de Galil\u00e9e. A comparer avec les sommets des Alpes, cette haute montagne est bien petite. Si l&rsquo;\u00e9vang\u00e9liste dit qu&rsquo;elle est haute, c&rsquo;est parce qu&rsquo;elle tient une place capitale dans toute l&rsquo;histoire biblique, et dans la r\u00e9v\u00e9lation chr\u00e9tienne. Et nous pouvons en conclure que cet \u00e9pisode doit \u00eatre un moment-cl\u00e9 de l&rsquo;aventure de J\u00e9sus avec ses disciples.<\/p>\n\n\n\n<p class=\"has-black-color has-text-color\">Un moment-cl\u00e9 parce qu&rsquo;ils viennent de vivre la premi\u00e8re mission de J\u00e9sus, qui fut un succ\u00e8s (gu\u00e9risons, miracles, paroles fortes, enseignement qui a fait vibrer les foules etc&#8230;). A tel point que Pierre n&rsquo;h\u00e9site pas \u00e0 reconna\u00eetre en J\u00e9sus le Messie tant attendu par tout Isra\u00ebl (ce Fils d&rsquo;homme, comme l&rsquo;annon\u00e7ait le proph\u00e8te Daniel dans la premi\u00e8re lecture et en qui J\u00e9sus s&rsquo;est reconnu). Mais voil\u00e0 que J\u00e9sus va lui-m\u00eame rectifier la perception qu&rsquo;a Pierre de la mission qui lui est confi\u00e9e, et pr\u00e9vient ses amis que tout cela va mal finir, jusqu&rsquo;\u00e0 la mise \u00e0 mort violente, celle de la croix. Imaginez le choc produit chez ces hommes qui avaient tout mis\u00e9 sur J\u00e9sus, attendant de lui de quoi surmonter les \u00e9preuves de la vie, parce que tout-puissant, parce que reprenant le pouvoir de David, figure embl\u00e9matique du roi envoy\u00e9 de Dieu. Ils se demandent s&rsquo;ils n&rsquo;ont pas fait fausse route en quittant tout pour le suivre. Douloureuse interrogation, qui continue peut-\u00eatre de nous travailler, nous et nos contemporains&nbsp;: \u00e0 quoi bon la foi, \u00e0 quoi bon J\u00e9sus, si la guerre continue ses ravages, si les catastrophes atteignent les plus faibles, si la maladie nous tombe dessus, si la r\u00e9conciliation demeure impossible&nbsp;?<\/p>\n\n\n\n<p class=\"has-black-color has-text-color\">Face au d\u00e9sarroi de ses amis, J\u00e9sus prend l&rsquo;initiative de cette ascension sur la montagne, l\u00e0 o\u00f9 on peut prendre un peu de hauteur, un peu de recul par rapport \u00e0 la r\u00e9alit\u00e9, l\u00e0 o\u00f9 ont eu lieu nombre de r\u00e9v\u00e9lations fulgurantes dans la Bible (Mo\u00efse, \u00c9lie, notamment). Il ne s&rsquo;agit pas d&rsquo;un retrait du monde, mais de comprendre le sens des \u00e9v\u00e9nements qui nous atteignent. Dans la lumi\u00e8re de cette rencontre inoubliable, intraduisible (d&rsquo;o\u00f9 les expressions symboliques), les amis de J\u00e9sus vont d\u00e9couvrir que son chemin de vie, chemin de douleurs, d&rsquo;\u00e9chec, d&rsquo;humiliation, de mort, tels nos propres chemins, peut d\u00e9boucher sur une nouvelle r\u00e9alit\u00e9 (que les \u00e9vang\u00e9listes appellent la gloire, \u00e0 ne pas confondre avec la gloriole dont se couvrent les puissants de ce monde). Nous dirions plut\u00f4t en langage moderne &lsquo;accomplissement de soi&rsquo;, &lsquo;r\u00e9alisation de notre vocation humaine&rsquo;. Ce sera d&rsquo;ailleurs ce qui se passera quelque temps plus tard, o\u00f9 sur une autre montagne, le Golgotha, le calvaire, J\u00e9sus mourra sur une croix, apr\u00e8s avoir dit ces mots si denses&nbsp;:&nbsp;\u00ab&nbsp;Tout est accompli&nbsp;\u00bb. Un accomplissement authentifi\u00e9 par la gloire de la r\u00e9surrection, la vie nouvelle du matin de P\u00e2ques.<\/p>\n\n\n\n<p class=\"has-black-color has-text-color\">Une rencontre exceptionnelle donc, qui ne dure qu&rsquo;un instant, m\u00eame si l&rsquo;envie est grande de s&rsquo;y installer, (n&rsquo;est-ce pas, Pierre, toi qui voudrais dresser 3 tentes&nbsp;?) Elle se termine par cette invitation \u00e0 se mettre \u00e0 l&rsquo;\u00e9coute de J\u00e9sus. Quand on a \u00e9t\u00e9 saisi par une rencontre d\u00e9cisive au cours de son existence, par une exp\u00e9rience spirituelle forte, qui a permis d&rsquo;avancer, de trouver sens \u00e0 la vie et \u00e0 ses soubresauts , il est rare de ne pas ressentir un d\u00e9clic pour un changement profond de comportement, d&rsquo;\u00e9tat d&rsquo;esprit&nbsp;: une sorte d&rsquo;appel int\u00e9rieur qui est peut-\u00eatre la r\u00e9ponse \u00e0 la parole de J\u00e9sus qu&rsquo;il nous faut toujours \u00e9couter.<\/p>\n\n\n\n<p class=\"has-black-color has-text-color\"><em>Andr\u00e9 Jobard<br>6 ao\u00fbt 2023<\/em><em><\/em><\/p>\n","protected":false},"excerpt":{"rendered":"<p>un moment-cl\u00e9 de l&rsquo;aventure de J\u00e9sus avec ses disciples &#8230;<\/p>\n","protected":false},"author":1,"featured_media":0,"comment_status":"closed","ping_status":"closed","sticky":false,"template":"","format":"standard","meta":{"footnotes":""},"categories":[3],"tags":[],"class_list":["post-11591","post","type-post","status-publish","format-standard","hentry","category-paroles-de-vie"],"_links":{"self":[{"href":"https:\/\/eglise-visitation-dijon.net\/w3\/wp-json\/wp\/v2\/posts\/11591","targetHints":{"allow":["GET"]}}],"collection":[{"href":"https:\/\/eglise-visitation-dijon.net\/w3\/wp-json\/wp\/v2\/posts"}],"about":[{"href":"https:\/\/eglise-visitation-dijon.net\/w3\/wp-json\/wp\/v2\/types\/post"}],"author":[{"embeddable":true,"href":"https:\/\/eglise-visitation-dijon.net\/w3\/wp-json\/wp\/v2\/users\/1"}],"replies":[{"embeddable":true,"href":"https:\/\/eglise-visitation-dijon.net\/w3\/wp-json\/wp\/v2\/comments?post=11591"}],"version-history":[{"count":4,"href":"https:\/\/eglise-visitation-dijon.net\/w3\/wp-json\/wp\/v2\/posts\/11591\/revisions"}],"predecessor-version":[{"id":11595,"href":"https:\/\/eglise-visitation-dijon.net\/w3\/wp-json\/wp\/v2\/posts\/11591\/revisions\/11595"}],"wp:attachment":[{"href":"https:\/\/eglise-visitation-dijon.net\/w3\/wp-json\/wp\/v2\/media?parent=11591"}],"wp:term":[{"taxonomy":"category","embeddable":true,"href":"https:\/\/eglise-visitation-dijon.net\/w3\/wp-json\/wp\/v2\/categories?post=11591"},{"taxonomy":"post_tag","embeddable":true,"href":"https:\/\/eglise-visitation-dijon.net\/w3\/wp-json\/wp\/v2\/tags?post=11591"}],"curies":[{"name":"wp","href":"https:\/\/api.w.org\/{rel}","templated":true}]}}