{"id":11698,"date":"2023-09-25T21:00:59","date_gmt":"2023-09-25T19:00:59","guid":{"rendered":"http:\/\/eglise-visitation-dijon.net\/w3\/?p=11698"},"modified":"2024-11-04T11:17:21","modified_gmt":"2024-11-04T10:17:21","slug":"loin-de-notre-logique-humaine-homelie-du-samedi-23-septembre-2023","status":"publish","type":"post","link":"https:\/\/eglise-visitation-dijon.net\/w3\/loin-de-notre-logique-humaine-homelie-du-samedi-23-septembre-2023\/","title":{"rendered":"Loin de notre logique humaine &#8211; hom\u00e9lie du samedi 23 septembre 2023"},"content":{"rendered":"\n<p><\/p>\n\n\n<div class=\"wp-block-image\">\n<figure class=\"alignleft\"><img loading=\"lazy\" decoding=\"async\" width=\"63\" height=\"32\" src=\"https:\/\/eglise-visitation-dijon.net\/w3\/wp-content\/uploads\/2021\/01\/boutons-2.jpg\" alt=\"\" class=\"wp-image-7495\"\/><\/figure>\n<\/div>\n\n\n<p><em><a href=\"http:\/\/eglise-visitation-dijon.net\/w2\/homelies\/Homelie-23-septembre-2023\" target=\"_blank\" rel=\"noreferrer noopener\">t\u00e9l\u00e9charger au format pdf<\/a><\/em><\/p>\n\n\n\n<p class=\"has-text-align-right\"><a href=\"http:\/\/levangileauquotidien.org\/FR\/gospel\/2023-09-24\" target=\"_blank\" rel=\"noreferrer noopener\">Les lectures du jour<\/a><\/p>\n\n\n\n<p class=\"has-black-color has-text-color\" style=\"font-size:22px\"><strong>Loin de notre logique humaine<\/strong><\/p>\n\n\n\n<p class=\"has-black-color has-text-color\">\u00ab&nbsp;Les derniers seront premiers, et les premiers seront derniers.&nbsp;\u00bb Comment voulez-vous avec de telles d\u00e9clarations stimuler un enfant \u00e0 travailler pour obtenir la meilleure place&nbsp;? Il a de dr\u00f4les id\u00e9es, ce J\u00e9sus qui ne comprend rien \u00e0 la psychologie de l&rsquo;enfant. Et pourtant cette parole en forme de maxime a travers\u00e9 les si\u00e8cles et arrive jusqu&rsquo;\u00e0 nous ce soir. Pourquoi&nbsp;? Y a-t-il int\u00e9r\u00eat \u00e0 la retenir&nbsp;?<\/p>\n\n\n\n<p class=\"has-black-color has-text-color\">Nous voil\u00e0 au c\u0153ur de la logique de J\u00e9sus, qui ne fait que reprendre celle que le proph\u00e8te Isa\u00efe attribuait \u00e0 Dieu&nbsp;: \u00ab&nbsp;mes pens\u00e9es ne sont pas vos pens\u00e9es, vos chemins ne sont pas mes chemins&nbsp;\u00bb. Une logique qui a de quoi nous d\u00e9router totalement. A l&rsquo;image de ce que notre pape Fran\u00e7ois ne cesse de d\u00e9clarer, encore aujourd&rsquo;hui \u00e0 Marseille, et qui peut en d\u00e9concerter plus d&rsquo;un, \u00e0 savoir qu&rsquo;il nous faut sortir de notre indiff\u00e9rence devant le drame des r\u00e9fugi\u00e9s et migrants qui frappent aux portes de notre riche Europe. Devant ce drame, l&rsquo;opinion publique souvent abus\u00e9e par des propos politiciens \u00e0 courte vue, se replie sur des consid\u00e9rations purement \u00e9conomiques, sur une peur fantasm\u00e9e de perte de son identit\u00e9. Le message \u00e9vang\u00e9lique nous appelle \u00e0 un autre regard, \u00e0 celui de J\u00e9sus devant la souffrance d&rsquo;hommes et de femmes, d&rsquo;enfants, errant sur de dangereuses routes en qu\u00eate d&rsquo;un peu de vie meilleure, de s\u00e9curit\u00e9. Il s&rsquo;agit d&rsquo;une conversion radicale, qui peut r\u00e9veiller en nous une v\u00e9ritable paix int\u00e9rieure, avec la conscience que ce chemin, celui de J\u00e9sus, est un chemin de vie.<\/p>\n\n\n\n<p class=\"has-black-color has-text-color\">L&rsquo;actualit\u00e9, \u00e0 savoir le drame des migrants, la journ\u00e9e mondiale des r\u00e9fugi\u00e9s, la visite du pape \u00e0 Marseille, tout cela ne doit pas nous emp\u00eacher de visiter d&rsquo;autres aspects de notre vie et de regarder ce qui est appel\u00e9 \u00e0 vivre de cette logique de Dieu, \u00e0 l&rsquo;inverse de nos propres logiques. La parabole des vignerons met en exergue la bont\u00e9 de Dieu, qui se joue de nos \u00e9troites conceptions de la justice. Nous avons \u00e0 la recevoir avec reconnaissance, surtout si loin de nous consid\u00e9rer comme les premiers, les meilleurs, nous avons l&rsquo;humilit\u00e9 de nous savoir bien petits dans notre attention aux autres, dans nos relations empreintes de nos suffisances. Pour Dieu, tel que nous le r\u00e9v\u00e8le J\u00e9sus, pas de diff\u00e9rence, pas d&rsquo;exclusion\u2026 de quoi extirper de nous toute jalousie, et nous rendre plus ouverts \u00e0 ceux qui sont diff\u00e9rents de nous, et compr\u00e9hensifs des multiples et divers chemins que prennent les autres. Tout r\u00e9cemment encore, j&rsquo;ai \u00e9t\u00e9 \u00e9merveill\u00e9 comment des grands-parents avaient accueilli affectueusement la d\u00e9cision de leurs petits-enfants&nbsp;, quand ceux-ci avaient d\u00e9clar\u00e9 prendre leurs distances par rapport \u00e0 la foi chr\u00e9tienne.<\/p>\n\n\n\n<p class=\"has-black-color has-text-color\">C&rsquo;est donc toute notre logique humaine qui est boulevers\u00e9e, une logique mortif\u00e8re, sans avenir, et qui doit laisser place \u00e0 d&rsquo;autres priorit\u00e9s que celles du succ\u00e8s, de son petit confort, de la richesse, de la suffisance. Saint Maurice, dont c&rsquo;\u00e9tait la f\u00eate hier, et ses compagnons sont all\u00e9s jusqu&rsquo;au martyre pour t\u00e9moigner de la v\u00e9rit\u00e9 de cette logique, celle de l&rsquo;amour et de la fid\u00e9lit\u00e9. C&rsquo;est toujours \u00e0 un renouvellement de nos pens\u00e9es, \u00e0 une vie nouvelle que nous sommes invit\u00e9s&nbsp;: et sortis d&rsquo;une approche trop comptable et humaine de nos existences, nous go\u00fbterons aux joies de l&rsquo;av\u00e8nement d&rsquo;un monde transform\u00e9 et fraternel.<\/p>\n\n\n\n<p class=\"has-black-color has-text-color\"><em>Andr\u00e9 Jobard<br>23 septembre 2023<\/em><\/p>\n\n\n\n<p><\/p>\n","protected":false},"excerpt":{"rendered":"<p>\u00ab\u00a0Les derniers seront premiers, et les premiers seront derniers.\u00a0\u00bb Comment voulez-vous avec de telles d\u00e9clarations stimuler un enfant \u00e0 travailler pour obtenir la meilleure place\u00a0?<\/p>\n","protected":false},"author":1,"featured_media":0,"comment_status":"closed","ping_status":"closed","sticky":false,"template":"","format":"standard","meta":{"footnotes":""},"categories":[3],"tags":[],"class_list":["post-11698","post","type-post","status-publish","format-standard","hentry","category-paroles-de-vie"],"_links":{"self":[{"href":"https:\/\/eglise-visitation-dijon.net\/w3\/wp-json\/wp\/v2\/posts\/11698","targetHints":{"allow":["GET"]}}],"collection":[{"href":"https:\/\/eglise-visitation-dijon.net\/w3\/wp-json\/wp\/v2\/posts"}],"about":[{"href":"https:\/\/eglise-visitation-dijon.net\/w3\/wp-json\/wp\/v2\/types\/post"}],"author":[{"embeddable":true,"href":"https:\/\/eglise-visitation-dijon.net\/w3\/wp-json\/wp\/v2\/users\/1"}],"replies":[{"embeddable":true,"href":"https:\/\/eglise-visitation-dijon.net\/w3\/wp-json\/wp\/v2\/comments?post=11698"}],"version-history":[{"count":1,"href":"https:\/\/eglise-visitation-dijon.net\/w3\/wp-json\/wp\/v2\/posts\/11698\/revisions"}],"predecessor-version":[{"id":11699,"href":"https:\/\/eglise-visitation-dijon.net\/w3\/wp-json\/wp\/v2\/posts\/11698\/revisions\/11699"}],"wp:attachment":[{"href":"https:\/\/eglise-visitation-dijon.net\/w3\/wp-json\/wp\/v2\/media?parent=11698"}],"wp:term":[{"taxonomy":"category","embeddable":true,"href":"https:\/\/eglise-visitation-dijon.net\/w3\/wp-json\/wp\/v2\/categories?post=11698"},{"taxonomy":"post_tag","embeddable":true,"href":"https:\/\/eglise-visitation-dijon.net\/w3\/wp-json\/wp\/v2\/tags?post=11698"}],"curies":[{"name":"wp","href":"https:\/\/api.w.org\/{rel}","templated":true}]}}