{"id":11777,"date":"2023-10-15T13:49:09","date_gmt":"2023-10-15T11:49:09","guid":{"rendered":"http:\/\/eglise-visitation-dijon.net\/w3\/?p=11777"},"modified":"2025-07-19T10:03:42","modified_gmt":"2025-07-19T08:03:42","slug":"exhortation-apostolique-laudate-deum-4-octobre-2023","status":"publish","type":"post","link":"https:\/\/eglise-visitation-dijon.net\/w3\/exhortation-apostolique-laudate-deum-4-octobre-2023\/","title":{"rendered":"Exhortation Apostolique &#8211; Laudate Deum &#8211; 4 octobre 2023"},"content":{"rendered":"\n<p><\/p>\n\n\n\n<p class=\"has-black-color has-text-color\" style=\"font-size:22px\"><strong>Laudate Deum<\/strong><\/p>\n\n\n\n<p><\/p>\n\n\n\n<ol class=\"wp-block-list\">\n<li>La crise climatique globale<\/li>\n\n\n\n<li>Davantage de paradigme technocratique<\/li>\n\n\n\n<li>La faiblesse de la politique internationale<\/li>\n\n\n\n<li>Les Conf\u00e9rences sur le climat : progr\u00e8s et \u00e9checs<\/li>\n\n\n\n<li>Que peut-on esp\u00e9rer de la COP28 de Duba\u00ef ?<\/li>\n\n\n\n<li>Les motivations spirituelles<\/li>\n<\/ol>\n\n\n\n<p class=\"has-black-color has-text-color\"><a href=\"https:\/\/www.vatican.va\/content\/francesco\/fr\/apost_exhortations\/documents\/20231004-laudate-deum.pdf\" target=\"_blank\" rel=\"noreferrer noopener\">T\u00e9l\u00e9charger le texte int\u00e9gral<\/a><\/p>\n","protected":false},"excerpt":{"rendered":"<p>Le pape Fran\u00e7ois \u00e0 toutes les personnes de bonne volont\u00e9 sur la crise climatique (texte int\u00e9gral) &#8230;<\/p>\n","protected":false},"author":1,"featured_media":0,"comment_status":"closed","ping_status":"closed","sticky":false,"template":"","format":"standard","meta":{"footnotes":""},"categories":[17],"tags":[],"class_list":["post-11777","post","type-post","status-publish","format-standard","hentry","category-paroles"],"_links":{"self":[{"href":"https:\/\/eglise-visitation-dijon.net\/w3\/wp-json\/wp\/v2\/posts\/11777","targetHints":{"allow":["GET"]}}],"collection":[{"href":"https:\/\/eglise-visitation-dijon.net\/w3\/wp-json\/wp\/v2\/posts"}],"about":[{"href":"https:\/\/eglise-visitation-dijon.net\/w3\/wp-json\/wp\/v2\/types\/post"}],"author":[{"embeddable":true,"href":"https:\/\/eglise-visitation-dijon.net\/w3\/wp-json\/wp\/v2\/users\/1"}],"replies":[{"embeddable":true,"href":"https:\/\/eglise-visitation-dijon.net\/w3\/wp-json\/wp\/v2\/comments?post=11777"}],"version-history":[{"count":3,"href":"https:\/\/eglise-visitation-dijon.net\/w3\/wp-json\/wp\/v2\/posts\/11777\/revisions"}],"predecessor-version":[{"id":11782,"href":"https:\/\/eglise-visitation-dijon.net\/w3\/wp-json\/wp\/v2\/posts\/11777\/revisions\/11782"}],"wp:attachment":[{"href":"https:\/\/eglise-visitation-dijon.net\/w3\/wp-json\/wp\/v2\/media?parent=11777"}],"wp:term":[{"taxonomy":"category","embeddable":true,"href":"https:\/\/eglise-visitation-dijon.net\/w3\/wp-json\/wp\/v2\/categories?post=11777"},{"taxonomy":"post_tag","embeddable":true,"href":"https:\/\/eglise-visitation-dijon.net\/w3\/wp-json\/wp\/v2\/tags?post=11777"}],"curies":[{"name":"wp","href":"https:\/\/api.w.org\/{rel}","templated":true}]}}