{"id":11919,"date":"2023-11-03T09:03:36","date_gmt":"2023-11-03T08:03:36","guid":{"rendered":"http:\/\/eglise-visitation-dijon.net\/w3\/?p=11919"},"modified":"2024-11-04T11:16:01","modified_gmt":"2024-11-04T10:16:01","slug":"jesus-se-mit-a-pleurer-homelie-du-2-novembre-2023-messe-des-defunts","status":"publish","type":"post","link":"https:\/\/eglise-visitation-dijon.net\/w3\/jesus-se-mit-a-pleurer-homelie-du-2-novembre-2023-messe-des-defunts\/","title":{"rendered":"\u00ab\u00a0J\u00e9sus se mit \u00e0 pleurer\u00a0\u00bb &#8211; hom\u00e9lie du 2 novembre 2023 &#8211; messe des d\u00e9funts"},"content":{"rendered":"\n<p><\/p>\n\n\n<div class=\"wp-block-image\">\n<figure class=\"alignleft\"><img loading=\"lazy\" decoding=\"async\" width=\"63\" height=\"32\" src=\"https:\/\/eglise-visitation-dijon.net\/w3\/wp-content\/uploads\/2021\/01\/boutons-2.jpg\" alt=\"\" class=\"wp-image-7495\"\/><\/figure>\n<\/div>\n\n\n<p><em><a href=\"http:\/\/eglise-visitation-dijon.net\/w2\/homelies\/Homelie-2-novembre-2023-VB\" target=\"_blank\" rel=\"noreferrer noopener\">T\u00e9l\u00e9charger au format pdf<\/a><\/em><\/p>\n\n\n\n<p class=\"has-text-align-right\"><a href=\"http:\/\/levangileauquotidien.org\/FR\/gospel\/2023-11-02\" target=\"_blank\" rel=\"noreferrer noopener\">Les lectures du jour<\/a><\/p>\n\n\n\n<p class=\"has-black-color has-text-color\" style=\"font-size:22px\"><strong>\u00ab\u00a0J\u00e9sus se mit \u00e0 pleurer\u00a0\u00bb<\/strong><\/p>\n\n\n\n<p class=\"has-black-color has-text-color\"><em>Alors J\u00e9sus se mit \u00e0 pleurer. Les Juifs disaient \u00ab\u00a0Voyez comme il l&rsquo;aimait !\u00a0\u00bb <\/em>La suite de ce texte, beaucoup d&rsquo;entre vous la connaissent. J\u00e9sus fera sortir Lazare du tombeau. Il le rel\u00e8vera de la mort comme il l&rsquo;avait laiss\u00e9 entendre en r\u00e9ponse \u00e0 la Foi de Marthe : <em>\u00ab\u00a0Moi je suis la r\u00e9surrection et la vie. Celui qui croit en moi, m\u00eame s&rsquo;il meurt, vivra.\u00a0\u00bb<\/em> Ce retour \u00e0 la vie de Lazare pr\u00e9figure la R\u00e9surrection de J\u00e9sus lui-m\u00eame le jour de P\u00e2ques. La R\u00e9surrection de J\u00e9sus, le n\u0153ud de la foi chr\u00e9tienne, est la clef de notre esp\u00e9rance dans une vie qui se prolonge apr\u00e8s la mort, comme l&rsquo;ap\u00f4tre Paul, le premier, l&rsquo;a compris dans sa lettre aux Thessaloniciens, cette lettre que beaucoup d&rsquo;entre vous ont lu ou fait lire lors des obs\u00e8ques. Paul dit \u00e0 ses amis : <em>J\u00e9sus nous le croyons est mort et ressuscit\u00e9 ; de m\u00eame, nous le croyons aussi, ceux qui se sont endormis, Dieu par J\u00e9sus, les emm\u00e8nera avec lui.\u00a0\u00bb<\/em><\/p>\n\n\n\n<p class=\"has-black-color has-text-color\">Cette esp\u00e9rance est le moteur de l&rsquo;\u00e9quipe d\u2019accompagnement au deuil qui a pr\u00e9par\u00e9 avec vous la c\u00e9l\u00e9bration des obs\u00e8ques. Ensemble, nous avons partag\u00e9 cette esp\u00e9rance par des paroles et des signes, ceux de la lumi\u00e8re et de l&rsquo;eau.<\/p>\n\n\n\n<p class=\"has-black-color has-text-color\">Cependant les obs\u00e9ques sont si proches de la mort que les paroles d&rsquo;esp\u00e9rance en une vie \u00e9ternelle, \u00e9taient difficilement audibles, noy\u00e9es par le chagrin de la s\u00e9paration. Pour beaucoup l&rsquo;esp\u00e9rance est encore \u00e0 venir. C&rsquo;est pourquoi j&rsquo;ai choisi d&rsquo;interrompre la lecture du passage d&rsquo;\u00e9vangile pour mettre en relief un passage \u00e9tonnant, plein d&rsquo;humanit\u00e9. <em>Alors J\u00e9sus se mit \u00e0 pleurer. Les Juifs disaient \u00ab\u00a0Voyez comme il l&rsquo;aimait !\u00a0\u00bb<\/em><\/p>\n\n\n\n<p class=\"has-black-color has-text-color\">Dieu s&rsquo;est d&rsquo;abord fait conna\u00eetre par ses proph\u00e8tes. Mais il a fait beaucoup plus. Ce qu&rsquo;il a fait est simplement inou\u00ef. Il s&rsquo;est fait Homme en la personne de J\u00e9sus. J\u00e9sus, Dieu-fait-Homme a partag\u00e9 notre humanit\u00e9 dans toutes ses dimensions. Comme nous il a connu le travail et le repos, la joie et le plaisir, l&rsquo;amiti\u00e9 et la tendresse. Comme nous il a \u00e9t\u00e9 tent\u00e9 et il a dout\u00e9. Comme nous il a connu la souffrance, et cette souffrance particuli\u00e8re, celle du deuil.<\/p>\n\n\n\n<p class=\"has-black-color has-text-color\">J\u00e9sus, l&rsquo;Homme-Dieu, aurait pu alors se h\u00e2ter de faire revenir Lazare \u00e0 la vie. Mais avant de r\u00e9v\u00e9ler ainsi sa divinit\u00e9, J\u00e9sus, Dieu-fait-Homme a pris le temps de partager en pl\u00e9nitude notre humanit\u00e9 dans le deuil. Il a pleur\u00e9, comme nous. Il n&rsquo;a pas fait semblant. Ses larmes sont le d\u00e9versoir du trop-plein de sa compassion, cette couleur que prend l&rsquo;amour quand on partage le chagrin des autres. Ce n&rsquo;est pas tant la mort de Lazare qui le fait pleurer que le chagrin et les larmes de ses amis juifs et surtout celles de Marie, l&rsquo;amie si proche qu&rsquo;elle avait os\u00e9 essuy\u00e9 avec ses cheveux le parfum r\u00e9pandu sur ses pieds, l&rsquo;amie dont il doit maintenant essuyer les larmes.<\/p>\n\n\n\n<p class=\"has-black-color has-text-color\">\u00ab\u00a0<em>J\u00e9sus <\/em><em>se mit \u00e0 <\/em><em>pleur<\/em><em>er<\/em><em>.<\/em>\u00a0\u00bb Dans l\u2019\u00c9vangile J\u00e9sus ne cesse de nous r\u00e9v\u00e9ler son P\u00e8re. Aujourd&rsquo;hui ses larmes donnent du corps \u00e0 la tendresse de ce P\u00e8re, tendresse si souvent chant\u00e9e par les psalmistes. Dieu tendresse pleure avec ceux qui souffrent. Il ne pla\u00eet pas \u00e0 Dieu que les Hommes souffrent.<\/p>\n\n\n\n<p class=\"has-black-color has-text-color\"><em>Les Juifs disaient : \u00ab\u00a0Voyez comme il l&rsquo;aimait !\u00a0\u00bb <\/em>Ils ont compris que l&rsquo;amour \u00e9tait le fil directeur de la vie de J\u00e9sus, cet amour qui l&rsquo;a conduit \u00e0 donner sa vie.<\/p>\n\n\n\n<p class=\"has-black-color has-text-color\">C&rsquo;est cet amour qu&rsquo;il nous transmet en nous demandant d&rsquo;aimer les autres. C&rsquo;est cet amour qu&rsquo;il nous donne \u00e0 travers l&rsquo;eucharistie que nous allons maintenant c\u00e9l\u00e9brer. Sous l&rsquo;apparence d&rsquo;une hostie J\u00e9sus s&rsquo;invite en nous, dans notre humanit\u00e9 pour nous aider \u00e0 vivre en \u00e9tant pour nos fr\u00e8res un signe de son amour pour toute l&rsquo;Humanit\u00e9.<\/p>\n\n\n\n<p class=\"has-black-color has-text-color\"><em>Vincent Boggio<br>2 novembre 2023<\/em><\/p>\n","protected":false},"excerpt":{"rendered":"<p>Comme nous il a connu la souffrance, et cette souffrance particuli\u00e8re, celle du deuil &#8230;<\/p>\n","protected":false},"author":1,"featured_media":0,"comment_status":"closed","ping_status":"closed","sticky":false,"template":"","format":"standard","meta":{"footnotes":""},"categories":[3],"tags":[],"class_list":["post-11919","post","type-post","status-publish","format-standard","hentry","category-paroles-de-vie"],"_links":{"self":[{"href":"https:\/\/eglise-visitation-dijon.net\/w3\/wp-json\/wp\/v2\/posts\/11919","targetHints":{"allow":["GET"]}}],"collection":[{"href":"https:\/\/eglise-visitation-dijon.net\/w3\/wp-json\/wp\/v2\/posts"}],"about":[{"href":"https:\/\/eglise-visitation-dijon.net\/w3\/wp-json\/wp\/v2\/types\/post"}],"author":[{"embeddable":true,"href":"https:\/\/eglise-visitation-dijon.net\/w3\/wp-json\/wp\/v2\/users\/1"}],"replies":[{"embeddable":true,"href":"https:\/\/eglise-visitation-dijon.net\/w3\/wp-json\/wp\/v2\/comments?post=11919"}],"version-history":[{"count":1,"href":"https:\/\/eglise-visitation-dijon.net\/w3\/wp-json\/wp\/v2\/posts\/11919\/revisions"}],"predecessor-version":[{"id":11920,"href":"https:\/\/eglise-visitation-dijon.net\/w3\/wp-json\/wp\/v2\/posts\/11919\/revisions\/11920"}],"wp:attachment":[{"href":"https:\/\/eglise-visitation-dijon.net\/w3\/wp-json\/wp\/v2\/media?parent=11919"}],"wp:term":[{"taxonomy":"category","embeddable":true,"href":"https:\/\/eglise-visitation-dijon.net\/w3\/wp-json\/wp\/v2\/categories?post=11919"},{"taxonomy":"post_tag","embeddable":true,"href":"https:\/\/eglise-visitation-dijon.net\/w3\/wp-json\/wp\/v2\/tags?post=11919"}],"curies":[{"name":"wp","href":"https:\/\/api.w.org\/{rel}","templated":true}]}}