{"id":12000,"date":"2023-11-21T08:35:22","date_gmt":"2023-11-21T07:35:22","guid":{"rendered":"http:\/\/eglise-visitation-dijon.net\/w3\/?p=12000"},"modified":"2024-11-04T11:16:00","modified_gmt":"2024-11-04T10:16:00","slug":"qui-a-un-seul-talent-homelie-du-dimanche-19-novembre-2023-journee-mondiale-des-pauvres","status":"publish","type":"post","link":"https:\/\/eglise-visitation-dijon.net\/w3\/qui-a-un-seul-talent-homelie-du-dimanche-19-novembre-2023-journee-mondiale-des-pauvres\/","title":{"rendered":"Qui a un seul talent\u00a0? &#8211; hom\u00e9lie du dimanche 19 novembre 2023 &#8211; Journ\u00e9e mondiale des pauvres"},"content":{"rendered":"\n<p><\/p>\n\n\n<div class=\"wp-block-image\">\n<figure class=\"alignleft\"><img loading=\"lazy\" decoding=\"async\" width=\"63\" height=\"32\" src=\"https:\/\/eglise-visitation-dijon.net\/w3\/wp-content\/uploads\/2021\/01\/boutons-2.jpg\" alt=\"\" class=\"wp-image-7495\"\/><\/figure>\n<\/div>\n\n\n<p><em><a href=\"http:\/\/eglise-visitation-dijon.net\/w2\/homelies\/Homelie-19-novembre-2023\" target=\"_blank\" rel=\"noreferrer noopener\">T\u00e9l\u00e9charger au format pdf<\/a><\/em><\/p>\n\n\n\n<p class=\"has-text-align-right\"><a href=\"http:\/\/levangileauquotidien.org\/FR\/gospel\/2023-11-19\" target=\"_blank\" rel=\"noreferrer noopener\">Les lectures du jour<\/a><\/p>\n\n\n\n<p class=\"has-black-color has-text-color\" style=\"font-size:22px\"><strong>Qui a un seul talent&nbsp;?<\/strong><\/p>\n\n\n\n<p class=\"has-black-color has-text-color\">Quel est le malheureux qui n&rsquo;a qu&rsquo;un seul talent&nbsp;? C&rsquo;est la question que nous pouvons nous poser \u00e0 la suite de cet \u00e9vangile, tant n&rsquo;est pas enviable son sort. Les b\u00e9n\u00e9voles du Secours Catholique pourraient certainement vous dire que les accueillis dans leurs permanences semblent bien correspondre \u00e0 ce profil, ces personnes qui souvent n&rsquo;ont pas eu de chance au d\u00e9part de leur existence et souvent ressentent durement cette situation par rapport \u00e0 tous ceux qui, comme nous, je suppose, ont re\u00e7u beaucoup par leur culture, leur milieu social, leur \u00e9ducation, ce qui nous permet de mieux faire face aux al\u00e9as de l&rsquo;existence.<\/p>\n\n\n\n<p class=\"has-black-color has-text-color\">En posant la question de savoir quel est celui qui n&rsquo;a qu&rsquo;un seul talent, je pense \u00e0 moi, \u00e0 vous peut-\u00eatre(!), donc \u00e0 nous tous, qui trop souvent jetons un regard d&rsquo;envie sur l&rsquo;autre qui a tellement plus de talents que nous, plus de fortune, plus de relations, plus de chance. La tentation du repli sur soi est alors tr\u00e8s forte, avec en prime une certaine r\u00e9volte, un sentiment d&rsquo;injustice contre le cr\u00e9ateur qui ne nous a pas dot\u00e9s des moyens qui nous auraient permis d&rsquo;avoir une meilleure situation, une plus grande consid\u00e9ration de la part des autres. Ce qui engendre repli sur soi, jugement abrupt, et enfouissement de nos propres talents, de nos aptitudes, au d\u00e9triment de la collectivit\u00e9 qui en aurait tant besoin. Avec en prime ces r\u00e9actions du style&nbsp;: \u00ab surtout je ne m\u00eale pas de tel probl\u00e8me, pas envie d&rsquo;avoir des histoires, les uns tels, bien plus comp\u00e9tents que moi vont bien s&rsquo;en occuper, mieux vaut me taire plut\u00f4t que de me risquer \u00e0 \u00eatre soumis \u00e0 la critique&nbsp;!&nbsp;\u00bb C&rsquo;est ainsi que l&#8217;emporte seulement le souci d&rsquo;\u00eatre en r\u00e8gle, de permettre \u00e0 Dieu de r\u00e9cup\u00e9rer son bien, puisque que nous avons sous-estim\u00e9 nos capacit\u00e9s, sans chercher ce qui pouvait jaillir de neuf de notre unique talent. Je pense qu&rsquo;une telle attitude nous guette tous, et quand J\u00e9sus, \u00e0 la fin de la parabole menace des foudres \u00e9ternelles le d\u00e9tenteur d&rsquo;un seul talent, il ne fait que d\u00e9crire l&rsquo;insatisfaction et la tristesse que nous pouvons ressentir quand nous n&rsquo;avons pas fait fructifier notre talent.<\/p>\n\n\n\n<p class=\"has-black-color has-text-color\">En revanche nous pouvons \u00eatre t\u00e9moins de la formidable \u00e9nergie que d\u00e9ploient ceux que l&rsquo;on pense n&rsquo;avoir qu&rsquo;un seul talent, notamment les pauvres qui frappent aux portes du Secours Catholique ou de tant d&rsquo;autres organismes de solidarit\u00e9. Ils n&rsquo;h\u00e9sitent pas \u00e0 faire fructifier le peu qu&rsquo;ils ont&nbsp;: l&rsquo;envie de r\u00e9ussir, de donner un avenir \u00e0 leurs enfants, de s&rsquo;int\u00e9grer dans notre pays apr\u00e8s avoir \u00e9t\u00e9 chass\u00e9s du leur, par la guerre ou la r\u00e9cession \u00e9conomique. Ils nous r\u00e9veillent de nos torpeurs, ils nous obligent \u00e0 regarder autrement la r\u00e9alit\u00e9 du monde, avec ses crises, ses tentatives de r\u00e9conciliation, ses difficult\u00e9s \u00e0 prot\u00e9ger la plan\u00e8te. Ils nous invitent \u00e0 un autre regard sur leur existence. Et j&rsquo;entends bien J\u00e9sus, comme ce ma\u00eetre dans la parabole, leur dire&nbsp;: &lsquo;tr\u00e8s bien&nbsp;, serviteur bon et fid\u00e8le, tu as \u00e9t\u00e9 fid\u00e8le en peu de choses, je t&rsquo;en confierai beaucoup&nbsp;; entre dans la joie de ton Seigneur.&rsquo;<\/p>\n\n\n\n<p class=\"has-black-color has-text-color\">En cette journ\u00e9e mondiale des pauvres, o\u00f9 notre pape reprend la parole de Tobie dans la bible \u00ab&nbsp;Ne d\u00e9tourne ton visage d&rsquo;aucun pauvre&nbsp;\u00bb, en cette journ\u00e9e nationale du Secours Catholique, faisons fructifier nos talents, m\u00eame si devant l&rsquo;immensit\u00e9 de la pauvret\u00e9 et des d\u00e9fis qu&rsquo;elle appelle, nous avons le sentiment de ne pas en avoir beaucoup. Le Seigneur parti en voyage nous confie cette formidable t\u00e2che&nbsp;: construire un monde juste et fraternel&nbsp;; ne nous d\u00e9robons pas \u00e0 cette responsabilit\u00e9&nbsp;; les pauvres, ce dont ils ont le plus besoin, c&rsquo;est de notre humanit\u00e9, de notre c\u0153ur ouvert \u00e0 l&rsquo;amour, peu importe que nous ayons cinq, deux ou un seul talent.<\/p>\n\n\n\n<p class=\"has-black-color has-text-color\"><em>Andr\u00e9 Jobard<br>19 novembre 2023<\/em><\/p>\n","protected":false},"excerpt":{"rendered":"<p>Quel est le malheureux qui n&rsquo;a qu&rsquo;un seul talent\u00a0? C&rsquo;est la question que nous pouvons nous poser \u00e0 la suite de cet \u00e9vangile, tant n&rsquo;est pas enviable son sort &#8230;<\/p>\n","protected":false},"author":1,"featured_media":0,"comment_status":"closed","ping_status":"closed","sticky":false,"template":"","format":"standard","meta":{"footnotes":""},"categories":[3],"tags":[],"class_list":["post-12000","post","type-post","status-publish","format-standard","hentry","category-paroles-de-vie"],"_links":{"self":[{"href":"https:\/\/eglise-visitation-dijon.net\/w3\/wp-json\/wp\/v2\/posts\/12000","targetHints":{"allow":["GET"]}}],"collection":[{"href":"https:\/\/eglise-visitation-dijon.net\/w3\/wp-json\/wp\/v2\/posts"}],"about":[{"href":"https:\/\/eglise-visitation-dijon.net\/w3\/wp-json\/wp\/v2\/types\/post"}],"author":[{"embeddable":true,"href":"https:\/\/eglise-visitation-dijon.net\/w3\/wp-json\/wp\/v2\/users\/1"}],"replies":[{"embeddable":true,"href":"https:\/\/eglise-visitation-dijon.net\/w3\/wp-json\/wp\/v2\/comments?post=12000"}],"version-history":[{"count":1,"href":"https:\/\/eglise-visitation-dijon.net\/w3\/wp-json\/wp\/v2\/posts\/12000\/revisions"}],"predecessor-version":[{"id":12001,"href":"https:\/\/eglise-visitation-dijon.net\/w3\/wp-json\/wp\/v2\/posts\/12000\/revisions\/12001"}],"wp:attachment":[{"href":"https:\/\/eglise-visitation-dijon.net\/w3\/wp-json\/wp\/v2\/media?parent=12000"}],"wp:term":[{"taxonomy":"category","embeddable":true,"href":"https:\/\/eglise-visitation-dijon.net\/w3\/wp-json\/wp\/v2\/categories?post=12000"},{"taxonomy":"post_tag","embeddable":true,"href":"https:\/\/eglise-visitation-dijon.net\/w3\/wp-json\/wp\/v2\/tags?post=12000"}],"curies":[{"name":"wp","href":"https:\/\/api.w.org\/{rel}","templated":true}]}}