{"id":12131,"date":"2023-12-26T08:06:57","date_gmt":"2023-12-26T07:06:57","guid":{"rendered":"http:\/\/eglise-visitation-dijon.net\/w3\/?p=12131"},"modified":"2024-11-04T12:13:11","modified_gmt":"2024-11-04T11:13:11","slug":"cuvee-speciale-2024","status":"publish","type":"post","link":"https:\/\/eglise-visitation-dijon.net\/w3\/cuvee-speciale-2024\/","title":{"rendered":"Cuv\u00e9e sp\u00e9ciale 2024"},"content":{"rendered":"\n<p><\/p>\n\n\n<div class=\"wp-block-image\">\n<figure class=\"alignleft size-full\"><img loading=\"lazy\" decoding=\"async\" width=\"296\" height=\"305\" src=\"https:\/\/eglise-visitation-dijon.net\/w3\/wp-content\/uploads\/2023\/12\/Cuvee-speciale.jpg\" alt=\"\" class=\"wp-image-12132\" srcset=\"https:\/\/eglise-visitation-dijon.net\/w3\/wp-content\/uploads\/2023\/12\/Cuvee-speciale.jpg 296w, https:\/\/eglise-visitation-dijon.net\/w3\/wp-content\/uploads\/2023\/12\/Cuvee-speciale-291x300.jpg 291w, https:\/\/eglise-visitation-dijon.net\/w3\/wp-content\/uploads\/2023\/12\/Cuvee-speciale-146x150.jpg 146w\" sizes=\"auto, (max-width: 296px) 100vw, 296px\" \/><\/figure>\n<\/div>\n\n\n<p class=\"has-black-color has-text-color\">Dans le monde du vin, de temps \u00e0 autre une cuv\u00e9e dite &lsquo;sp\u00e9ciale&rsquo; veut attirer l&rsquo;attention sur une production particuli\u00e8re, excellemment r\u00e9ussie. Fils de vigneron je reprends \u00e0 mon compte cette tradition pour relever le c\u00f4t\u00e9 particulier de cette ann\u00e9e 2024, que nous nous souhaitons tous bonne et heureuse.<br>Pour moi, 2024 c&rsquo;est l&rsquo;\u00e2ge o\u00f9 je peux faire valoir mes droits \u00e0 la retraite, ce qui implique que je quitte cette ch\u00e8re paroisse de la Visitation \u00e0 l&rsquo;\u00e9t\u00e9 prochain. Inutile de dire que l&rsquo;ann\u00e9e va \u00eatre riche en \u00e9motions aussi bien chez moi que chez un certain nombre de paroissiens. Nous pouvons souhaiter que nos coeurs ne se referment pas sur des regrets, sur des peurs, mais au contraire qu&rsquo;ils s&rsquo;ouvrent \u00e0 ce que la vie nous apportera de beau \u00e0 travers ces changements.<br>En ces jours o\u00f9 nous f\u00eatons la nativit\u00e9 de J\u00e9sus, qui a bouscul\u00e9 bien des projets chez Joseph, Marie et tant d&rsquo;autres, laissons-nous porter par l&rsquo;Esprit qui saura nous guider sur ces chemins nouveaux et permettre ainsi d&rsquo;\u00eatre acteurs du royaume inaugur\u00e9 par J\u00e9sus.<br>Alors, trinquons \u00e0 cette nouvelle ann\u00e9e avec le bon vin de la cuv\u00e9e sp\u00e9ciale 2024 !<br><\/p>\n\n\n\n<p class=\"has-black-color has-text-color\"><em>Andr\u00e9 Jobard<\/em><\/p>\n\n\n\n<p><em>23 d\u00e9cembre 2023<\/em><\/p>\n","protected":false},"excerpt":{"rendered":"<p>Dans le monde du vin, de temps \u00e0 autre une cuv\u00e9e dite &lsquo;sp\u00e9ciale&rsquo; veut attirer l&rsquo;attention sur une production particuli\u00e8re, excellemment r\u00e9ussie &#8230;<\/p>\n","protected":false},"author":1,"featured_media":12132,"comment_status":"closed","ping_status":"closed","sticky":false,"template":"","format":"standard","meta":{"footnotes":""},"categories":[17],"tags":[],"class_list":["post-12131","post","type-post","status-publish","format-standard","has-post-thumbnail","hentry","category-paroles"],"_links":{"self":[{"href":"https:\/\/eglise-visitation-dijon.net\/w3\/wp-json\/wp\/v2\/posts\/12131","targetHints":{"allow":["GET"]}}],"collection":[{"href":"https:\/\/eglise-visitation-dijon.net\/w3\/wp-json\/wp\/v2\/posts"}],"about":[{"href":"https:\/\/eglise-visitation-dijon.net\/w3\/wp-json\/wp\/v2\/types\/post"}],"author":[{"embeddable":true,"href":"https:\/\/eglise-visitation-dijon.net\/w3\/wp-json\/wp\/v2\/users\/1"}],"replies":[{"embeddable":true,"href":"https:\/\/eglise-visitation-dijon.net\/w3\/wp-json\/wp\/v2\/comments?post=12131"}],"version-history":[{"count":2,"href":"https:\/\/eglise-visitation-dijon.net\/w3\/wp-json\/wp\/v2\/posts\/12131\/revisions"}],"predecessor-version":[{"id":12134,"href":"https:\/\/eglise-visitation-dijon.net\/w3\/wp-json\/wp\/v2\/posts\/12131\/revisions\/12134"}],"wp:featuredmedia":[{"embeddable":true,"href":"https:\/\/eglise-visitation-dijon.net\/w3\/wp-json\/wp\/v2\/media\/12132"}],"wp:attachment":[{"href":"https:\/\/eglise-visitation-dijon.net\/w3\/wp-json\/wp\/v2\/media?parent=12131"}],"wp:term":[{"taxonomy":"category","embeddable":true,"href":"https:\/\/eglise-visitation-dijon.net\/w3\/wp-json\/wp\/v2\/categories?post=12131"},{"taxonomy":"post_tag","embeddable":true,"href":"https:\/\/eglise-visitation-dijon.net\/w3\/wp-json\/wp\/v2\/tags?post=12131"}],"curies":[{"name":"wp","href":"https:\/\/api.w.org\/{rel}","templated":true}]}}