{"id":12176,"date":"2023-12-27T09:52:39","date_gmt":"2023-12-27T08:52:39","guid":{"rendered":"http:\/\/eglise-visitation-dijon.net\/w3\/?p=12176"},"modified":"2024-11-04T11:15:11","modified_gmt":"2024-11-04T10:15:11","slug":"rendez-vous-manque-homelie-du-24-decembre-2023-nuit-de-noel","status":"publish","type":"post","link":"https:\/\/eglise-visitation-dijon.net\/w3\/rendez-vous-manque-homelie-du-24-decembre-2023-nuit-de-noel\/","title":{"rendered":"Rendez-vous manqu\u00e9 &#8211; hom\u00e9lie du 24 d\u00e9cembre 2023 &#8211; 18:30 &#8211; Nuit de No\u00ebl"},"content":{"rendered":"\n<p><\/p>\n\n\n<div class=\"wp-block-image\">\n<figure class=\"alignleft\"><img loading=\"lazy\" decoding=\"async\" width=\"63\" height=\"32\" src=\"https:\/\/eglise-visitation-dijon.net\/w3\/wp-content\/uploads\/2021\/01\/boutons-2.jpg\" alt=\"\" class=\"wp-image-7495\"\/><\/figure>\n<\/div>\n\n\n<p><em><a href=\"http:\/\/eglise-visitation-dijon.net\/w2\/homelies\/Homelie-24-decembre-2023-Noel\" target=\"_blank\" rel=\"noreferrer noopener\">T\u00e9l\u00e9charger au format pdf<\/a><\/em><\/p>\n\n\n\n<p class=\"has-text-align-right\"><a href=\"http:\/\/levangileauquotidien.org\/FR\/gospel\/2023-12-25\" target=\"_blank\" rel=\"noreferrer noopener\">Les lectures du jour<\/a><\/p>\n\n\n\n<p class=\"has-black-color has-text-color\" style=\"font-size:22px\"><strong>Rendez-vous manqu\u00e9<\/strong><\/p>\n\n\n\n<p class=\"has-black-color has-text-color\">Ce matin, j&rsquo;ai ressenti l&rsquo;urgence d&rsquo;aller consulter un psychanalyste, \u00e0 la suite des r\u00eaves que je vis depuis un certain temps&nbsp;; d\u00e9j\u00e0 hier je vous racontais celui de ma derni\u00e8re nuit, et voil\u00e0 que cette nuit encore, je fus transport\u00e9 dans un monde imaginaire, o\u00f9, tenez-vous bien, j&rsquo;\u00e9tais exclu de la cr\u00e8che&nbsp;: il n&rsquo;y avait plus de place, elle \u00e9tait envahie de moutons avec leurs bergers, il y avait aussi des bovins, et puis toute une troupe c\u00e9leste qui chantait \u00e0 tue-t\u00eate des cantiques. Pour justifier mon exclusion, on m&rsquo;a seulement dit&nbsp;: ici il n&rsquo;y a que les pauvres qui ont droit d&rsquo;entrer.<\/p>\n\n\n\n<p class=\"has-black-color has-text-color\">Devinez mon \u00e9tat d&rsquo;\u00e2me \u00e0 mon r\u00e9veil&nbsp;! Moi qui me pr\u00e9parais \u00e0 \u00e9crire de belles paroles sur la cr\u00e8che, sur l&rsquo;amour qui partant de la cr\u00e8che devait rayonner sur le monde entier, me voil\u00e0 an\u00e9anti par la vision de cette sc\u00e8ne apocalyptique. J&rsquo;\u00e9tais donc trop riche, le traitement que me donne mon \u00e9v\u00eaque \u00e9tait trop gros, j&rsquo;habitais dans un palais trop luxueux&nbsp;! Et puis, le service des pauvres \u00e9tait le dernier de mes soucis! De quoi me demander o\u00f9 pouvait se nicher ma pr\u00e9tendue richesse qui m&rsquo;exclut de la cr\u00e8che. Voil\u00e0 bien des questions qui me tourmentaient, au point d&rsquo;envisager l&rsquo;aide d&rsquo;un psychanalyste.<\/p>\n\n\n\n<p class=\"has-black-color has-text-color\">Mais avant de prendre rendez-vous, j&rsquo;ai ouvert ma bible. En lisant ce que dit le proph\u00e8te Isa\u00efe, son annonce de l&rsquo;arriv\u00e9e d&rsquo;une lumi\u00e8re sur les habitants de l&rsquo;ombre, je me suis dit&nbsp;:&nbsp;\u00ab&nbsp;encore un qui n&rsquo;a pas ouvert sa t\u00e9l\u00e9 ces jours-ci, qui ne sait pas que la guerre tue des civils innocents \u00e0 Gaza, en Isra\u00ebl, en Ukraine, que le pays des droits de l&rsquo;homme, notre pays, est tent\u00e9 de mettre sous le tapis la dignit\u00e9 de certaines personnes, etc&#8230; Isa\u00efe n&rsquo;est plus dans le coup, ses propos sont de la pure utopie.&nbsp;\u00bb Il faut bien reconna\u00eetre que la paix est encore loin, et que ce n&rsquo;est pas la peine de se bercer d&rsquo;illusions sous pr\u00e9texte que nous sommes \u00e0 No\u00ebl. Je me demandais comment on pouvait croire qu&rsquo;un b\u00e9b\u00e9 n\u00e9 il y a 2000 ans dans une mangeoire \u00e0 animaux au cours de l&rsquo;exode de ses parents allait changer le monde. Je rejoignais en cela la cohorte de tous mes contemporains qui ont des id\u00e9es sur tout, des solutions magiques et radicales et qui pensent que seule une v\u00e9ritable r\u00e9volution politique peut remettre de l&rsquo;ordre dans les rapports internationaux. J&rsquo;\u00e9tais riche de toutes ces certitudes, quand je me suis rendu compte qu&rsquo;avec ces id\u00e9es en t\u00eate, effectivement je n&rsquo;avais pas ma place dans la cr\u00e8che, que ma d\u00e9marche \u00e9tait inutile.<\/p>\n\n\n\n<p class=\"has-black-color has-text-color\">La cr\u00e8che en effet est le rendez-vous de tous ceux qui n&rsquo;ont rien \u00e0 pr\u00e9senter \u00e0 Dieu, ceux dont on n&rsquo;attend rien, comme les bergers, qui se savent bien d\u00e9pass\u00e9s par les \u00e9v\u00e9nements. En venant \u00e0 la cr\u00e8che les mains vides, ils gardent intacte leur confiance en Dieu qui manifeste sa fid\u00e9lit\u00e9 en nous donnant son fils, J\u00e9sus. Nous, ce soir, apr\u00e8s avoir entrepris notre marche depuis plusieurs semaines comme en t\u00e9moignent toutes ces silhouettes accroch\u00e9es sur les murs de l&rsquo;\u00e9glise, nous venons \u00e0 la cr\u00e8che, peut-\u00eatre le c\u0153ur plein de nos soucis, de nos peines. Nous allons dire \u00e0 ce J\u00e9sus, si vuln\u00e9rable, si proche de nous, nos propres difficult\u00e9s, et bien s\u00fbr nos esp\u00e9rances et nos joies du moment. Et l\u00e0 nous ne risquons pas d&rsquo;\u00eatre repouss\u00e9s.<\/p>\n\n\n\n<p class=\"has-black-color has-text-color\">Et personnellement j&rsquo;esp\u00e8re que ma prochaine nuit ne sera pas troubl\u00e9e par de mauvais cauchemars et que je n&rsquo;aurai pas besoin de prendre rendez-vous chez le psychanalyste.<\/p>\n\n\n\n<p><em>Andr\u00e9 Jobard<br>23 d\u00e9cembre 2023<\/em><\/p>\n","protected":false},"excerpt":{"rendered":"<p>Ce matin, j&rsquo;ai ressenti l&rsquo;urgence d&rsquo;aller consulter un psychanalyste, \u00e0 la suite des r\u00eaves que je vis depuis un certain temps &#8230;<\/p>\n","protected":false},"author":1,"featured_media":0,"comment_status":"closed","ping_status":"closed","sticky":false,"template":"","format":"standard","meta":{"footnotes":""},"categories":[3],"tags":[],"class_list":["post-12176","post","type-post","status-publish","format-standard","hentry","category-paroles-de-vie"],"_links":{"self":[{"href":"https:\/\/eglise-visitation-dijon.net\/w3\/wp-json\/wp\/v2\/posts\/12176","targetHints":{"allow":["GET"]}}],"collection":[{"href":"https:\/\/eglise-visitation-dijon.net\/w3\/wp-json\/wp\/v2\/posts"}],"about":[{"href":"https:\/\/eglise-visitation-dijon.net\/w3\/wp-json\/wp\/v2\/types\/post"}],"author":[{"embeddable":true,"href":"https:\/\/eglise-visitation-dijon.net\/w3\/wp-json\/wp\/v2\/users\/1"}],"replies":[{"embeddable":true,"href":"https:\/\/eglise-visitation-dijon.net\/w3\/wp-json\/wp\/v2\/comments?post=12176"}],"version-history":[{"count":4,"href":"https:\/\/eglise-visitation-dijon.net\/w3\/wp-json\/wp\/v2\/posts\/12176\/revisions"}],"predecessor-version":[{"id":12202,"href":"https:\/\/eglise-visitation-dijon.net\/w3\/wp-json\/wp\/v2\/posts\/12176\/revisions\/12202"}],"wp:attachment":[{"href":"https:\/\/eglise-visitation-dijon.net\/w3\/wp-json\/wp\/v2\/media?parent=12176"}],"wp:term":[{"taxonomy":"category","embeddable":true,"href":"https:\/\/eglise-visitation-dijon.net\/w3\/wp-json\/wp\/v2\/categories?post=12176"},{"taxonomy":"post_tag","embeddable":true,"href":"https:\/\/eglise-visitation-dijon.net\/w3\/wp-json\/wp\/v2\/tags?post=12176"}],"curies":[{"name":"wp","href":"https:\/\/api.w.org\/{rel}","templated":true}]}}