{"id":12181,"date":"2023-12-27T09:50:26","date_gmt":"2023-12-27T08:50:26","guid":{"rendered":"http:\/\/eglise-visitation-dijon.net\/w3\/?p=12181"},"modified":"2024-11-04T11:15:11","modified_gmt":"2024-11-04T10:15:11","slug":"comme-marie-dire-oui-homelie-du-samedi-23-decembre-2023-4eme-dimanche-de-lavent","status":"publish","type":"post","link":"https:\/\/eglise-visitation-dijon.net\/w3\/comme-marie-dire-oui-homelie-du-samedi-23-decembre-2023-4eme-dimanche-de-lavent\/","title":{"rendered":"Comme Marie, dire oui &#8211; hom\u00e9lie du samedi 23 d\u00e9cembre 2023 &#8211; 4\u00e8me dimanche de l&rsquo;Avent"},"content":{"rendered":"\n<p><\/p>\n\n\n<div class=\"wp-block-image\">\n<figure class=\"alignleft\"><img loading=\"lazy\" decoding=\"async\" width=\"63\" height=\"32\" src=\"https:\/\/eglise-visitation-dijon.net\/w3\/wp-content\/uploads\/2021\/01\/boutons-2.jpg\" alt=\"\" class=\"wp-image-7495\"\/><\/figure>\n<\/div>\n\n\n<p><em><a href=\"http:\/\/eglise-visitation-dijon.net\/w2\/homelies\/Homelie-23-decembre-2023\" target=\"_blank\" rel=\"noreferrer noopener\">T\u00e9l\u00e9charger au format pdf<\/a><\/em><\/p>\n\n\n\n<p class=\"has-text-align-right\"><a href=\"http:\/\/levangileauquotidien.org\/FR\/gospel\/2023-12-24\" target=\"_blank\" rel=\"noreferrer noopener\">Les lectures du jour<\/a><\/p>\n\n\n\n<p class=\"has-black-color has-text-color\" style=\"font-size:22px\"><strong>Comme Marie, dire oui<\/strong><\/p>\n\n\n\n<p class=\"has-black-color has-text-color\">J&rsquo;ai r\u00eav\u00e9 cette nuit que, pris d&rsquo;un grand d\u00e9sir d&rsquo;honorer notre Dieu, j&rsquo;avais d\u00e9cid\u00e9 d&rsquo;agrandir notre \u00e9glise de la Visitation, en doublant sa surface, en \u00e9rigeant un vrai clocher avec un important carillon de 24 cloches&nbsp; et en installant un orgue \u00e0 tuyaux de 15 jeux; en effet le rayonnement de notre paroisse \u00e9tait tel qu&rsquo;on ne pouvait absolument plus accueillir toutes les nouvelles recrues. Quand je me suis r\u00e9veill\u00e9 ce matin, j&rsquo;ai pris la mesure de notre communaut\u00e9, et j&rsquo;ai lu le texte d&rsquo;Isa\u00efe, l&rsquo;histoire de David qui avait de grandes ambitions pour son Dieu, et peut-\u00eatre aussi pour sa propre gloire&nbsp;! \u00ab&nbsp;Le Seigneur t&rsquo;annonce qu&rsquo;il te fera lui-m\u00eame une maison.&nbsp;\u00bb Voil\u00e0 David ramen\u00e9 \u00e0 cette prise de conscience&nbsp;: c&rsquo;est le Seigneur qui construit, ce n&rsquo;est pas par ses propres m\u00e9rites que va perdurer sa royaut\u00e9.<\/p>\n\n\n\n<p class=\"has-black-color has-text-color\">Et dans la foul\u00e9e, j&rsquo;ai lu aussi le texte bien connu de l&rsquo;Annonciation, o\u00f9 Marie, apr\u00e8s avoir appris qu&rsquo;elle allait enfanter, a cette parole extraordinaire&nbsp;: \u00ab&nbsp;comment cela se fera-t-il&nbsp;?&nbsp;\u00bb et non pas \u00ab&nbsp;qu&rsquo;est-ce que je dois faire&nbsp;?&nbsp;\u00bb. C&rsquo;est comme si elle renon\u00e7ait \u00e0 se mettre en avant, en se demandant comment l&rsquo;action de Dieu va- pouvoir se r\u00e9aliser au c\u0153ur-m\u00eame de ce qu&rsquo;elle vit et qui semble de prime abord oppos\u00e9 au projet de Dieu&nbsp;? Il s&rsquo;agit donc pour Marie d&rsquo;une mise \u00e0 disposition de Dieu de toute sa personne, de ses propres projets, de ceux qu&rsquo;elle avait b\u00e2tis avec son fianc\u00e9, Joseph. Tout cela devient second, seule compte la volont\u00e9 de Dieu.<\/p>\n\n\n\n<p class=\"has-black-color has-text-color\">Les 2 figures de David et de Marie peuvent nous parler, \u00e0 nous qui sommes toujours tent\u00e9s de mettre en avant nos d\u00e9sirs de bien faire, de faire pour, de donner, d&rsquo;agir pour les pauvres, de nous mobiliser. Comme eux, laissons nous travailler par l&rsquo;Esprit Saint, pour accueillir le projet de Dieu sur nos vies, dans notre histoire, m\u00eame la plus troubl\u00e9e. Chacun de nous est peut-\u00eatre en ce moment bouscul\u00e9 dans ses projets par suite d&rsquo;une maladie, d&rsquo;un \u00e9chec professionnel, d&rsquo;un d\u00e9saccord familial ou amical, d&rsquo;un deuil. La situation internationale met \u00e0 mal nos d\u00e9sirs de paix, trouble notre tranquillit\u00e9. Face \u00e0 cela allons-nous dire oui, comme Marie&nbsp;: \u00ab&nbsp;voici la servante du Seigneur, que tout m&rsquo;advienne selon ta parole&nbsp;!&nbsp;\u00bb&nbsp;? Quel est notre oui, ce soir&nbsp;?<\/p>\n\n\n\n<p class=\"has-black-color has-text-color\">Finalement mon r\u00eave d&rsquo;une grande \u00e9glise, petit \u00e0 petit va se transformer. En effet par mon consentement \u00e0 ce qu&rsquo;est r\u00e9ellement notre paroisse, je sais que le Seigneur peut y accomplir de grandes choses, pas forc\u00e9ment visibles au grand jour mais r\u00e9elles au fond des c\u0153urs. Comme Marie, chacun de nous par son oui, peut enfanter J\u00e9sus, du moment que nous laissons l&rsquo;Esprit Saint nous couvrir de son ombre et de sa tendresse.<\/p>\n\n\n\n<p class=\"has-black-color has-text-color\"><em>Andr\u00e9 Jobard 23<br>d\u00e9cembre 2023 (4\u00e8me dimanche de l\u2019Avent)<\/em><\/p>\n","protected":false},"excerpt":{"rendered":"<p>Comme Marie, chacun de nous par son oui, peut enfanter J\u00e9sus, du moment que nous laissons l&rsquo;Esprit Saint nous couvrir de son ombre et de sa tendresse &#8230;<\/p>\n","protected":false},"author":1,"featured_media":0,"comment_status":"closed","ping_status":"open","sticky":false,"template":"","format":"standard","meta":{"footnotes":""},"categories":[3],"tags":[],"class_list":["post-12181","post","type-post","status-publish","format-standard","hentry","category-paroles-de-vie"],"_links":{"self":[{"href":"https:\/\/eglise-visitation-dijon.net\/w3\/wp-json\/wp\/v2\/posts\/12181","targetHints":{"allow":["GET"]}}],"collection":[{"href":"https:\/\/eglise-visitation-dijon.net\/w3\/wp-json\/wp\/v2\/posts"}],"about":[{"href":"https:\/\/eglise-visitation-dijon.net\/w3\/wp-json\/wp\/v2\/types\/post"}],"author":[{"embeddable":true,"href":"https:\/\/eglise-visitation-dijon.net\/w3\/wp-json\/wp\/v2\/users\/1"}],"replies":[{"embeddable":true,"href":"https:\/\/eglise-visitation-dijon.net\/w3\/wp-json\/wp\/v2\/comments?post=12181"}],"version-history":[{"count":1,"href":"https:\/\/eglise-visitation-dijon.net\/w3\/wp-json\/wp\/v2\/posts\/12181\/revisions"}],"predecessor-version":[{"id":12182,"href":"https:\/\/eglise-visitation-dijon.net\/w3\/wp-json\/wp\/v2\/posts\/12181\/revisions\/12182"}],"wp:attachment":[{"href":"https:\/\/eglise-visitation-dijon.net\/w3\/wp-json\/wp\/v2\/media?parent=12181"}],"wp:term":[{"taxonomy":"category","embeddable":true,"href":"https:\/\/eglise-visitation-dijon.net\/w3\/wp-json\/wp\/v2\/categories?post=12181"},{"taxonomy":"post_tag","embeddable":true,"href":"https:\/\/eglise-visitation-dijon.net\/w3\/wp-json\/wp\/v2\/tags?post=12181"}],"curies":[{"name":"wp","href":"https:\/\/api.w.org\/{rel}","templated":true}]}}