{"id":12224,"date":"2024-01-05T08:14:18","date_gmt":"2024-01-05T07:14:18","guid":{"rendered":"http:\/\/eglise-visitation-dijon.net\/w3\/?p=12224"},"modified":"2024-02-05T13:53:22","modified_gmt":"2024-02-05T12:53:22","slug":"la-foi-comme-gps-homelie-du-dimanche-31-decembre-2023","status":"publish","type":"post","link":"https:\/\/eglise-visitation-dijon.net\/w3\/la-foi-comme-gps-homelie-du-dimanche-31-decembre-2023\/","title":{"rendered":"La foi comme \u00ab\u00a0GPS\u00a0\u00bb &#8211; hom\u00e9lie du dimanche 31 d\u00e9cembre 2023"},"content":{"rendered":"\n<p><\/p>\n\n\n<div class=\"wp-block-image\">\n<figure class=\"alignleft\"><img loading=\"lazy\" decoding=\"async\" width=\"63\" height=\"32\" src=\"https:\/\/eglise-visitation-dijon.net\/w3\/wp-content\/uploads\/2021\/01\/boutons-2.jpg\" alt=\"\" class=\"wp-image-7495\"\/><\/figure>\n<\/div>\n\n\n<p><em><a href=\"http:\/\/eglise-visitation-dijon.net\/w2\/homelies\/Homelie-31-decembre-2023-JM\" target=\"_blank\" rel=\"noreferrer noopener\">T\u00e9l\u00e9charger au format pdf<\/a><\/em><\/p>\n\n\n\n<p class=\"has-text-align-right\"><a href=\"http:\/\/levangileauquotidien.org\/FR\/gospel\/2023-12-31\" target=\"_blank\" rel=\"noreferrer noopener\">Les lectures du jour<\/a><\/p>\n\n\n\n<p class=\"has-black-color has-text-color\" style=\"font-size:22px\"><strong>La foi comme \u00ab\u00a0GPS\u00a0\u00bb<\/strong><\/p>\n\n\n\n<p class=\"has-black-color has-text-color\"><em>Apprendre \u00e0 aimer et \u00e0 entrer en relation dans une famille et partir sans savoir o\u00f9 l\u2019on va avec la foi comme \u00ab&nbsp;GPS&nbsp;\u00bb<\/em><\/p>\n\n\n\n<p class=\"has-black-color has-text-color\">Chers fr\u00e8res et s\u0153urs, chers amis\u2026<\/p>\n\n\n\n<p class=\"has-black-color has-text-color\">Nous avons eu raison d\u2019acclamer l\u2019\u00e9vangile en chantant \u00ab&nbsp;Voici No\u00ebl All\u00e9luia&nbsp;\u00bb parce que c\u2019est encore No\u00ebl. On peut encore donner et recevoir des cadeaux. Le myst\u00e8re de No\u00ebl est si grand qu\u2019il faut bien huit jours pour le c\u00e9l\u00e9brer, de m\u00eame qu\u2019on le fait \u00e0 P\u00e2ques. Huit jours pour contempler Dieu qui se dit et qui se donne dans l\u2019humble, pauvre et fragile enfant de la cr\u00e8che. Au fond, il ne faut pas seulement huit jours, mais tous les jours d\u2019une vie pour contempler ce myst\u00e8re. Le dimanche qui intervient dans l\u2019octave de no\u00ebl, nous c\u00e9l\u00e9brons la sainte famille de J\u00e9sus, Marie et Joseph. Cette f\u00eate nous rappelle que l\u2019Emmanuel \u2013 Dieu avec nous \u2013 se manifeste dans une famille et que Dieu a eu besoin de Marie et de Joseph pour accomplir son projet. Marie et Joseph sont les mod\u00e8les d\u2019une disponibilit\u00e9 totale offerte \u00e0 Dieu pour manifester sa pr\u00e9sence dans leur vie et dans leur famille. Ils ont cru en Dieu comme Abraham dans les lectures de ce dimanche, mais aussi comme le vieux Sym\u00e9on ou la proph\u00e9tesse Anne dans l\u2019\u00e9vangile. Abraham partit sans savoir o\u00f9 il allait avec pour seule lumi\u00e8re la foi en Dieu et en sa promesse. Il n\u2019est d\u00e9j\u00e0 pas facile de marcher r\u00e9solument vers une destination que l\u2019on sait d\u2019avance. Il n\u2019est pas facile de poursuivre et d\u2019atteindre les objectifs et les r\u00e9solutions que l\u2019on prend au d\u00e9but d\u2019une nouvelle ann\u00e9e. Mais alors comment partir sans savoir o\u00f9 l\u2019on va, avec pour seule lumi\u00e8re, avec pour seul \u00ab&nbsp;GPS&nbsp;\u00bb, la foi et le d\u00e9sir d\u2019ob\u00e9ir \u00e0 Dieu. Comment le vieux Sym\u00e9on dans l\u2019\u00c9vangile peut-il reconna\u00eetre J\u00e9sus comme \u00e9tant la manifestation du salut promis par Dieu, au milieu des dizaines d\u2019enfants qui sont pr\u00e9sent\u00e9s au temple chaque jour, si ce n\u2019est par cette seule lumi\u00e8re de la foi&nbsp;? La foi qui met en route Abraham, la foi qui \u00e9claire la vision du vieux Sym\u00e9on, cette m\u00eame foi qui conduit Marie et Joseph au temple est une aventure avec Dieu. Une aventure qui ne s\u2019enracine pas dans une conviction intellectuelle ou abstraite mais dans une relation vivante et intime avec Dieu.<\/p>\n\n\n\n<p class=\"has-black-color has-text-color\">Or, la famille est le premier lieu o\u00f9 l\u2019on apprend \u00e0 entrer en relation. C\u2019est en famille que l\u2019on tisse les premi\u00e8res relations de la vie. La manifestation de l\u2019Emmanuel dans la sainte famille de Nazareth nous redit avec puissance que toute famille est \u00e9cole de vie. La famille est une \u00e9cole o\u00f9 l\u2019on apprend \u00e0 vivre, \u00e0 aimer, \u00e0 donner, \u00e0 partager, \u00e0 croire et \u00e0 faire confiance. Si l\u2019on n\u2019apprend pas \u00e0 entrer en relation avec les autres, comment peut-on \u00eatre en relation avec Dieu&nbsp;? Et o\u00f9 apprend-on \u00e0 entrer en relation et \u00e0 faire confiance si ce n\u2019est en famille&nbsp;? Tous les enfants devraient avoir la chance de grandir dans une famille unie.<\/p>\n\n\n\n<p class=\"has-black-color has-text-color\">En contemplant la Sainte Famille aujourd\u2019hui, nous pouvons demander \u00e0 l\u2019Emmanuel de visiter nos familles, afin qu\u2019elles soient pour tous leurs membres, en particulier pour les plus jeunes, cette \u00e9cole o\u00f9 l\u2019on apprend \u00e0 aimer, \u00e0 pardonner et \u00e0 partir en aventure avec la lumi\u00e8re de la foi. Amen<\/p>\n\n\n\n<p><em>Judica\u00ebl Mitokpey<br>31 d\u00e9cembre 2023 \u2013 F\u00eate de la Sainte Famille<\/em><\/p>\n","protected":false},"excerpt":{"rendered":"<p>Apprendre \u00e0 aimer et \u00e0 entrer en relation dans une famille et partir sans savoir o\u00f9 l\u2019on va avec la foi comme \u00ab GPS \u00bb &#8230;<\/p>\n","protected":false},"author":1,"featured_media":0,"comment_status":"closed","ping_status":"closed","sticky":false,"template":"","format":"standard","meta":{"footnotes":""},"categories":[3],"tags":[],"class_list":["post-12224","post","type-post","status-publish","format-standard","hentry","category-paroles-de-vie"],"_links":{"self":[{"href":"https:\/\/eglise-visitation-dijon.net\/w3\/wp-json\/wp\/v2\/posts\/12224","targetHints":{"allow":["GET"]}}],"collection":[{"href":"https:\/\/eglise-visitation-dijon.net\/w3\/wp-json\/wp\/v2\/posts"}],"about":[{"href":"https:\/\/eglise-visitation-dijon.net\/w3\/wp-json\/wp\/v2\/types\/post"}],"author":[{"embeddable":true,"href":"https:\/\/eglise-visitation-dijon.net\/w3\/wp-json\/wp\/v2\/users\/1"}],"replies":[{"embeddable":true,"href":"https:\/\/eglise-visitation-dijon.net\/w3\/wp-json\/wp\/v2\/comments?post=12224"}],"version-history":[{"count":1,"href":"https:\/\/eglise-visitation-dijon.net\/w3\/wp-json\/wp\/v2\/posts\/12224\/revisions"}],"predecessor-version":[{"id":12225,"href":"https:\/\/eglise-visitation-dijon.net\/w3\/wp-json\/wp\/v2\/posts\/12224\/revisions\/12225"}],"wp:attachment":[{"href":"https:\/\/eglise-visitation-dijon.net\/w3\/wp-json\/wp\/v2\/media?parent=12224"}],"wp:term":[{"taxonomy":"category","embeddable":true,"href":"https:\/\/eglise-visitation-dijon.net\/w3\/wp-json\/wp\/v2\/categories?post=12224"},{"taxonomy":"post_tag","embeddable":true,"href":"https:\/\/eglise-visitation-dijon.net\/w3\/wp-json\/wp\/v2\/tags?post=12224"}],"curies":[{"name":"wp","href":"https:\/\/api.w.org\/{rel}","templated":true}]}}