{"id":12238,"date":"2023-12-10T09:10:00","date_gmt":"2023-12-10T08:10:00","guid":{"rendered":"http:\/\/eglise-visitation-dijon.net\/w3\/?p=12238"},"modified":"2024-11-04T12:07:00","modified_gmt":"2024-11-04T11:07:00","slug":"en-avent-video-2-10-decembre-2023","status":"publish","type":"post","link":"https:\/\/eglise-visitation-dijon.net\/w3\/en-avent-video-2-10-decembre-2023\/","title":{"rendered":"En Avent : vid\u00e9o #2 &#8211; 10 d\u00e9cembre 2023"},"content":{"rendered":"\n<p><\/p>\n\n\n\n<p class=\"has-black-color has-text-color\">Dans la s\u00e9rie publi\u00e9e par le dioc\u00e8se : <br>Vid\u00e9o #2 &#8211; P\u00e8re Andr\u00e9 JOBARD, cur\u00e9 de la paroisse de La Visitation, aum\u00f4nier du Secours Catholique.<\/p>\n\n\n\n<p><\/p>\n\n\n\n<figure class=\"wp-block-embed is-type-video is-provider-youtube wp-block-embed-youtube wp-embed-aspect-16-9 wp-has-aspect-ratio\"><div class=\"wp-block-embed__wrapper\">\n<iframe loading=\"lazy\" title=\"En Avent ! Dimanche 10 d\u00e9cembre 2023\" width=\"500\" height=\"281\" src=\"https:\/\/www.youtube.com\/embed\/URrRftNt_bI?feature=oembed\" frameborder=\"0\" allow=\"accelerometer; autoplay; clipboard-write; encrypted-media; gyroscope; picture-in-picture; web-share\" referrerpolicy=\"strict-origin-when-cross-origin\" allowfullscreen><\/iframe>\n<\/div><\/figure>\n","protected":false},"excerpt":{"rendered":"<p>Vid\u00e9o #2 P\u00e8re Andr\u00e9 JOBARD, cur\u00e9 de la paroisse de La Visitation, aum\u00f4nier du Secours Catholique.<\/p>\n","protected":false},"author":1,"featured_media":0,"comment_status":"closed","ping_status":"open","sticky":false,"template":"","format":"standard","meta":{"footnotes":""},"categories":[17],"tags":[21],"class_list":["post-12238","post","type-post","status-publish","format-standard","hentry","category-paroles","tag-videos"],"_links":{"self":[{"href":"https:\/\/eglise-visitation-dijon.net\/w3\/wp-json\/wp\/v2\/posts\/12238","targetHints":{"allow":["GET"]}}],"collection":[{"href":"https:\/\/eglise-visitation-dijon.net\/w3\/wp-json\/wp\/v2\/posts"}],"about":[{"href":"https:\/\/eglise-visitation-dijon.net\/w3\/wp-json\/wp\/v2\/types\/post"}],"author":[{"embeddable":true,"href":"https:\/\/eglise-visitation-dijon.net\/w3\/wp-json\/wp\/v2\/users\/1"}],"replies":[{"embeddable":true,"href":"https:\/\/eglise-visitation-dijon.net\/w3\/wp-json\/wp\/v2\/comments?post=12238"}],"version-history":[{"count":2,"href":"https:\/\/eglise-visitation-dijon.net\/w3\/wp-json\/wp\/v2\/posts\/12238\/revisions"}],"predecessor-version":[{"id":12241,"href":"https:\/\/eglise-visitation-dijon.net\/w3\/wp-json\/wp\/v2\/posts\/12238\/revisions\/12241"}],"wp:attachment":[{"href":"https:\/\/eglise-visitation-dijon.net\/w3\/wp-json\/wp\/v2\/media?parent=12238"}],"wp:term":[{"taxonomy":"category","embeddable":true,"href":"https:\/\/eglise-visitation-dijon.net\/w3\/wp-json\/wp\/v2\/categories?post=12238"},{"taxonomy":"post_tag","embeddable":true,"href":"https:\/\/eglise-visitation-dijon.net\/w3\/wp-json\/wp\/v2\/tags?post=12238"}],"curies":[{"name":"wp","href":"https:\/\/api.w.org\/{rel}","templated":true}]}}