{"id":12370,"date":"2024-01-27T14:18:46","date_gmt":"2024-01-27T13:18:46","guid":{"rendered":"http:\/\/eglise-visitation-dijon.net\/w3\/?p=12370"},"modified":"2024-03-15T22:37:15","modified_gmt":"2024-03-15T21:37:15","slug":"encore-40-jours","status":"publish","type":"post","link":"https:\/\/eglise-visitation-dijon.net\/w3\/encore-40-jours\/","title":{"rendered":"Encore 40 jours &#8230;"},"content":{"rendered":"\n<p><\/p>\n\n\n\n<p class=\"has-black-color has-text-color\">C&rsquo;est le personnage \u00e9trange et sympathique Jonas qui avait l&rsquo;audace d&rsquo;annoncer aux habitants de Ninive, la ville pa\u00efenne et corrompue, que leur sort allait se jouer dans ce laps de temps de 40 jours pour changer de fond en comble leur mani\u00e8re de vivre.<\/p>\n\n\n\n<p class=\"has-black-color has-text-color\">Ces 40 jours sont pour nous cette p\u00e9riode dans laquelle nous allons entrer le mercredi des Cendres o\u00f9 nous sommes appel\u00e9s nous aussi \u00e0 un v\u00e9ritable changement de vie pour emprunter celle de J\u00e9sus.<\/p>\n\n\n\n<p class=\"has-black-color has-text-color\">Nous savons qu&rsquo;il y a toujours besoin de conversion dans nos c\u0153urs, et \u00e0 l&rsquo;heure actuelle la n\u00e9cessit\u00e9 de changer nos modes de vie si nous voulons sauver l&rsquo;humanit\u00e9 en proie \u00e0 la guerre, \u00e0 l&rsquo;injustice, \u00e0 la destruction des liens entre nous et avec la nature.<\/p>\n\n\n<div class=\"wp-block-image\">\n<figure class=\"alignleft size-full is-resized\"><img loading=\"lazy\" decoding=\"async\" src=\"https:\/\/eglise-visitation-dijon.net\/w3\/wp-content\/uploads\/2024\/01\/Livret-careme-1.png\" alt=\"\" class=\"wp-image-12374\" width=\"284\" height=\"365\" srcset=\"https:\/\/eglise-visitation-dijon.net\/w3\/wp-content\/uploads\/2024\/01\/Livret-careme-1.png 400w, https:\/\/eglise-visitation-dijon.net\/w3\/wp-content\/uploads\/2024\/01\/Livret-careme-1-233x300.png 233w, https:\/\/eglise-visitation-dijon.net\/w3\/wp-content\/uploads\/2024\/01\/Livret-careme-1-117x150.png 117w\" sizes=\"auto, (max-width: 284px) 100vw, 284px\" \/><\/figure>\n<\/div>\n\n\n<p class=\"has-black-color has-text-color\">En cela nous suivrons J\u00e9sus qui s&rsquo;est donn\u00e9 enti\u00e8rement \u00e0 son projet de salut jusqu&rsquo;\u00e0 accepter la mort. Mais depuis P\u00e2ques nous croyons que ce chemin est un chemin de pl\u00e9nitude de vie.<\/p>\n\n\n\n<p class=\"has-black-color has-text-color\">Tel est le car\u00eame qui nous conduira \u00e0 la joie de la r\u00e9surrection. Le CCFD-Terre Solidaire nous accompagnera durant ce car\u00eame. Il sera possible de se laisser guider, jour apr\u00e8s jour, par les carnets de car\u00eame disponibles dans le narthex.<\/p>\n\n\n\n<p>A.J.<\/p>\n","protected":false},"excerpt":{"rendered":"<p>Ces 40 jours sont pour nous cette p\u00e9riode dans laquelle nous allons entrer le mercredi des Cendres o\u00f9 nous sommes appel\u00e9s nous aussi \u00e0 un v\u00e9ritable changement de vie &#8230;<\/p>\n","protected":false},"author":1,"featured_media":0,"comment_status":"closed","ping_status":"open","sticky":false,"template":"","format":"standard","meta":{"footnotes":""},"categories":[17],"tags":[],"class_list":["post-12370","post","type-post","status-publish","format-standard","hentry","category-paroles"],"_links":{"self":[{"href":"https:\/\/eglise-visitation-dijon.net\/w3\/wp-json\/wp\/v2\/posts\/12370","targetHints":{"allow":["GET"]}}],"collection":[{"href":"https:\/\/eglise-visitation-dijon.net\/w3\/wp-json\/wp\/v2\/posts"}],"about":[{"href":"https:\/\/eglise-visitation-dijon.net\/w3\/wp-json\/wp\/v2\/types\/post"}],"author":[{"embeddable":true,"href":"https:\/\/eglise-visitation-dijon.net\/w3\/wp-json\/wp\/v2\/users\/1"}],"replies":[{"embeddable":true,"href":"https:\/\/eglise-visitation-dijon.net\/w3\/wp-json\/wp\/v2\/comments?post=12370"}],"version-history":[{"count":5,"href":"https:\/\/eglise-visitation-dijon.net\/w3\/wp-json\/wp\/v2\/posts\/12370\/revisions"}],"predecessor-version":[{"id":12377,"href":"https:\/\/eglise-visitation-dijon.net\/w3\/wp-json\/wp\/v2\/posts\/12370\/revisions\/12377"}],"wp:attachment":[{"href":"https:\/\/eglise-visitation-dijon.net\/w3\/wp-json\/wp\/v2\/media?parent=12370"}],"wp:term":[{"taxonomy":"category","embeddable":true,"href":"https:\/\/eglise-visitation-dijon.net\/w3\/wp-json\/wp\/v2\/categories?post=12370"},{"taxonomy":"post_tag","embeddable":true,"href":"https:\/\/eglise-visitation-dijon.net\/w3\/wp-json\/wp\/v2\/tags?post=12370"}],"curies":[{"name":"wp","href":"https:\/\/api.w.org\/{rel}","templated":true}]}}