{"id":12395,"date":"2024-02-04T21:40:13","date_gmt":"2024-02-04T20:40:13","guid":{"rendered":"http:\/\/eglise-visitation-dijon.net\/w3\/?p=12395"},"modified":"2024-10-24T16:12:22","modified_gmt":"2024-10-24T14:12:22","slug":"pieces-jointes-homelie-du-dimanche-4-fevrier-2024","status":"publish","type":"post","link":"https:\/\/eglise-visitation-dijon.net\/w3\/pieces-jointes-homelie-du-dimanche-4-fevrier-2024\/","title":{"rendered":"Pi\u00e8ces jointes \u2013 hom\u00e9lie du dimanche 4 f\u00e9vrier 2024"},"content":{"rendered":"<div class=\"wp-block-image\">\n<figure class=\"alignleft\"><img loading=\"lazy\" decoding=\"async\" width=\"63\" height=\"32\" src=\"https:\/\/eglise-visitation-dijon.net\/w3\/wp-content\/uploads\/2021\/01\/boutons-2.jpg\" alt=\"\" class=\"wp-image-7495\"\/><\/figure>\n<\/div>\n\n\n<p><em><a href=\"http:\/\/eglise-visitation-dijon.net\/w2\/homelies\/Homelie-4-fevrier-2024-VB\" target=\"_blank\" rel=\"noreferrer noopener\">T\u00e9l\u00e9charger au format pdf<\/a><\/em><\/p>\n\n\n\n<p class=\"has-text-align-right\"><a href=\"http:\/\/levangileauquotidien.org\/FR\/gospel\/2024-02-04\" target=\"_blank\" rel=\"noreferrer noopener\">Les lectures du jour<\/a><\/p>\n\n\n\n<p><\/p>\n\n\n\n<p><\/p>\n\n\n\n<p class=\"has-black-color has-text-color\" style=\"font-size:22px\"><strong>Pi\u00e8ces jointes<\/strong><\/p>\n\n\n\n<p class=\"has-black-color has-text-color\">Cette ann\u00e9e nous lisons l&rsquo;\u00e9vangile selon saint Marc. Il est court et concret. Pour le lire une soir\u00e9e suffit (comme un \u00e9pisode de Columbo ou un match de foot). Marc raconte seulement ce qui lui a \u00e9t\u00e9 transmis. Il n&rsquo;en \u00ab\u00a0rajoute\u00a0\u00bb pas. Depuis 3 dimanches nous sommes toujours dans le chapitre 1.<\/p>\n\n\n\n<p class=\"has-black-color has-text-color\">En ce temps-l\u00e0&#8230;<\/p>\n\n\n\n<p class=\"has-black-color has-text-color\">On est en Galil\u00e9e, \u00e0 Capharna\u00fcm. Marc dit que J<em>\u00e9sus proclame l\u2019\u00c9vangile de Dieu<\/em><em>. <\/em>On traduit par \u00ab\u00a0Bonne Nouvelle\u00a0\u00bb. Mais de quoi s&rsquo;agit-il ? Il dit que c&rsquo;est un enseignement, nouveau, proclam\u00e9 avec autorit\u00e9, pas comme les scribes. Mais il ne dit rien de son contenu. Pourtant \u00ab\u00a0Bonne\u00a0\u00bb et \u00ab\u00a0Nouvelle\u00a0\u00bb, c&rsquo;est une excellente accroche commerciale qui donne envie de cliquer sur la pi\u00e8ce jointe. Sauf que&#8230; il n&rsquo;y a pas de pi\u00e8ce jointe.<\/p>\n\n\n\n<p class=\"has-black-color has-text-color\">Marc entretient le suspense sur cette Bonne Nouvelle et sur la r\u00e9ponse \u00e0 la question que tout le monde se pose, \u00ab\u00a0Qui est J\u00e9sus ?\u00a0\u00bb, puisque celui-ci emp\u00eache les d\u00e9mons de le r\u00e9v\u00e9ler. Pour le savoir il faudra patienter jusqu&rsquo;au milieu du livre (la mi-temps du match). En r\u00e9alit\u00e9, l&rsquo;auteur a vendu la m\u00e8che d\u00e8s le premier verset de son livre, peut-\u00eatre sous la pression de son \u00e9diteur. Souvenez-vous, Marc, chapitre 1, verset 1, c<em>ommencement de l\u2019\u00c9vangile de J\u00e9sus-Christ, Fils de Dieu <\/em>!<\/p>\n\n\n\n<p class=\"has-black-color has-text-color\">Pour l&rsquo;instant, Marc raconte soigneusement ce que les t\u00e9moins des faits, Andr\u00e9, Pierre, Jacques et Jean lui ont transmis :<\/p>\n\n\n\n<p class=\"has-black-color has-text-color\">&#8211; les d\u00e9placements de J\u00e9sus : <em>Il sortit de la synagogue,<\/em><em>&#8230;<\/em><em> il entra dans la maison de Simon,<\/em><em>&#8230;<\/em><em> il sortit et se rendit dans un endroit d\u00e9sert,<\/em><em>&#8230;<\/em><em> il parcourut la Galil\u00e9e<\/em><em> ;<\/em><\/p>\n\n\n\n<p class=\"has-black-color has-text-color\">&#8211; ses gestes : <em>Il saisit par la main la belle-m\u00e8re de Simon,<\/em><em>&#8230;<\/em><em> il gu\u00e9rit beaucoup de gens,<\/em><em>&#8230;<\/em><em> il expulsa beaucoup de d\u00e9mons,<\/em><em>&#8230;<\/em><em> il priai<\/em><em>t ;<\/em><\/p>\n\n\n\n<p class=\"has-black-color has-text-color\">&#8211; l&rsquo;ambiance autour de lui : <em>O<\/em><em>n lui parla de la malade,<\/em><em>&#8230;<\/em><em> on lui amenait tous ceux qui \u00e9taient malades ou poss\u00e9d\u00e9s,<\/em><em>&#8230;<\/em><em> la ville enti\u00e8re se pressait \u00e0 la porte,<\/em><em>&#8230;<\/em><em> sa renomm\u00e9e se r\u00e9pandit dans toute la r\u00e9gion<\/em><em> ;<\/em><\/p>\n\n\n\n<p class=\"has-black-color has-text-color\">&#8211; et une seule phrase \u00ab\u00a0<em>Allons ailleurs afin que l\u00e0 aussi je proclame l\u2019\u00c9vangile<\/em>\u00ab\u00a0. Et toujours pas de pi\u00e8ce jointe !<\/p>\n\n\n\n<p class=\"has-black-color has-text-color\">J\u00e9sus est un gu\u00e9risseur et un ennemi du mal. Il gu\u00e9rit les malades, il chasse les d\u00e9mons, on vient vers lui&#8230; Les disciples tout neufs, encore stress\u00e9s d&rsquo;avoir \u00e9t\u00e9 soudainement arrach\u00e9s \u00e0 leurs filets de p\u00eache, ont bien enregistr\u00e9 et transmis les d\u00e9placements, les gestes de J\u00e9sus et les r\u00e9actions des gens. Mais son attitude les a tellement scotch\u00e9s qu&rsquo;ils ont oubli\u00e9 de nous dire ce qu&rsquo;il disait dans les synagogues. Peut-\u00eatre n&rsquo;ont-ils pas bien \u00e9cout\u00e9 ? Ou bien ont-ils m\u00e9lang\u00e9 son premier enseignement avec ceux qui ont suivi ?<\/p>\n\n\n\n<p class=\"has-black-color has-text-color\">On peut les comprendre. Que racontons-nous \u00e0 nos enfants de nos premiers cours \u00e0 l&rsquo;\u00e9cole ou au lyc\u00e9e, de notre premier stage professionnel, de notre premi\u00e8re s\u00e9ance de cat\u00e9chisme ? Nous racontons notre premier cartable, le look de la ma\u00eetresse, notre premi\u00e8re blouse d&rsquo;\u00e9tudiant, les manies de nos profs, la bougie allum\u00e9e par la cat\u00e9chiste et les silhouettes coll\u00e9es sur le mur. Pourvu que nos enfants ne nous demandent pas le contenu de ces enseignements nouveaux ? Nous les avons largement oubli\u00e9s. Heureusement qu&rsquo;ils se sont r\u00e9p\u00e9t\u00e9s, compl\u00e9t\u00e9s, clarifi\u00e9s et que nous nous sommes accroch\u00e9s.<\/p>\n\n\n\n<p class=\"has-black-color has-text-color\">Eux aussi, les premiers disciples se sont accroch\u00e9s. En suivant J\u00e9sus, ils sont rest\u00e9s attentifs \u00e0 ses gestes et \u00e0 ses rencontres, et ils sont devenus plus appliqu\u00e9s pour \u00e9couter son message souvent illustr\u00e9 en paraboles, \u00e0 le retenir, \u00e0 l&rsquo;incorporer dans l&rsquo;orientation de leur vie et le transmettre \u00e0 de nouveaux disciples.<\/p>\n\n\n\n<p class=\"has-black-color has-text-color\">Quand une personne qui n&rsquo;a pas re\u00e7u la Foi ou que celle-ci a quitt\u00e9e vient pour la premi\u00e8re fois \u00e0 la messe dans cette \u00e9glise, elle ne parle pas en sortant des lectures, des pri\u00e8res ou des pr\u00e9dications. Elle dit plut\u00f4t qu&rsquo;elle a appr\u00e9ci\u00e9 le lieu, l&rsquo;accueil, l&rsquo;animation, l&rsquo;entrain chantant de la communaut\u00e9. Ces signes, ces gestes et cette ambiance lui disent que la Bonne Nouvelle rend les chr\u00e9tiens heureux et qu&rsquo;elle peut \u00e0 son tour la d\u00e9couvrir en lisant le livre de Marc, lequel contient d\u00e8s les chapitres suivants de nombreuses pi\u00e8ces jointes, belles et nouvelles.<\/p>\n\n\n\n<p class=\"has-black-color has-text-color\"><em>Vincent Boogio<br>4 f\u00e9vrier 2024<\/em><\/p>\n","protected":false},"excerpt":{"rendered":"<p>Cette ann\u00e9e nous lisons l&rsquo;\u00e9vangile selon saint Marc. Il est court et concret &#8230;<\/p>\n","protected":false},"author":1,"featured_media":0,"comment_status":"closed","ping_status":"closed","sticky":false,"template":"","format":"standard","meta":{"footnotes":""},"categories":[3],"tags":[],"class_list":["post-12395","post","type-post","status-publish","format-standard","hentry","category-paroles-de-vie"],"_links":{"self":[{"href":"https:\/\/eglise-visitation-dijon.net\/w3\/wp-json\/wp\/v2\/posts\/12395","targetHints":{"allow":["GET"]}}],"collection":[{"href":"https:\/\/eglise-visitation-dijon.net\/w3\/wp-json\/wp\/v2\/posts"}],"about":[{"href":"https:\/\/eglise-visitation-dijon.net\/w3\/wp-json\/wp\/v2\/types\/post"}],"author":[{"embeddable":true,"href":"https:\/\/eglise-visitation-dijon.net\/w3\/wp-json\/wp\/v2\/users\/1"}],"replies":[{"embeddable":true,"href":"https:\/\/eglise-visitation-dijon.net\/w3\/wp-json\/wp\/v2\/comments?post=12395"}],"version-history":[{"count":2,"href":"https:\/\/eglise-visitation-dijon.net\/w3\/wp-json\/wp\/v2\/posts\/12395\/revisions"}],"predecessor-version":[{"id":13309,"href":"https:\/\/eglise-visitation-dijon.net\/w3\/wp-json\/wp\/v2\/posts\/12395\/revisions\/13309"}],"wp:attachment":[{"href":"https:\/\/eglise-visitation-dijon.net\/w3\/wp-json\/wp\/v2\/media?parent=12395"}],"wp:term":[{"taxonomy":"category","embeddable":true,"href":"https:\/\/eglise-visitation-dijon.net\/w3\/wp-json\/wp\/v2\/categories?post=12395"},{"taxonomy":"post_tag","embeddable":true,"href":"https:\/\/eglise-visitation-dijon.net\/w3\/wp-json\/wp\/v2\/tags?post=12395"}],"curies":[{"name":"wp","href":"https:\/\/api.w.org\/{rel}","templated":true}]}}