{"id":12414,"date":"2024-02-09T16:57:51","date_gmt":"2024-02-09T15:57:51","guid":{"rendered":"http:\/\/eglise-visitation-dijon.net\/w3\/?p=12414"},"modified":"2024-10-24T16:13:03","modified_gmt":"2024-10-24T14:13:03","slug":"message-du-pape-pour-le-careme-2024","status":"publish","type":"post","link":"https:\/\/eglise-visitation-dijon.net\/w3\/message-du-pape-pour-le-careme-2024\/","title":{"rendered":"Message du Pape pour le Car\u00eame 2024"},"content":{"rendered":"\n<p><\/p>\n\n\n\n<p style=\"font-size:22px\"><strong>\u00ab&nbsp;\u00c0 travers le d\u00e9sert Dieu nous guide vers la libert\u00e9 &nbsp;\u00bb<\/strong><\/p>\n\n\n\n<p class=\"has-black-color has-text-color\">Lorsque notre Dieu se r\u00e9v\u00e8le, il communique la libert\u00e9&nbsp;: \u00ab&nbsp;Je suis le Seigneur ton Dieu, qui t\u2019ai fait sortir du pays d\u2019\u00c9gypte, de la maison d\u2019esclavage&nbsp;\u00bb (<em>Ex<\/em> 20, 2). C\u2019est ainsi que s\u2019ouvre le D\u00e9calogue donn\u00e9 \u00e0 Mo\u00efse sur le mont Sina\u00ef. Le peuple sait bien de quel exode Dieu parle : l\u2019exp\u00e9rience de l\u2019esclavage est encore grav\u00e9e dans sa chair. Il re\u00e7oit les dix consignes dans le d\u00e9sert comme un chemin vers la libert\u00e9.<\/p>\n\n\n\n<p><a href=\"https:\/\/eglise.catholique.fr\/vatican\/messages-du-pape-francois\/476306-careme\/\" target=\"_blank\" rel=\"noreferrer noopener\">Lire le texte int\u00e9gral<\/a><\/p>\n","protected":false},"excerpt":{"rendered":"<p>\u00ab\u00a0\u00c0 travers le d\u00e9sert Dieu nous guide vers la libert\u00e9 \u00a0\u00bb<\/p>\n","protected":false},"author":1,"featured_media":0,"comment_status":"closed","ping_status":"closed","sticky":false,"template":"","format":"standard","meta":{"footnotes":""},"categories":[17],"tags":[],"class_list":["post-12414","post","type-post","status-publish","format-standard","hentry","category-paroles"],"_links":{"self":[{"href":"https:\/\/eglise-visitation-dijon.net\/w3\/wp-json\/wp\/v2\/posts\/12414","targetHints":{"allow":["GET"]}}],"collection":[{"href":"https:\/\/eglise-visitation-dijon.net\/w3\/wp-json\/wp\/v2\/posts"}],"about":[{"href":"https:\/\/eglise-visitation-dijon.net\/w3\/wp-json\/wp\/v2\/types\/post"}],"author":[{"embeddable":true,"href":"https:\/\/eglise-visitation-dijon.net\/w3\/wp-json\/wp\/v2\/users\/1"}],"replies":[{"embeddable":true,"href":"https:\/\/eglise-visitation-dijon.net\/w3\/wp-json\/wp\/v2\/comments?post=12414"}],"version-history":[{"count":2,"href":"https:\/\/eglise-visitation-dijon.net\/w3\/wp-json\/wp\/v2\/posts\/12414\/revisions"}],"predecessor-version":[{"id":13310,"href":"https:\/\/eglise-visitation-dijon.net\/w3\/wp-json\/wp\/v2\/posts\/12414\/revisions\/13310"}],"wp:attachment":[{"href":"https:\/\/eglise-visitation-dijon.net\/w3\/wp-json\/wp\/v2\/media?parent=12414"}],"wp:term":[{"taxonomy":"category","embeddable":true,"href":"https:\/\/eglise-visitation-dijon.net\/w3\/wp-json\/wp\/v2\/categories?post=12414"},{"taxonomy":"post_tag","embeddable":true,"href":"https:\/\/eglise-visitation-dijon.net\/w3\/wp-json\/wp\/v2\/tags?post=12414"}],"curies":[{"name":"wp","href":"https:\/\/api.w.org\/{rel}","templated":true}]}}