{"id":12454,"date":"2024-02-17T09:12:16","date_gmt":"2024-02-17T08:12:16","guid":{"rendered":"http:\/\/eglise-visitation-dijon.net\/w3\/?p=12454"},"modified":"2024-05-04T16:19:08","modified_gmt":"2024-05-04T14:19:08","slug":"un-cadeau-a-dieu-pour-la-saint-valentin-homelie-du-mercredi-14-fevrier-2024-cendres","status":"publish","type":"post","link":"https:\/\/eglise-visitation-dijon.net\/w3\/un-cadeau-a-dieu-pour-la-saint-valentin-homelie-du-mercredi-14-fevrier-2024-cendres\/","title":{"rendered":"Un cadeau \u00e0 Dieu pour la saint Valentin &#8211; hom\u00e9lie du mercredi des Cendres &#8211; 14 f\u00e9vrier 2024"},"content":{"rendered":"\n<p><\/p>\n\n\n<div class=\"wp-block-image\">\n<figure class=\"alignleft\"><img loading=\"lazy\" decoding=\"async\" width=\"63\" height=\"32\" src=\"https:\/\/eglise-visitation-dijon.net\/w3\/wp-content\/uploads\/2021\/01\/boutons-2.jpg\" alt=\"\" class=\"wp-image-7495\"\/><\/figure>\n<\/div>\n\n\n<p><em><a href=\"http:\/\/eglise-visitation-dijon.net\/w2\/homelies\/Homelie-14-fevrier-2024-Cendres\" target=\"_blank\" rel=\"noreferrer noopener\">T\u00e9l\u00e9charger au format pdf<\/a><\/em><\/p>\n\n\n\n<p class=\"has-text-align-right\"><a href=\"http:\/\/levangileauquotidien.org\/FR\/gospel\/2024-02-14\" target=\"_blank\" rel=\"noreferrer noopener\">Les lectures du jour<\/a><\/p>\n\n\n\n<p class=\"has-black-color has-text-color\" style=\"font-size:22px\"><strong>Un cadeau \u00e0 Dieu pour la saint Valentin<\/strong><\/p>\n\n\n\n<p class=\"has-black-color has-text-color\">Aujourd&rsquo;hui, c&rsquo;est la f\u00eate de la saint Valentin&nbsp;: vous allez peut-\u00eatre penser que je m&rsquo;\u00e9gare compl\u00e8tement, entra\u00een\u00e9 par le matraquage publicitaire li\u00e9 \u00e0 cette f\u00eate des amoureux. Il n&rsquo;en est rien, puisque je pense que s&rsquo;il y a un amoureux que je dois honorer en ce jour c&rsquo;est Dieu lui-m\u00eame, ce Dieu qui nous convoque tout sp\u00e9cialement \u00e0 revenir \u00e0 lui \u00e0 travers ce temps exceptionnel qui nous est offert&nbsp;: le car\u00eame. Vous allez m&rsquo;objecter encore une fois, qu&rsquo;en fait de cadeau de la part de Dieu, il y a mieux, le car\u00eame \u00e9tant associ\u00e9 \u00e0 privations, je\u00fbne, effort redoubl\u00e9 pour la pri\u00e8re, et partage&nbsp;; l&rsquo;\u00e9vangile du jour pr\u00e9sente ces trois efforts constitutifs de ces 40 jours qui nous s\u00e9parent de P\u00e2ques. Or en lisant <a href=\"https:\/\/eglise-visitation-dijon.net\/w3\/message-du-pape-pour-le-careme-2024\/\">la lettre de notre Pape Fran\u00e7ois<\/a>, \u00e9crite en ouverture du car\u00eame, j&rsquo;ai mieux compris que ce temps pouvait \u00eatre un chemin vers la libert\u00e9.<\/p>\n\n\n\n<p class=\"has-black-color has-text-color\">Une libert\u00e9, dit-il, mise \u00e0 mal par la d\u00e9sesp\u00e9rance que g\u00e9n\u00e8rent la situation mondiale, les crises sociales \u00e0 r\u00e9p\u00e9tition, les probl\u00e8mes li\u00e9s \u00e0 l&rsquo;\u00e9cologie. Nous sommes alors en panne d&rsquo;esp\u00e9rance, prisonniers de nos peurs, de nos regrets, de notre impuissance devant la marche chaotique du monde comme autrefois le peuple h\u00e9breu qui n&rsquo;en pouvait plus de marcher dans le d\u00e9sert et qui en arrivait \u00e0 regretter sa situation d&rsquo;esclavage en \u00c9gypte. Dieu avait vu sa mis\u00e8re, entendu son cri et l&rsquo;avait lib\u00e9r\u00e9 en le faisant traverser le d\u00e9sert. Cette longue marche, de 40 ans que rappellent nos 40 jours de car\u00eame, a \u00e9t\u00e9 un grand moment d&rsquo;\u00e9ducation du peuple par Dieu pour qu&rsquo;il se sorte lui-m\u00eame de sa situation d&rsquo;esclave, et qu&rsquo;il atteigne ainsi la vraie libert\u00e9. A nous d&rsquo;entendre dans ce d\u00e9sert que nous traversons le cri des habitants de Gaza, d&rsquo;Ukraine, de tant d&rsquo;autres victimes de la guerre, de l&rsquo;injustice, du rejet, de la faim, de l&rsquo;exclusion sous le pr\u00e9texte de la couleur de peau, de la religion, du milieu social&nbsp;?<\/p>\n\n\n\n<p class=\"has-black-color has-text-color\">S&rsquo;il est une action que nous indique Fran\u00e7ois, apte \u00e0 nous conduire vers une plus grande libert\u00e9, c&rsquo;est de \u00ab&nbsp;s&rsquo;arr\u00eater en pri\u00e8re pour accueillir la Parole de Dieu, et s&rsquo;arr\u00eater comme le bon Samaritain en pr\u00e9sence du fr\u00e8re bless\u00e9. L&rsquo;amour de Dieu et du prochain est un unique amour. Ne pas avoir d&rsquo;autres dieux, c&rsquo;est s&rsquo;arr\u00eater en pr\u00e9sence de Dieu, devant la chair de son prochain. C&rsquo;est pourquoi la pri\u00e8re, l&rsquo;aum\u00f4ne et le je\u00fbne ne sont pas trois exercices ind\u00e9pendants, mais un seul mouvement d&rsquo;ouverture, de lib\u00e9ration.&nbsp;\u00bb Il sugg\u00e8re alors que \u00ab&nbsp;le Car\u00eame soit aussi un temps de d\u00e9cisions communautaires, de petits et de grands choix \u00e0 contre-courant, capables de changer la vie quotidienne des personnes et la vie d&rsquo;un quartier. J&rsquo;invite chaque communaut\u00e9 chr\u00e9tienne \u00e0 faire cela&nbsp;: offrir \u00e0 ses fid\u00e8les des moments pour repenser leur style de vie&nbsp;: se donner du temps pour v\u00e9rifier leur pr\u00e9sence dans le quartier et leur contribution \u00e0 le rendre meilleur.&nbsp;\u00bb Dans notre paroisse, le groupe &lsquo;\u00e9cologie int\u00e9grale&rsquo; (avec le groupe CCFD-Terre Solidaire) est en train de pr\u00e9parer des initiatives aptes \u00e0 entrer dans une d\u00e9marche de sauvegarde de notre maison commune, qui nous seront pr\u00e9sent\u00e9es d\u00e8s que possible. Fran\u00e7ois termine par ces mots d\u00e9j\u00e0 adress\u00e9s aux jeunes \u00e0 Lisbonne (JMJ 2023)&nbsp;: \u00ab&nbsp;prenons le temps de penser que nous ne sommes pas dans une agonie, mais au contraire dans un enfantement\u2026 il faut du courage pour penser cela.&nbsp;\u00bb<\/p>\n\n\n\n<p class=\"has-black-color has-text-color\">En cette f\u00eate de la saint Valentin, offrons \u00e0 notre amoureux, en \u00e9change de ce cadeau que sont ces 40 jours \u00e0 venir, notre d\u00e9sir de grandir en libert\u00e9 pour le bien de tous.<\/p>\n\n\n\n<p class=\"has-black-color has-text-color\"><em>Andr\u00e9 Jobard<br>14 f\u00e9vrier 2024 Cendres<\/em><\/p>\n","protected":false},"excerpt":{"rendered":"<p>Vous allez peut-\u00eatre penser que je m&rsquo;\u00e9gare compl\u00e8tement, entra\u00een\u00e9 par le matraquage publicitaire li\u00e9 \u00e0 cette f\u00eate des amoureux<\/p>\n","protected":false},"author":1,"featured_media":0,"comment_status":"closed","ping_status":"closed","sticky":false,"template":"","format":"standard","meta":{"footnotes":""},"categories":[3],"tags":[],"class_list":["post-12454","post","type-post","status-publish","format-standard","hentry","category-paroles-de-vie"],"_links":{"self":[{"href":"https:\/\/eglise-visitation-dijon.net\/w3\/wp-json\/wp\/v2\/posts\/12454","targetHints":{"allow":["GET"]}}],"collection":[{"href":"https:\/\/eglise-visitation-dijon.net\/w3\/wp-json\/wp\/v2\/posts"}],"about":[{"href":"https:\/\/eglise-visitation-dijon.net\/w3\/wp-json\/wp\/v2\/types\/post"}],"author":[{"embeddable":true,"href":"https:\/\/eglise-visitation-dijon.net\/w3\/wp-json\/wp\/v2\/users\/1"}],"replies":[{"embeddable":true,"href":"https:\/\/eglise-visitation-dijon.net\/w3\/wp-json\/wp\/v2\/comments?post=12454"}],"version-history":[{"count":2,"href":"https:\/\/eglise-visitation-dijon.net\/w3\/wp-json\/wp\/v2\/posts\/12454\/revisions"}],"predecessor-version":[{"id":12457,"href":"https:\/\/eglise-visitation-dijon.net\/w3\/wp-json\/wp\/v2\/posts\/12454\/revisions\/12457"}],"wp:attachment":[{"href":"https:\/\/eglise-visitation-dijon.net\/w3\/wp-json\/wp\/v2\/media?parent=12454"}],"wp:term":[{"taxonomy":"category","embeddable":true,"href":"https:\/\/eglise-visitation-dijon.net\/w3\/wp-json\/wp\/v2\/categories?post=12454"},{"taxonomy":"post_tag","embeddable":true,"href":"https:\/\/eglise-visitation-dijon.net\/w3\/wp-json\/wp\/v2\/tags?post=12454"}],"curies":[{"name":"wp","href":"https:\/\/api.w.org\/{rel}","templated":true}]}}