{"id":12471,"date":"2024-02-21T21:18:45","date_gmt":"2024-02-21T20:18:45","guid":{"rendered":"http:\/\/eglise-visitation-dijon.net\/w3\/?p=12471"},"modified":"2024-05-04T16:19:21","modified_gmt":"2024-05-04T14:19:21","slug":"careme-un-temps-pour-sentrainer-au-combat-de-la-vie-homelie-du-dimanche-18-fevrier-2024","status":"publish","type":"post","link":"https:\/\/eglise-visitation-dijon.net\/w3\/careme-un-temps-pour-sentrainer-au-combat-de-la-vie-homelie-du-dimanche-18-fevrier-2024\/","title":{"rendered":"Car\u00eame, un temps pour s\u2019entra\u00eener au combat de la vie\u00a0! &#8211; hom\u00e9lie du dimanche 18 f\u00e9vrier 2024"},"content":{"rendered":"<div class=\"wp-block-image\">\n<figure class=\"alignleft\"><img loading=\"lazy\" decoding=\"async\" width=\"63\" height=\"32\" src=\"https:\/\/eglise-visitation-dijon.net\/w3\/wp-content\/uploads\/2021\/01\/boutons-2.jpg\" alt=\"\" class=\"wp-image-7495\"\/><\/figure>\n<\/div>\n\n\n<p><em><a href=\"http:\/\/eglise-visitation-dijon.net\/w2\/homelies\/Homelie-18-fevrier-2024-JM\" target=\"_blank\" rel=\"noreferrer noopener\">T\u00e9l\u00e9charger au format pdf<\/a><\/em><\/p>\n\n\n\n<p class=\"has-text-align-right\"><a href=\"http:\/\/levangileauquotidien.org\/FR\/gospel\/2024-02-18\" target=\"_blank\" rel=\"noreferrer noopener\">Les lectures du jour<\/a><\/p>\n\n\n\n<p class=\"has-black-color has-text-color\" style=\"font-size:22px\"><strong>Car\u00eame, un temps pour s\u2019entra\u00eener au combat de la vie&nbsp;!<\/strong><\/p>\n\n\n\n<p class=\"has-black-color has-text-color\">Chers fr\u00e8res et s\u0153urs, chers amis\u2026<\/p>\n\n\n\n<p class=\"has-black-color has-text-color\">Comme vous le savez, nous sommes embarqu\u00e9s en \u00c9glise depuis mercredi dernier dans ce temps fort du car\u00eame pour nous pr\u00e9parer \u00e0 la rencontre du Seigneur Ressuscit\u00e9 \u00e0 P\u00e2ques.<\/p>\n\n\n\n<p class=\"has-black-color has-text-color\">Ce temps nous est donn\u00e9 pour vraiment pr\u00e9parer nos c\u0153urs par l\u2019exercice concret du je\u00fbne, de l\u2019aum\u00f4ne et de la pri\u00e8re, pas simplement pour faire plaisir au bon Dieu mais pour entra\u00eener nos \u00e2mes au combat spirituel dans lequel nous sommes pris au quotidien \u00e0 travers les choix in\u00e9vitables que nous avons \u00e0 faire. Parler ou se taire selon les circonstances, aimer ou ha\u00efr tant les blessures sont douloureuses. Rendre le mal qu\u2019on nous a fait, ou pardonner. Ou encore des choix plus simples pour certains, mais plus durs pour d\u2019autres&nbsp;: par exemple, se lever de bonne heure le matin pour prier et se rendre utile, ou continuer \u00e0 dormir. Venir \u00e0 la messe dimanche matin ou vaquer \u00e0 une autre activit\u00e9 plus divertissante. Donner du temps aux autres ou pr\u00e9f\u00e9rer rester seul sur son smartphone. Tous ces choix du quotidien, des plus banals au plus graves, sont les lieux concrets du combat spirituel dans lequel nous sommes pris. Et pour notre libert\u00e9, nous devons choisir le bien au d\u00e9triment du mal qui brille parfois de mille feux et qui procure un vilain plaisir. C\u2019est en choisissant la vie au d\u00e9triment de la mort, en choisissant le bien que nous devenons vraiment libres. Et non l\u2019inverse.<\/p>\n\n\n\n<p class=\"has-black-color has-text-color\">Oui fr\u00e8res et s\u0153urs, pendant tout ce temps de car\u00eame, nous vivrons 40 jours de retraite spirituelle et nous nous entra\u00eenerons \u00e0 choisir la vie en toute chose et en toute circonstance, \u00e0 honorer la vie que Dieu nous donne \u00e0 tous&nbsp;: la mienne et aussi celle des autres. Cet entra\u00eenement au combat spirituel fait penser \u00e0 cette image de Saint Paul qui compare notre vocation chr\u00e9tienne \u00e0 la vocation d\u2019un athl\u00e8te qui est bien oblig\u00e9 de se donner une discipline s\u00e9v\u00e8re en vue de gagner la course et de recevoir la couronne. Or la couronne qui attend nos \u00e2mes, la couronne qui nous attend est bien plus pr\u00e9cieuse que celle que re\u00e7oit un athl\u00e8te. Il est donc normal que J\u00e9sus lui-m\u00eame nous propose de nous imposer une discipline humaine et spirituelle. Notre \u00e2me est promise \u00e0 quelque chose qui m\u00e9rite que nous puissions nous nous entra\u00eener. Elle est promise \u00e0 une vie \u00e9ternelle dans le bonheur. (Il faut d\u2019abord croire que nous ne sommes pas simplement une mati\u00e8re, un corps qui p\u00e9rira dans quelques ann\u00e9es et qu\u2019il n\u2019y aura plus rien apr\u00e8s, mais que nous avons une \u00e2me, et pour dire les choses de mani\u00e8re juste, je suis une \u00e2me qui subsistera au-del\u00e0 de la mort biologique. C\u2019est quelque chose qui est aujourd\u2019hui attest\u00e9 par les sciences (m\u00eame si les philosophes grecs anciens qui r\u00e9fl\u00e9chissaient beaucoup l\u2019avaient su et l\u2019avaient dit). En \u00e9tudiant des dizaines de milliers de r\u00e9cits d\u2019exp\u00e9riences de mort imminente, on a pu \u00e9tablir qu\u2019il y a une conscience m\u00eame apr\u00e8s la mort c\u00e9r\u00e9brale.<\/p>\n\n\n\n<p class=\"has-black-color has-text-color\">Les deux parties de l\u2019\u00e9vangile de ce dimanche nous redisent les enjeux de notre entra\u00eenement au combat spirituel. Dans la premi\u00e8re partie, saint Marc nous rappelle que J\u00e9sus a \u00e9t\u00e9 conduit au d\u00e9sert o\u00f9 il a \u00e9t\u00e9 tent\u00e9 pendant 40 jours et il pr\u00e9cise que c\u2019\u00e9tait juste apr\u00e8s son bapt\u00eame. Cette pr\u00e9cision nous dit que notre alliance avec Dieu \u00e0 notre bapt\u00eame nous oblige \u00e0 entrer dans un combat pour le bien et il faut s\u2019entra\u00eener pour ce combat. Pour r\u00e9ussir un combat il faut s\u2019entra\u00eener. La premi\u00e8re lecture qui \u00e9voque l\u2019alliance avec No\u00e9 et l\u2019arc en ciel qui est signe de cette alliance nous rappelle que c\u2019est toute la cr\u00e9ation qui est concern\u00e9 par l\u2019appel au choix de la vie que notre car\u00eame nous rappelle. Notre salut n\u2019est pas simplement spirituel, il a une dimension cosmique. La terre elle-m\u00eame aspire \u00e0 cette vie que Dieu promet et elle est aussi concern\u00e9e. Plus que pour ceux qui ne sont pas chr\u00e9tiens, notre devoir de la prot\u00e9ger est un pr\u00e9suppos\u00e9 et une cons\u00e9quence de notre bapt\u00eame. D\u2019ailleurs, les signes par lesquels nous recevons les gr\u00e2ces qui nous sanctifient nous viennent de la terre et de la nature&nbsp;: l\u2019eau pour baptiser, le pain et vin pour c\u00e9l\u00e9brer l\u2019Eucharistie, l\u2019huile pour fortifier les malades.<\/p>\n\n\n\n<p class=\"has-black-color has-text-color\">Dans la deuxi\u00e8me partie de l\u2019\u00c9vangile, J\u00e9sus nous redit cette phrase que le pr\u00eatre nous a dite mercredi dernier quand nous recevions les cendres sur nos fronts en signe de p\u00e9nitence&nbsp;: convertissez-vous et croyez \u00e0 l\u2019\u00e9vangile. Se convertir c\u2019est accueillir cet appel \u00e0 aller au d\u00e9sert de son c\u0153ur et \u00e0 faire p\u00e9nitence&nbsp;: reconna\u00eetre ses fautes devant Dieu et devant les autres et demander pardon (Il y a un sacrement qui s\u2019appelle le sacrement de p\u00e9nitence qui existe toujours et qui met \u00e0 l\u2019\u00e9preuve notre capacit\u00e9 \u00e0 poser un acte d\u2019humilit\u00e9). Prier, se priver de quelques plaisirs et faire aum\u00f4ne, c\u2019est une mani\u00e8re de s\u2019entra\u00eener \u00e0 choisir la vie. C\u2019est une mani\u00e8re de pr\u00e9server la jeunesse de l\u2019\u00e2me en vue du rendez-vous \u00e9ternel.<\/p>\n\n\n\n<p class=\"has-black-color has-text-color\"><em>Judica\u00ebl Mitokpey<br>18 f\u00e9vrier 2024<\/em><\/p>\n","protected":false},"excerpt":{"rendered":"<p>Comme vous le savez, nous sommes embarqu\u00e9s en \u00c9glise depuis mercredi dernier dans ce temps fort du car\u00eame pour nous pr\u00e9parer \u00e0 la rencontre du Seigneur Ressuscit\u00e9 \u00e0 P\u00e2ques &#8230;<\/p>\n","protected":false},"author":1,"featured_media":0,"comment_status":"closed","ping_status":"closed","sticky":false,"template":"","format":"standard","meta":{"footnotes":""},"categories":[3],"tags":[],"class_list":["post-12471","post","type-post","status-publish","format-standard","hentry","category-paroles-de-vie"],"_links":{"self":[{"href":"https:\/\/eglise-visitation-dijon.net\/w3\/wp-json\/wp\/v2\/posts\/12471","targetHints":{"allow":["GET"]}}],"collection":[{"href":"https:\/\/eglise-visitation-dijon.net\/w3\/wp-json\/wp\/v2\/posts"}],"about":[{"href":"https:\/\/eglise-visitation-dijon.net\/w3\/wp-json\/wp\/v2\/types\/post"}],"author":[{"embeddable":true,"href":"https:\/\/eglise-visitation-dijon.net\/w3\/wp-json\/wp\/v2\/users\/1"}],"replies":[{"embeddable":true,"href":"https:\/\/eglise-visitation-dijon.net\/w3\/wp-json\/wp\/v2\/comments?post=12471"}],"version-history":[{"count":2,"href":"https:\/\/eglise-visitation-dijon.net\/w3\/wp-json\/wp\/v2\/posts\/12471\/revisions"}],"predecessor-version":[{"id":12473,"href":"https:\/\/eglise-visitation-dijon.net\/w3\/wp-json\/wp\/v2\/posts\/12471\/revisions\/12473"}],"wp:attachment":[{"href":"https:\/\/eglise-visitation-dijon.net\/w3\/wp-json\/wp\/v2\/media?parent=12471"}],"wp:term":[{"taxonomy":"category","embeddable":true,"href":"https:\/\/eglise-visitation-dijon.net\/w3\/wp-json\/wp\/v2\/categories?post=12471"},{"taxonomy":"post_tag","embeddable":true,"href":"https:\/\/eglise-visitation-dijon.net\/w3\/wp-json\/wp\/v2\/tags?post=12471"}],"curies":[{"name":"wp","href":"https:\/\/api.w.org\/{rel}","templated":true}]}}