{"id":12598,"date":"2024-03-14T09:40:09","date_gmt":"2024-03-14T08:40:09","guid":{"rendered":"http:\/\/eglise-visitation-dijon.net\/w3\/?p=12598"},"modified":"2024-05-04T16:22:28","modified_gmt":"2024-05-04T14:22:28","slug":"venir-a-la-lumiere-homelie-du-samedi-9-mars-2024","status":"publish","type":"post","link":"https:\/\/eglise-visitation-dijon.net\/w3\/venir-a-la-lumiere-homelie-du-samedi-9-mars-2024\/","title":{"rendered":"Venir \u00e0 la lumi\u00e8re \u2013 hom\u00e9lie du samedi 9 mars 2024"},"content":{"rendered":"<div class=\"wp-block-image\">\n<figure class=\"alignleft\"><img loading=\"lazy\" decoding=\"async\" width=\"63\" height=\"32\" src=\"https:\/\/eglise-visitation-dijon.net\/w3\/wp-content\/uploads\/2021\/01\/boutons-2.jpg\" alt=\"\" class=\"wp-image-7495\"\/><\/figure>\n<\/div>\n\n\n<p><em><a href=\"http:\/\/eglise-visitation-dijon.net\/w2\/homelies\/Homelie-9-mars-2024\" data-type=\"URL\" data-id=\"http:\/\/eglise-visitation-dijon.net\/w2\/homelies\/Homelie-3-mars-2024-VB\" target=\"_blank\" rel=\"noreferrer noopener\">T\u00e9l\u00e9charger au format pdf<\/a><\/em><\/p>\n\n\n\n<p class=\"has-text-align-right\"><a href=\"http:\/\/levangileauquotidien.org\/FR\/gospel\/2024-03-10\" target=\"_blank\" rel=\"noreferrer noopener\">Les lectures du jour<\/a><\/p>\n\n\n\n<p class=\"has-black-color has-text-color\" style=\"font-size:22px\"><strong>Venir \u00e0 la lumi\u00e8re<\/strong><\/p>\n\n\n\n<p class=\"has-black-color has-text-color\">Au c\u0153ur d&rsquo;une nuit profonde, \u00e9clair\u00e9s seulement par une bougie \u00e0 la flamme vacillante, deux hommes \u00e9changent des propos intimes sur leurs croyances, leurs certitudes, leur confiance. Ils sont aussi dans la nuit comme leurs contemporains, spectateurs impuissants et d\u00e9sabus\u00e9s devant le massacre d&rsquo;innocents, qui ont le malheur d&rsquo;habiter en Ukraine, \u00e0 Gaza et tant d&rsquo;autres lieux de souffrances et de guerres, sans parler des injustices qui s&rsquo;aggravent ni des menaces qui p\u00e8sent sur l&rsquo;avenir des d\u00e9mocraties. Ce sont les t\u00e9n\u00e8bres du monde, de tous les temps. Mais ils d\u00e9couvrent dans leur partage que tout espoir n&rsquo;est pas perdu.<\/p>\n\n\n\n<p class=\"has-black-color has-text-color\">En effet p\u00e9tris l&rsquo;un et l&rsquo;autre de toute une tradition religieuse, ils ont en t\u00eate le r\u00e9cit d&rsquo;un peuple, appel\u00e9 &lsquo;Isra\u00ebl&rsquo; d\u00e9port\u00e9 \u00e0 Babylone sous la f\u00e9rule du terrible Nabuchodonosor&nbsp;; ce peuple crie sa souffrance \u00e0 Dieu dans un psaume d\u00e9chirant, mais ils ne manquent pas de r\u00e9v\u00e9ler aussi l&rsquo;intervention de Dieu qui n&rsquo;a pas h\u00e9sit\u00e9 \u00e0 confier \u00e0 un roi pa\u00efen le retour des d\u00e9port\u00e9s \u00e0 J\u00e9rusalem. L&rsquo;un des 2 protagonistes a fait parler de lui depuis quelques mois qu&rsquo;il parcourt les routes de Galil\u00e9e, et lui aussi ose \u00e9voquer la sortie des t\u00e9n\u00e8bres, et il accompagne ses paroles de gestes merveilleux, comme des gu\u00e9risons, qu&rsquo;on appelle &lsquo;miracles&rsquo;&nbsp;; et c&rsquo;est cela qui a valu \u00e0 l&rsquo;autre personnage d&rsquo;\u00eatre incit\u00e9 \u00e0 engager cette conversation \u00e0 l&rsquo;abri de regards indiscrets, donc la nuit. D&rsquo;o\u00f9 cette lumi\u00e8re, cette joie, quand retentissent ces mots&nbsp;: \u00ab&nbsp;Dieu a tant aim\u00e9 le monde, et il a envoy\u00e9 son fils non pas pour condamner (comme le pensaient les d\u00e9port\u00e9s \u00e0 Babylone), mais pour sauver.&nbsp;\u00bb<\/p>\n\n\n\n<p class=\"has-black-color has-text-color\">Cette d\u00e9couverte, nous avons \u00e0 la recevoir aujourd&rsquo;hui, non pas pour ass\u00e9ner des v\u00e9rit\u00e9s abstraites \u00e0 ceux qui ne la conna\u00eetraient pas, mais pour nous engager \u00e0 faire vivre l&rsquo;esp\u00e9rance, en faisant la v\u00e9rit\u00e9 sur nos vies, sur notre histoire commune, tandis que la rumeur des m\u00e9dias et de nombre de nos conversations quotidiennes entretiennent un climat de peur, de suspicion, de mort, de fin du monde. Faire la v\u00e9rit\u00e9, en reprenant les mots de toute la tradition biblique, c&rsquo;est partager son pain avec celui qui a faim, c&rsquo;est accueillir le pauvre sans abri, c&rsquo;est soutenir la veuve et l&rsquo;orphelin, c&rsquo;est recevoir l&rsquo;immigr\u00e9.<\/p>\n\n\n\n<p class=\"has-black-color has-text-color\">Dans 3 semaines nous accueillerons au petit matin de P\u00e2ques la douce lumi\u00e8re de la r\u00e9surrection&nbsp;: non parce que nous aurons v\u00e9cu quelques belles performances de car\u00eame, mais parce que le Dieu que nous prions et que nous a r\u00e9v\u00e9l\u00e9 J\u00e9sus nous donne gratuitement la vie, la libert\u00e9. N&rsquo;ayons pas peur de la nuit&nbsp;: le proph\u00e8te Os\u00e9e (Os 6,3) l&rsquo;avait proclam\u00e9&nbsp;:&nbsp;\u00ab&nbsp; le lever du Seigneur est aussi s\u00fbr que l&rsquo;aurore.&nbsp;\u00bb De quoi nourrir notre esp\u00e9rance.<\/p>\n\n\n\n<p class=\"has-black-color has-text-color\"><em>Andr\u00e9 Jobard<br>9 mars 2024<\/em><\/p>\n","protected":false},"excerpt":{"rendered":"<p>Au c\u0153ur d&rsquo;une nuit profonde, \u00e9clair\u00e9s seulement par une bougie \u00e0 la flamme vacillante, deux hommes \u00e9changent des propos intimes sur leurs croyances, leurs certitudes, leur confiance &#8230;<\/p>\n","protected":false},"author":1,"featured_media":0,"comment_status":"closed","ping_status":"closed","sticky":false,"template":"","format":"standard","meta":{"footnotes":""},"categories":[3],"tags":[],"class_list":["post-12598","post","type-post","status-publish","format-standard","hentry","category-paroles-de-vie"],"_links":{"self":[{"href":"https:\/\/eglise-visitation-dijon.net\/w3\/wp-json\/wp\/v2\/posts\/12598","targetHints":{"allow":["GET"]}}],"collection":[{"href":"https:\/\/eglise-visitation-dijon.net\/w3\/wp-json\/wp\/v2\/posts"}],"about":[{"href":"https:\/\/eglise-visitation-dijon.net\/w3\/wp-json\/wp\/v2\/types\/post"}],"author":[{"embeddable":true,"href":"https:\/\/eglise-visitation-dijon.net\/w3\/wp-json\/wp\/v2\/users\/1"}],"replies":[{"embeddable":true,"href":"https:\/\/eglise-visitation-dijon.net\/w3\/wp-json\/wp\/v2\/comments?post=12598"}],"version-history":[{"count":1,"href":"https:\/\/eglise-visitation-dijon.net\/w3\/wp-json\/wp\/v2\/posts\/12598\/revisions"}],"predecessor-version":[{"id":12599,"href":"https:\/\/eglise-visitation-dijon.net\/w3\/wp-json\/wp\/v2\/posts\/12598\/revisions\/12599"}],"wp:attachment":[{"href":"https:\/\/eglise-visitation-dijon.net\/w3\/wp-json\/wp\/v2\/media?parent=12598"}],"wp:term":[{"taxonomy":"category","embeddable":true,"href":"https:\/\/eglise-visitation-dijon.net\/w3\/wp-json\/wp\/v2\/categories?post=12598"},{"taxonomy":"post_tag","embeddable":true,"href":"https:\/\/eglise-visitation-dijon.net\/w3\/wp-json\/wp\/v2\/tags?post=12598"}],"curies":[{"name":"wp","href":"https:\/\/api.w.org\/{rel}","templated":true}]}}