{"id":12718,"date":"2024-04-03T19:16:48","date_gmt":"2024-04-03T17:16:48","guid":{"rendered":"http:\/\/eglise-visitation-dijon.net\/w3\/?p=12718"},"modified":"2024-06-14T16:18:37","modified_gmt":"2024-06-14T14:18:37","slug":"empecher-la-parole-homelie-du-29-mars-2024-vendredi-saint","status":"publish","type":"post","link":"https:\/\/eglise-visitation-dijon.net\/w3\/empecher-la-parole-homelie-du-29-mars-2024-vendredi-saint\/","title":{"rendered":"Emp\u00eacher la Parole \u2013 hom\u00e9lie du 29 mars 2024 &#8211; Vendredi Saint"},"content":{"rendered":"<div class=\"wp-block-image\">\n<figure class=\"alignleft\"><img loading=\"lazy\" decoding=\"async\" width=\"63\" height=\"32\" src=\"https:\/\/eglise-visitation-dijon.net\/w3\/wp-content\/uploads\/2021\/01\/boutons-2.jpg\" alt=\"\" class=\"wp-image-7495\"\/><\/figure>\n<\/div>\n\n\n<p><em><a href=\"http:\/\/eglise-visitation-dijon.net\/w2\/homelies\/Homelie-Vendredi-Saint-29-mars-2024\" target=\"_blank\" rel=\"noreferrer noopener\">T\u00e9l\u00e9charger au format pdf<\/a><\/em><\/p>\n\n\n\n<p class=\"has-text-align-right\"><a href=\"http:\/\/levangileauquotidien.org\/FR\/gospel\/2024-03-29\" target=\"_blank\" rel=\"noreferrer noopener\">Les lectures du jour<\/a><\/p>\n\n\n\n<p class=\"has-black-color has-text-color\" style=\"font-size:22px\"><strong>Emp\u00eacher la Parole<\/strong><\/p>\n\n\n\n<p class=\"has-black-color has-text-color\">J\u00e9sus a \u00e9t\u00e9 ex\u00e9cut\u00e9, mis au tombeau&nbsp;: \u00ab&nbsp;ouf, J\u00e9sus ne parlera plus&nbsp;!&nbsp;\u00bb disent certains au milieu de la foule des p\u00e8lerins venus f\u00eater la P\u00e2que \u00e0 J\u00e9rusalem. D&rsquo;un c\u00f4t\u00e9 ils ont raison&nbsp;: J\u00e9sus commen\u00e7ait \u00e0 remuer les foules et par petites touches, il \u00e9branlait des convictions nationales et religieuses\u2026 pensez donc&nbsp;! A force d&rsquo;accueillir les p\u00e9cheurs et de renvoyer chez eux des gens comme la femme adult\u00e8re, ne risquait-il pas d&rsquo;obscurcir dans la conscience du peuple le sens de ce qui est bon et de ce qui est mal&nbsp;?<\/p>\n\n\n\n<p class=\"has-black-color has-text-color\">Avec lui, le sabbat n&rsquo;\u00e9tait plus respect\u00e9&nbsp;: si on ne laisse plus \u00e0 Dieu toute la place qui doit lui revenir par le respect de ce jour sacr\u00e9, o\u00f9 va-t-on&nbsp;?<\/p>\n\n\n\n<p class=\"has-black-color has-text-color\">Et J\u00e9sus lui-m\u00eame se faisait l&rsquo;\u00e9gal de Dieu&nbsp;: si Dieu est aussi petit que l&rsquo;homme, est-il encore Dieu&nbsp;? L&rsquo;autorit\u00e9, le magist\u00e8re savent qui est Dieu et ce qu&rsquo;il attend de l&rsquo;homme. Il est scandaleux qu&rsquo;un homme comme J\u00e9sus vienne remettre en cause une image de Dieu \u00e9labor\u00e9e pendant des si\u00e8cles, re\u00e7ue par toute une tradition. Dieu est pr\u00e9sent au monde avec puissance, car il est Dieu&nbsp;! Tout est dit, rien \u00e0 rajouter.<\/p>\n\n\n\n<p class=\"has-black-color has-text-color\">Il est donc bon que J\u00e9sus se taise\u2026 m\u00eame s&rsquo;il a fallu pactiser avec Rome pour faire tomber cet homme si difficile \u00e0 saisir.<\/p>\n\n\n\n<p class=\"has-black-color has-text-color\">Ce sont les m\u00eames griefs qui continuent de tuer aujourd&rsquo;hui&nbsp;; chaque fois que nous nous accrochons \u00e0 une image fig\u00e9e de Dieu&nbsp;; chaque fois que nous r\u00e9sistons \u00e0 la nouveaut\u00e9 du royaume de paix, de libert\u00e9, de vie.<\/p>\n\n\n\n<p class=\"has-black-color has-text-color\">Par sa mort librement accept\u00e9e, J\u00e9sus ouvre \u00e0 tout jamais nos yeux sur le visage nouveau de Dieu&nbsp;: un Dieu qui aime la vie au point de la faire surgir au matin de P\u00e2ques.<\/p>\n\n\n\n<p class=\"has-black-color has-text-color\"><em>Andr\u00e9 Jobard<br>29 mars 2024 \u2013 Vendredi Saint<\/em><\/p>\n","protected":false},"excerpt":{"rendered":"<p>J\u00e9sus a \u00e9t\u00e9 ex\u00e9cut\u00e9, mis au tombeau\u00a0: \u00ab\u00a0ouf, J\u00e9sus ne parlera plus\u00a0!\u00a0\u00bb disent certains au milieu de la foule des p\u00e8lerins venus f\u00eater la P\u00e2que \u00e0 J\u00e9rusalem &#8230;<\/p>\n","protected":false},"author":1,"featured_media":0,"comment_status":"closed","ping_status":"closed","sticky":false,"template":"","format":"standard","meta":{"footnotes":""},"categories":[3],"tags":[],"class_list":["post-12718","post","type-post","status-publish","format-standard","hentry","category-paroles-de-vie"],"_links":{"self":[{"href":"https:\/\/eglise-visitation-dijon.net\/w3\/wp-json\/wp\/v2\/posts\/12718","targetHints":{"allow":["GET"]}}],"collection":[{"href":"https:\/\/eglise-visitation-dijon.net\/w3\/wp-json\/wp\/v2\/posts"}],"about":[{"href":"https:\/\/eglise-visitation-dijon.net\/w3\/wp-json\/wp\/v2\/types\/post"}],"author":[{"embeddable":true,"href":"https:\/\/eglise-visitation-dijon.net\/w3\/wp-json\/wp\/v2\/users\/1"}],"replies":[{"embeddable":true,"href":"https:\/\/eglise-visitation-dijon.net\/w3\/wp-json\/wp\/v2\/comments?post=12718"}],"version-history":[{"count":1,"href":"https:\/\/eglise-visitation-dijon.net\/w3\/wp-json\/wp\/v2\/posts\/12718\/revisions"}],"predecessor-version":[{"id":12719,"href":"https:\/\/eglise-visitation-dijon.net\/w3\/wp-json\/wp\/v2\/posts\/12718\/revisions\/12719"}],"wp:attachment":[{"href":"https:\/\/eglise-visitation-dijon.net\/w3\/wp-json\/wp\/v2\/media?parent=12718"}],"wp:term":[{"taxonomy":"category","embeddable":true,"href":"https:\/\/eglise-visitation-dijon.net\/w3\/wp-json\/wp\/v2\/categories?post=12718"},{"taxonomy":"post_tag","embeddable":true,"href":"https:\/\/eglise-visitation-dijon.net\/w3\/wp-json\/wp\/v2\/tags?post=12718"}],"curies":[{"name":"wp","href":"https:\/\/api.w.org\/{rel}","templated":true}]}}