{"id":12747,"date":"2024-04-23T07:59:02","date_gmt":"2024-04-23T05:59:02","guid":{"rendered":"http:\/\/eglise-visitation-dijon.net\/w3\/?p=12747"},"modified":"2024-06-14T16:15:57","modified_gmt":"2024-06-14T14:15:57","slug":"comme-le-bon-pasteur-repondre-a-notre-appel-particulier-homelie-du-dimanche-21-avril-2024","status":"publish","type":"post","link":"https:\/\/eglise-visitation-dijon.net\/w3\/comme-le-bon-pasteur-repondre-a-notre-appel-particulier-homelie-du-dimanche-21-avril-2024\/","title":{"rendered":"Comme le Bon Pasteur, r\u00e9pondre \u00e0 notre appel particulier \u2026 \u2013 hom\u00e9lie du dimanche 21 avril 2024"},"content":{"rendered":"<div class=\"wp-block-image\">\n<figure class=\"alignleft\"><img loading=\"lazy\" decoding=\"async\" width=\"63\" height=\"32\" src=\"https:\/\/eglise-visitation-dijon.net\/w3\/wp-content\/uploads\/2021\/01\/boutons-2.jpg\" alt=\"\" class=\"wp-image-7495\"\/><\/figure>\n<\/div>\n\n\n<p><em><a href=\"http:\/\/eglise-visitation-dijon.net\/w2\/homelies\/Homelie-21-avril-2024-JM\" target=\"_blank\" rel=\"noreferrer noopener\">T\u00e9l\u00e9charger au format pdf<\/a><\/em><\/p>\n\n\n\n<p class=\"has-text-align-right\"><a href=\"http:\/\/levangileauquotidien.org\/FR\/gospel\/2024-04-21\" target=\"_blank\" rel=\"noreferrer noopener\">Les lectures du jour<\/a><\/p>\n\n\n\n<p class=\"has-black-color has-text-color\"><em>Dimanche du Bon Pasteur et journ\u00e9e de pri\u00e8re pour les vocations<\/em><\/p>\n\n\n\n<p class=\"has-black-color has-text-color\" style=\"font-size:22px\"><strong>Comme le Bon Pasteur, r\u00e9pondre \u00e0 notre appel particulier. Appel \u00e0 se donner aux autres<\/strong><\/p>\n\n\n\n<p class=\"has-black-color has-text-color\">Chers fr\u00e8res et s\u0153urs, Chers amis\u2026.<\/p>\n\n\n\n<p class=\"has-black-color has-text-color\">Il y a une question que vous vous \u00eates d\u00e9j\u00e0 pos\u00e9e ou que vous vous posez encore. Et c\u2019est une question qu\u2019il convient de se poser \u00e0 tout \u00e2ge : <em>A quoi Dieu m\u2019appelle-t-il&nbsp;? A quoi m\u2019appelle-t-il aujourd\u2019hui&nbsp;? Que veux-tu de moi Seigneur&nbsp;? Que veux-tu que je fasse de plus que ce que je fais d\u00e9j\u00e0&nbsp;? Ou encore, comment mieux faire ce que tu me demandes&nbsp;?<\/em> Oui cela fait plusieurs questions finalement. Ces questions font \u00e9cho \u00e0 ce que nous propose l\u2019\u00c9glise depuis 61 ans maintenant. C\u2019est de prendre le 4<sup>e<\/sup> dimanche de P\u00e2ques qui est aussi le dimanche du Bon Pasteur pour prier pour les vocations. Quand on entend vocation, on pense \u00e0 ceux qui se destine \u00e0 la vie religieuse en devant pr\u00eatre, religieux ou religieuse. Oui c\u2019est vrai, ces vocations sont essentielles \u00e0 la vie de l\u2019\u00c9glise&nbsp;; mais au fond ce mot vocation signifie \u00ab&nbsp;appel&nbsp;\u00bb et concerne tous les chr\u00e9tiens et m\u00eame tous les croyants, dans la mesure o\u00f9 ils peuvent se poser ces questions&nbsp;: <em>\u00e0 quoi suis-je appel\u00e9 en ce monde&nbsp;? A quoi suis-je appel\u00e9 aujourd\u2019hui&nbsp;?<\/em><\/p>\n\n\n\n<p class=\"has-black-color has-text-color\">Il y a un lien entre la parabole du Bon Pasteur que nous venons d\u2019\u00e9couter dans l\u2019\u00c9vangile et ce th\u00e8me de l\u2019appel. J\u00e9sus se pr\u00e9sente comme le Bon Pasteur qui accueille sa vocation de prot\u00e9ger les brebis que le P\u00e8re lui a confi\u00e9es. Et nous savons que pour leur plus grand bien, il vient partager leur existence, leurs peines et leurs joies. Et ce que nous c\u00e9l\u00e9brons ces jours-ci, c\u2019est justement le don qu\u2019il fait de sa vie pour ceux qu\u2019il aime. Notre vocation \u00e0 nous, consiste avant tout, \u00e0 d\u00e9couvrir comment nous entrons dans la logique du Bon Pasteur, qui accueille l\u2019appel \u00e0 aller vers les autres malgr\u00e9 les diff\u00e9rences, \u00e0 les servir malgr\u00e9 les critiques et \u00e0 les aimer jusqu\u2019au bout. Chacun peut alors se demander&nbsp;: quels sont ceux vers qui le Seigneur m\u2019envoie&nbsp;? Et surtout n\u2019allez pas chercher trop loin. Ce peut \u00eatre cet \u00e9poux ou cette \u00e9pouse \u00e9prouv\u00e9e par la maladie que vous \u00eates appel\u00e9s \u00e0 soutenir jusqu\u2019au bout&nbsp;; ce fils ou ce petit fils difficile qu\u2019il faut \u00e9duquer avec patience, cet ami qui ne prend plus des nouvelles et se renferme sur lui-m\u00eame (ou sur elle-m\u00eame) envers qui il faut rester g\u00e9n\u00e9reux et attentif. Ces voisins \u00e2g\u00e9s \u00e0 qui l\u2019on peut proposer une visite, un sourire ou un service.<\/p>\n\n\n\n<p class=\"has-black-color has-text-color\">Le th\u00e8me retenu pour cette 61e journ\u00e9e de pri\u00e8re pour les vocations est&nbsp;: <em><strong>Appel\u00e9s \u00e0 semer l\u2019esp\u00e9rance et \u00e0 construire la paix !<\/strong><\/em> Je voudrais partager avec vous deux id\u00e9es contenues dans le message du pape. \u00ab La Journ\u00e9e mondiale de Pri\u00e8re pour les Vocations, \u00e9crit le pape dans son message, nous invite, chaque ann\u00e9e, \u00e0 consid\u00e9rer le don pr\u00e9cieux de l\u2019appel que le Seigneur adresse \u00e0 chacun de nous, son peuple fid\u00e8le en chemin, pour que nous puissions prendre part \u00e0 son projet d\u2019amour et incarner la beaut\u00e9 de l\u2019\u00c9vangile dans les diff\u00e9rents \u00e9tats de vie. \u00c9couter l\u2019appel divin, c\u2019est loin d\u2019\u00eatre un devoir impos\u00e9 de l\u2019ext\u00e9rieur, peut-\u00eatre au nom d\u2019un id\u00e9al religieux&nbsp;; [Il ne s\u2019agit pas de faire comme les autres ou de se voir infliger une corv\u00e9e qui d\u00e9passe nos forces] c\u2019est au contraire la mani\u00e8re la plus s\u00fbre que nous ayons d\u2019alimenter le d\u00e9sir de bonheur que nous portons en nous&nbsp;: notre vie se r\u00e9alise et s\u2019accomplit quand nous d\u00e9couvrons qui nous sommes, quelles sont nos qualit\u00e9s, dans quel domaine nous pouvons les mettre \u00e0 profit, quelle route nous pouvons parcourir pour devenir signe et instrument d\u2019amour, d\u2019accueil, de beaut\u00e9 et de paix, dans les contextes o\u00f9 nous vivons&nbsp;\u00bb.<\/p>\n\n\n\n<p class=\"has-black-color has-text-color\">\u00ab&nbsp;\u00catre p\u00e8lerins d\u2019esp\u00e9rance et constructeurs de paix signifie alors fonder notre existence sur le roc de la r\u00e9surrection du Christ, sachant que chacun de nos engagements, dans la vocation que nous avons embrass\u00e9e et que nous portons en avant, ne tombe pas dans le vide. Malgr\u00e9 les \u00e9checs et les revers, le bien que nous semons grandit de mani\u00e8re silencieuse et rien ne peut nous s\u00e9parer du but ultime&nbsp;: la rencontre avec le Christ et la joie de vivre dans la fraternit\u00e9 entre nous pour l\u2019\u00e9ternit\u00e9&nbsp;\u00bb. C\u2019est cela l\u2019ultime appel auquel a r\u00e9pondu en premier, avant nous et pour nous, J\u00e9sus notre Bon Pasteur.<\/p>\n\n\n\n<p class=\"has-black-color has-text-color\"><em>Judica\u00ebl Mitokpey \u2013 21 avril 2024<\/em><\/p>\n","protected":false},"excerpt":{"rendered":"<p>Appel \u00e0 se donner aux autres &#8230;<\/p>\n","protected":false},"author":1,"featured_media":0,"comment_status":"closed","ping_status":"closed","sticky":false,"template":"","format":"standard","meta":{"footnotes":""},"categories":[3],"tags":[],"class_list":["post-12747","post","type-post","status-publish","format-standard","hentry","category-paroles-de-vie"],"_links":{"self":[{"href":"https:\/\/eglise-visitation-dijon.net\/w3\/wp-json\/wp\/v2\/posts\/12747","targetHints":{"allow":["GET"]}}],"collection":[{"href":"https:\/\/eglise-visitation-dijon.net\/w3\/wp-json\/wp\/v2\/posts"}],"about":[{"href":"https:\/\/eglise-visitation-dijon.net\/w3\/wp-json\/wp\/v2\/types\/post"}],"author":[{"embeddable":true,"href":"https:\/\/eglise-visitation-dijon.net\/w3\/wp-json\/wp\/v2\/users\/1"}],"replies":[{"embeddable":true,"href":"https:\/\/eglise-visitation-dijon.net\/w3\/wp-json\/wp\/v2\/comments?post=12747"}],"version-history":[{"count":1,"href":"https:\/\/eglise-visitation-dijon.net\/w3\/wp-json\/wp\/v2\/posts\/12747\/revisions"}],"predecessor-version":[{"id":12748,"href":"https:\/\/eglise-visitation-dijon.net\/w3\/wp-json\/wp\/v2\/posts\/12747\/revisions\/12748"}],"wp:attachment":[{"href":"https:\/\/eglise-visitation-dijon.net\/w3\/wp-json\/wp\/v2\/media?parent=12747"}],"wp:term":[{"taxonomy":"category","embeddable":true,"href":"https:\/\/eglise-visitation-dijon.net\/w3\/wp-json\/wp\/v2\/categories?post=12747"},{"taxonomy":"post_tag","embeddable":true,"href":"https:\/\/eglise-visitation-dijon.net\/w3\/wp-json\/wp\/v2\/tags?post=12747"}],"curies":[{"name":"wp","href":"https:\/\/api.w.org\/{rel}","templated":true}]}}