{"id":12808,"date":"2024-05-05T19:11:43","date_gmt":"2024-05-05T17:11:43","guid":{"rendered":"http:\/\/eglise-visitation-dijon.net\/w3\/?p=12808"},"modified":"2024-09-22T22:03:09","modified_gmt":"2024-09-22T20:03:09","slug":"le-cure-bien-aime-homelie-du-5-mai-2024","status":"publish","type":"post","link":"https:\/\/eglise-visitation-dijon.net\/w3\/le-cure-bien-aime-homelie-du-5-mai-2024\/","title":{"rendered":"Le cur\u00e9 bien aim\u00e9 \u2013 hom\u00e9lie du 5 mai 2024"},"content":{"rendered":"<div class=\"wp-block-image\">\n<figure class=\"alignleft\"><img loading=\"lazy\" decoding=\"async\" width=\"63\" height=\"32\" src=\"https:\/\/eglise-visitation-dijon.net\/w3\/wp-content\/uploads\/2021\/01\/boutons-2.jpg\" alt=\"\" class=\"wp-image-7495\"\/><\/figure>\n<\/div>\n\n\n<p><em><a href=\"http:\/\/eglise-visitation-dijon.net\/w2\/homelies\/Homelie-5-mai-2024\" target=\"_blank\" rel=\"noreferrer noopener\">T\u00e9l\u00e9charger au format pdf<\/a><\/em><\/p>\n\n\n\n<p class=\"has-text-align-right\"><a href=\"http:\/\/levangileauquotidien.org\/FR\/gospel\/2024-05-05\" target=\"_blank\" rel=\"noreferrer noopener\">Les lectures du jour<\/a><\/p>\n\n\n\n<p class=\"has-black-color has-text-color\" style=\"font-size:22px\"><strong>Le cur\u00e9 bien-aim\u00e9<\/strong><\/p>\n\n\n<div class=\"wp-block-image\">\n<figure class=\"alignleft size-full is-resized\"><img loading=\"lazy\" decoding=\"async\" src=\"https:\/\/eglise-visitation-dijon.net\/w3\/wp-content\/uploads\/2024\/05\/Andre.jpg\" alt=\"\" class=\"wp-image-12809\" width=\"201\" height=\"240\" srcset=\"https:\/\/eglise-visitation-dijon.net\/w3\/wp-content\/uploads\/2024\/05\/Andre.jpg 232w, https:\/\/eglise-visitation-dijon.net\/w3\/wp-content\/uploads\/2024\/05\/Andre-126x150.jpg 126w\" sizes=\"auto, (max-width: 201px) 100vw, 201px\" \/><\/figure>\n<\/div>\n\n\n<p class=\"has-black-color has-text-color\">Si nous \u00e9coutons de fa\u00e7on distraite les lectures du jour (\u00e7a peut arriver&nbsp;!), on en retient cependant quelques mots-clefs surtout quand ils sont r\u00e9p\u00e9t\u00e9s avec insistance. Aujourd&rsquo;hui, dans sa premi\u00e8re lettre et dans son \u00e9vangile, Jean nous a parl\u00e9 d&rsquo;<em>aimer<\/em> et d&rsquo;<em>amour<\/em> dans tous les sens. <em>Dieu est amour, Dieu nous aime, le P\u00e8re aime le Fils, le Fils aime le P\u00e8re, le Fils aime ses disciples, il veut que ses disciples l&rsquo;aiment et qu&rsquo;ils s&rsquo;aiment entre eux. <\/em>L&rsquo;amour s&rsquo;\u00e9coule du P\u00e8re au Fils, du Fils aux disciples puis entre les disciples. Il remonte des disciples au P\u00e8re en passant par le Fils. C&rsquo;est une circulation sans fin.<\/p>\n\n\n\n<p class=\"has-black-color has-text-color\">Mais que veut dire <em>aimer<\/em> ? <em>Aimer et amour<\/em> sont des mots de chaque jour. Nous conjuguons <em>aimer<\/em> au pass\u00e9 et au futur, sous forme affirmative, n\u00e9gative ou interrogative. Je t&rsquo;aime. Tu m&rsquo;aimes ? Je t&rsquo;aimerai toujours. Je l&rsquo;ai aim\u00e9. Tu ne m&rsquo;aimes plus. Je vous aime tous\u2026 <em>Aimer<\/em> d\u00e9passe le cadre familial. M\u00eame des politiques osent dire \u00ab\u00a0<em>Je vous aime<\/em>\u00a0\u00bb au peuple qui leur est confi\u00e9 ou qu&rsquo;ils veulent s\u00e9duire.<\/p>\n\n\n\n<p class=\"has-black-color has-text-color\">Mais que veut dire <em>aimer<\/em> ? Que veut dire dit \u00ab\u00a0Je t&rsquo;aime\u00a0\u00bb quand l&rsquo;affirmation n&rsquo;est pas pr\u00e9cis\u00e9e par d&rsquo;autres mots, et surtout par des actes qui lui donnent du sens ? Pour J\u00e9sus, l&rsquo;amour, c&rsquo;est donner sa vie. Dieu est la source de l&rsquo;amour. Il donne la Vie. J\u00e9sus donne sa vie. Il le dit, il le fait. J\u00e9sus a dit \u00e0 ses disciples de donner leur vie. Ils l&rsquo;ont fait. En devenant disciples, nous sommes invit\u00e9s \u00e0 aimer, \u00e0 donner notre vie pour ceux que nous disons aimer.<\/p>\n\n\n\n<p class=\"has-black-color has-text-color\">Dans son \u00e9vangile et dans ses lettres, Jean utilise 120 fois les mots <em>aimer<\/em> et <em>amour<\/em>. Cent vingt fois en 60 pages&nbsp;! Son psychologue aurait dit qu&rsquo;il avait un TOC, une obsession, et ses amis une fixette. Pourtant je connais quelqu&rsquo;un qui a fait mieux que Jean. Il s&rsquo;appelle Andr\u00e9. Il est depuis 13&nbsp;ans et pour quelques mois encore cur\u00e9 de cette paroisse. J&rsquo;ai relu sur le site paroissial toutes ses hom\u00e9lies et tous ses \u00e9ditos parus dans l&rsquo;<em>Echo de la Visitation, <\/em>la feuille paroissiale. Les mots <em>a<\/em><em>imer<\/em> et <em>amour<\/em> reviennent 348 fois. Trois fois mieux que Jean. La comparaison n&rsquo;est pas tout \u00e0 fait juste, les \u00e9crits d&rsquo;Andr\u00e9 sont plus longs que ceux de Jean.<\/p>\n\n\n\n<p class=\"has-black-color has-text-color\">Quand Andr\u00e9 dit <em>aimer<\/em> et <em>amour<\/em>, c&rsquo;est d&rsquo;abord pour commenter les lectures propos\u00e9es \u00e0 la messe. Cet enseignement fait partie de sa mission. Il est pay\u00e9 pour, pas tr\u00e8s cher d&rsquo;ailleurs\u2026 Et comment ne pas parler d&rsquo;<em>amour<\/em> quand on commente ce que J\u00e9sus a dit et ce qu&rsquo;il a fait&nbsp;?<\/p>\n\n\n\n<p class=\"has-black-color has-text-color\">Quand Andr\u00e9 dit <em>aimer<\/em> et <em>amour<\/em>, c&rsquo;est aussi pour nous sugg\u00e9rer \u2013 Je dis bien \u00ab\u00a0sugg\u00e9rer\u00a0\u00bb car il commence toujours par \u00ab\u00a0N&rsquo;y a-t-il pas ?\u00a0\u00bb ou \u00ab\u00a0N&rsquo;y aurait-il pas ?\u00a0\u00bb \u2013 sugg\u00e9rer donc des destinataires privil\u00e9gi\u00e9s \u00e0 notre amour, en plus de nos proches qu&rsquo;il n&rsquo;oublie pas, en \u00e9num\u00e9rant ceux que nous risquons d&rsquo;oublier, les \u00e9trangers et les migrants, les pauvres, les sans-abris et les exclus, les malades et ceux qui portent un handicap, les victimes des guerres et des catastrophes. Il salue alors les acteurs du CCFD, du Secours catholique, du groupe solidarit\u00e9 de la paroisse et des visiteurs de malades, sans oublier celles et ceux qui agissent dans le m\u00eame sens, par amour des autres, sans croire en Dieu.<\/p>\n\n\n\n<p class=\"has-black-color has-text-color\">Quand Andr\u00e9 dit <em>aimer<\/em> et <em>amour, <\/em>c&rsquo;est aussi, plus discr\u00e8tement, mais plus souvent ces derni\u00e8res ann\u00e9es, pour relire sa vie et raconter comment son go\u00fbt pour la rencontre des autres l&rsquo;a conduit \u00e0 devenir pr\u00eatre et \u00e0 donner sa vie \u00e0 Dieu et aux autres.<\/p>\n\n\n\n<p class=\"has-black-color has-text-color\">Enfin quand Andr\u00e9 sugg\u00e8re <em>aimer<\/em> et <em>amour<\/em>, sans le dire vraiment, c&rsquo;est, notamment dans les \u00e9chos de chaque rentr\u00e9e en septembre, pour souhaiter que ses paroissiens tissent des liens toujours plus apais\u00e9s et fraternels. Aimez-vous les uns les autres, c&rsquo;est bien le commandement de J\u00e9sus \u00e0 ses disciples.<\/p>\n\n\n\n<p class=\"has-black-color has-text-color\">Nous venons d&rsquo;entendre que, dans sa premi\u00e8re lettre, Jean appelle \u00ab\u00a0Bien-aim\u00e9s\u00a0\u00bb les amis auxquels il \u00e9crit. Andr\u00e9 n&rsquo;a jamais os\u00e9 dire \u00ab\u00a0Bien-aim\u00e9s\u00a0\u00bb \u00e0 ses paroissiens . Mais il me semble (pour reprendre une de ses expressions modestes les plus famili\u00e8res) qu&rsquo;il les aime et que nous sommes nombreux ici \u00e0 pouvoir lui dire en retour&nbsp;: \u00ab\u00a0Tu es notre cur\u00e9 bien-aim\u00e9.\u00a0\u00bb<\/p>\n\n\n\n<p class=\"has-black-color has-text-color\"><a><\/a> <em>Vincent Boggio<br>5 mai 2024<\/em><\/p>\n","protected":false},"excerpt":{"rendered":"<p>J&rsquo;ai relu sur le site paroissial toutes ses hom\u00e9lies et tous ses \u00e9ditos [&#8230;]. Les mots aimer et amour reviennent 348 fois &#8230;<\/p>\n","protected":false},"author":1,"featured_media":12810,"comment_status":"closed","ping_status":"open","sticky":false,"template":"","format":"standard","meta":{"footnotes":""},"categories":[3],"tags":[],"class_list":["post-12808","post","type-post","status-publish","format-standard","has-post-thumbnail","hentry","category-paroles-de-vie"],"_links":{"self":[{"href":"https:\/\/eglise-visitation-dijon.net\/w3\/wp-json\/wp\/v2\/posts\/12808","targetHints":{"allow":["GET"]}}],"collection":[{"href":"https:\/\/eglise-visitation-dijon.net\/w3\/wp-json\/wp\/v2\/posts"}],"about":[{"href":"https:\/\/eglise-visitation-dijon.net\/w3\/wp-json\/wp\/v2\/types\/post"}],"author":[{"embeddable":true,"href":"https:\/\/eglise-visitation-dijon.net\/w3\/wp-json\/wp\/v2\/users\/1"}],"replies":[{"embeddable":true,"href":"https:\/\/eglise-visitation-dijon.net\/w3\/wp-json\/wp\/v2\/comments?post=12808"}],"version-history":[{"count":1,"href":"https:\/\/eglise-visitation-dijon.net\/w3\/wp-json\/wp\/v2\/posts\/12808\/revisions"}],"predecessor-version":[{"id":12811,"href":"https:\/\/eglise-visitation-dijon.net\/w3\/wp-json\/wp\/v2\/posts\/12808\/revisions\/12811"}],"wp:featuredmedia":[{"embeddable":true,"href":"https:\/\/eglise-visitation-dijon.net\/w3\/wp-json\/wp\/v2\/media\/12810"}],"wp:attachment":[{"href":"https:\/\/eglise-visitation-dijon.net\/w3\/wp-json\/wp\/v2\/media?parent=12808"}],"wp:term":[{"taxonomy":"category","embeddable":true,"href":"https:\/\/eglise-visitation-dijon.net\/w3\/wp-json\/wp\/v2\/categories?post=12808"},{"taxonomy":"post_tag","embeddable":true,"href":"https:\/\/eglise-visitation-dijon.net\/w3\/wp-json\/wp\/v2\/tags?post=12808"}],"curies":[{"name":"wp","href":"https:\/\/api.w.org\/{rel}","templated":true}]}}