{"id":12825,"date":"2024-05-13T09:27:40","date_gmt":"2024-05-13T07:27:40","guid":{"rendered":"http:\/\/eglise-visitation-dijon.net\/w3\/?p=12825"},"modified":"2024-09-22T22:03:54","modified_gmt":"2024-09-22T20:03:54","slug":"la-flamme-olympique-de-lamour-homelie-du-dimanche-12-mai-2024","status":"publish","type":"post","link":"https:\/\/eglise-visitation-dijon.net\/w3\/la-flamme-olympique-de-lamour-homelie-du-dimanche-12-mai-2024\/","title":{"rendered":"La flamme olympique de l&rsquo;amour &#8211; hom\u00e9lie du dimanche 12 mai 2024"},"content":{"rendered":"\n<p><\/p>\n\n\n<div class=\"wp-block-image\">\n<figure class=\"alignleft\"><img loading=\"lazy\" decoding=\"async\" width=\"63\" height=\"32\" src=\"https:\/\/eglise-visitation-dijon.net\/w3\/wp-content\/uploads\/2021\/01\/boutons-2.jpg\" alt=\"\" class=\"wp-image-7495\"\/><\/figure>\n<\/div>\n\n\n<p><em><a href=\"http:\/\/eglise-visitation-dijon.net\/w2\/homelies\/Homelie-12-mai-2024\" target=\"_blank\" rel=\"noreferrer noopener\">T\u00e9l\u00e9charger au format pdf<\/a><\/em><\/p>\n\n\n\n<p class=\"has-text-align-right\"><a href=\"http:\/\/levangileauquotidien.org\/FR\/gospel\/2024-05-12\" target=\"_blank\" rel=\"noreferrer noopener\">Les lectures du jour<\/a><\/p>\n\n\n\n<p class=\"has-black-color has-text-color\" style=\"font-size:22px\"><strong>La flamme olympique de l&rsquo;amour<\/strong><\/p>\n\n\n\n<p class=\"has-black-color has-text-color\">A un ami qui me t\u00e9l\u00e9phonait hier soir, j&rsquo;exprimais ma perplexit\u00e9 devant les textes de ce jour pour \u00e9crire une hom\u00e9lie. En effet ceux-ci ne sont pas \u00e0 premi\u00e8re vue des plus palpitants, et je ne voyais pas tr\u00e8s bien comment les relier \u00e0 nos vies, \u00e0 notre actualit\u00e9. Il me sugg\u00e9ra alors de parler de la flamme olympique&nbsp;; en effet il avait \u00e9t\u00e9 captiv\u00e9 par son arriv\u00e9e au port de Marseille cette semaine, et me disait que peut-\u00eatre cela int\u00e9resserait mes auditeurs. Pourquoi pas&nbsp;? Mais que dire \u00e0 ce sujet, et surtout que dire qui ait un lien, m\u00eame t\u00e9nu, avec la parole de Dieu propos\u00e9e aujourd&rsquo;hui&nbsp;?<\/p>\n\n\n\n<p class=\"has-black-color has-text-color\">Flamme, dans le vocabulaire chr\u00e9tien, cela fait penser \u00e0 Pentec\u00f4te, ces langues de feu qui tombent sur la t\u00eate des ap\u00f4tres, mais c&rsquo;est dimanche prochain. Flamme \u00e9voque aussi l&rsquo;amour naissant entre 2 \u00eatres, la passion pour un m\u00e9tier, une \u0153uvre d&rsquo;art, c&rsquo;est aussi l&rsquo;enthousiasme ressenti par tous les spectateurs mass\u00e9s sur le port de Marseille pour accueillir cette flamme qui va parcourir notre pays en pr\u00e9vision de ce grand rassemblement sportif. Peut-on alors dire que ce passage d&rsquo;\u00e9vangile que nous venons d&rsquo;entendre suscite le m\u00eame enthousiasme capable de soulever des foules? Je n&rsquo;irais pas jusque l\u00e0, et pourtant dans ce qu&rsquo;on peut qualifier de pri\u00e8re j&rsquo;ai trouv\u00e9 aussi un souffle puissant, une r\u00e9elle flamme int\u00e9rieure \u00e0 condition que cette pri\u00e8re soit accueillie comme un testament de la part de J\u00e9sus, m\u00e9dit\u00e9e, susurr\u00e9e, murmur\u00e9e, afin qu&rsquo;elle entre au plus profond de nos c\u0153urs.<\/p>\n\n\n\n<p class=\"has-black-color has-text-color\">Et alors appara\u00eetra la richesse de ces mots prononc\u00e9s par J\u00e9sus, des mots d&rsquo;amour, de joie, de v\u00e9rit\u00e9, de cons\u00e9cration. Il faut dire que ces paroles, qui ont pu \u00eatre prononc\u00e9es par J\u00e9sus (mais y avait-il un micro pour les capter fid\u00e8lement?), sont surtout le fruit d&rsquo;une m\u00e9ditation par la communaut\u00e9 des premiers chr\u00e9tiens rassembl\u00e9s autour de l&rsquo;ap\u00f4tre Jean. Devant les difficult\u00e9s qu&rsquo;ils rencontraient dans leur vie, notamment contestation id\u00e9ologique, pers\u00e9cution, Jean leur rappelait ce que lui-m\u00eame avait entendu dans la bouche de J\u00e9sus au long de toutes ses d\u00e9clarations&nbsp;; il avait lui-m\u00eame \u00e9t\u00e9 saisi par la puissance d&rsquo;amour, de compassion que J\u00e9sus manifestait \u00e0 tous ses interlocuteurs. Quand il dit, par exemple,&nbsp;\u00ab&nbsp;j&rsquo;ai veill\u00e9 sur eux, et aucun ne s&rsquo;est perdu&nbsp;\u00bb ou bien \u00ab&nbsp;pour qu&rsquo;ils aient en eux ma joie et qu&rsquo;ils en soient combl\u00e9s&nbsp;\u00bb, on per\u00e7oit que cette parole a fait mouche dans la t\u00eate de Jean, et il le r\u00e9p\u00e8te \u00e0 ses auditeurs d\u00e9courag\u00e9s.<\/p>\n\n\n\n<p class=\"has-black-color has-text-color\">C&rsquo;est donc un texte \u00e0 reprendre sans cesse, surtout quand on a l&rsquo;impression que tout va mal. Un texte qui compl\u00e8te bien l&rsquo;autre passage de Jean (2\u00e8me lecture), o\u00f9 est rappel\u00e9e la primaut\u00e9 de l&rsquo;amour, un amour qui nous est donn\u00e9 et que nous avons \u00e0 d\u00e9ployer dans nos relations humaines. Et dans cet \u00e9lan je reviens \u00e0 la flamme olympique qui annonce ces jeux o\u00f9 vont se retrouver des athl\u00e8tes du monde entier au c\u0153ur d&rsquo;une actualit\u00e9 internationale si tendue. Comment nous, chr\u00e9tiens, disciples de ce J\u00e9sus qui a pri\u00e9 pour l&rsquo;unit\u00e9, pourrions-nous nous d\u00e9sint\u00e9resser de ce rassemblement&nbsp;? Bien s\u00fbr nous connaissons les limites de cette comp\u00e9tition, les exc\u00e8s en tous genres qu&rsquo;elle g\u00e9n\u00e8re, les relents de nationalisme qu&rsquo;elle suscite. Mais communions \u00e0 la joie qu&rsquo;elle procure chez les comp\u00e9titeurs et chez tous les spectateurs que nous serons, en direct ou par les ondes.<\/p>\n\n\n\n<p class=\"has-black-color has-text-color\">Une belle fa\u00e7on d&rsquo;accueillir la pri\u00e8re de J\u00e9sus, qui est venu pour que nous ayons la joie, la joie du don de soi, la joie de la foi en Lui. Et n&rsquo;ayons pas peur de porter tr\u00e8s haut la flamme (olympique) de notre foi.<\/p>\n\n\n\n<p class=\"has-black-color has-text-color\"><em>Andr\u00e9 Jobard<br>12 mai 2024<\/em><\/p>\n","protected":false},"excerpt":{"rendered":"<p>Flamme, dans le vocabulaire chr\u00e9tien, cela fait penser \u00e0 Pentec\u00f4te, ces langues de feu qui tombent sur la t\u00eate des ap\u00f4tres &#8230;<\/p>\n","protected":false},"author":1,"featured_media":0,"comment_status":"closed","ping_status":"open","sticky":false,"template":"","format":"standard","meta":{"footnotes":""},"categories":[3],"tags":[],"class_list":["post-12825","post","type-post","status-publish","format-standard","hentry","category-paroles-de-vie"],"_links":{"self":[{"href":"https:\/\/eglise-visitation-dijon.net\/w3\/wp-json\/wp\/v2\/posts\/12825","targetHints":{"allow":["GET"]}}],"collection":[{"href":"https:\/\/eglise-visitation-dijon.net\/w3\/wp-json\/wp\/v2\/posts"}],"about":[{"href":"https:\/\/eglise-visitation-dijon.net\/w3\/wp-json\/wp\/v2\/types\/post"}],"author":[{"embeddable":true,"href":"https:\/\/eglise-visitation-dijon.net\/w3\/wp-json\/wp\/v2\/users\/1"}],"replies":[{"embeddable":true,"href":"https:\/\/eglise-visitation-dijon.net\/w3\/wp-json\/wp\/v2\/comments?post=12825"}],"version-history":[{"count":1,"href":"https:\/\/eglise-visitation-dijon.net\/w3\/wp-json\/wp\/v2\/posts\/12825\/revisions"}],"predecessor-version":[{"id":12826,"href":"https:\/\/eglise-visitation-dijon.net\/w3\/wp-json\/wp\/v2\/posts\/12825\/revisions\/12826"}],"wp:attachment":[{"href":"https:\/\/eglise-visitation-dijon.net\/w3\/wp-json\/wp\/v2\/media?parent=12825"}],"wp:term":[{"taxonomy":"category","embeddable":true,"href":"https:\/\/eglise-visitation-dijon.net\/w3\/wp-json\/wp\/v2\/categories?post=12825"},{"taxonomy":"post_tag","embeddable":true,"href":"https:\/\/eglise-visitation-dijon.net\/w3\/wp-json\/wp\/v2\/tags?post=12825"}],"curies":[{"name":"wp","href":"https:\/\/api.w.org\/{rel}","templated":true}]}}