{"id":12917,"date":"2024-05-22T18:14:48","date_gmt":"2024-05-22T16:14:48","guid":{"rendered":"http:\/\/eglise-visitation-dijon.net\/w3\/?p=12917"},"modified":"2024-09-22T22:04:04","modified_gmt":"2024-09-22T20:04:04","slug":"un-souffle-qui-balaie-toute-desesperance-homelie-du-samedi-18-mai-2024-pentecote","status":"publish","type":"post","link":"https:\/\/eglise-visitation-dijon.net\/w3\/un-souffle-qui-balaie-toute-desesperance-homelie-du-samedi-18-mai-2024-pentecote\/","title":{"rendered":"Un souffle qui balaie toute d\u00e9sesp\u00e9rance &#8211; hom\u00e9lie du samedi 18 mai 2024 &#8211; Pentec\u00f4te"},"content":{"rendered":"<div class=\"wp-block-image\">\n<figure class=\"alignleft\"><img loading=\"lazy\" decoding=\"async\" width=\"63\" height=\"32\" src=\"https:\/\/eglise-visitation-dijon.net\/w3\/wp-content\/uploads\/2021\/01\/boutons-2.jpg\" alt=\"\" class=\"wp-image-7495\"\/><\/figure>\n<\/div>\n\n\n<p><em><a href=\"http:\/\/eglise-visitation-dijon.net\/w2\/homelies\/Homelie-18-mai-2024\" target=\"_blank\" rel=\"noreferrer noopener\">T\u00e9l\u00e9charger au format pdf<\/a><\/em><\/p>\n\n\n\n<p class=\"has-text-align-right\"><a href=\"http:\/\/levangileauquotidien.org\/FR\/gospel\/2024-05-19\" target=\"_blank\" rel=\"noreferrer noopener\">Les lectures du jour<\/a><\/p>\n\n\n\n<p class=\"has-black-color has-text-color\" style=\"font-size:22px\"><strong>Un souffle qui balaie toute d\u00e9sesp\u00e9rance<\/strong><\/p>\n\n\n\n<p class=\"has-black-color has-text-color\">\u00ab&nbsp;Il vint du ciel comme un violent coup de vent.&nbsp;\u00bb En ces temps m\u00e9t\u00e9orologiques agit\u00e9s, nous sommes t\u00e9moins de catastrophes naturelles dont sont victimes des r\u00e9gions enti\u00e8res, des professions. Mais si nous sommes pour l&rsquo;instant \u00e9pargn\u00e9s par ces ph\u00e9nom\u00e8nes, peuvent surgir dans nos vies personnelles ou communautaires de violents bouleversements, semblables au cataclysme qu&rsquo;ont connu les premiers ap\u00f4tres le jour de Pentec\u00f4te.<\/p>\n\n\n\n<p class=\"has-black-color has-text-color\">En effet c&rsquo;est un coup au c\u0153ur qu&rsquo;ont ressenti ces hommes, enferm\u00e9s \u00e0 J\u00e9rusalem, dans la peur. Encore bless\u00e9s par leur l\u00e2chet\u00e9 \u00e0 l&rsquo;\u00e9gard de leur ami J\u00e9sus, alors que celui-ci venait d&rsquo;\u00eatre arr\u00eat\u00e9 et allait mourir sur la croix, ils \u00e9taient assaillis de doutes et m\u00eame s&rsquo;ils avaient eu la chance de rencontres merveilleuses, mais tr\u00e8s fugaces avec le ressuscit\u00e9, ils restaient prisonniers des souvenirs de leur vie avec lui sur les routes de Palestine et du drame de la passion. J\u00e9sus leur avait promis la venue de son Esprit, esprit qui leur donnerait force, audace \u00e0 annoncer cette bonne nouvelle, \u00e0 savoir&nbsp;: J\u00e9sus n&rsquo;est plus enferm\u00e9 dans la mort, et avec lui l&rsquo;humanit\u00e9 n&rsquo;est plus condamn\u00e9e \u00e0 la violence, \u00e0 la haine, \u00e0 la disparition. Mais comment allait se manifester la venue de cet esprit&nbsp;? C&rsquo;est l&rsquo;image de ce coup de vent, qui va les faire se lever, se mettre \u00e0 parler toutes les langues de ceux qui \u00e9taient rassembl\u00e9s pour la f\u00eate juive, la f\u00eate de la Pentec\u00f4te. L\u00e0 o\u00f9 habituellement on pense que les diff\u00e9rences de langue, de religion, de culture sont un obstacle pour se comprendre, voil\u00e0 que r\u00e8gne un climat d&rsquo;entente, de paix, de joie, ce qui fait dire \u00e0 tous ces gens reconnus pour ce qu&rsquo;ils sont&nbsp;:&nbsp;\u00ab&nbsp;nous les avons entendu parler dans nos langues les merveilles de Dieu.\u00bb<\/p>\n\n\n\n<p class=\"has-black-color has-text-color\">Allons-nous aussi nous lever, nous chr\u00e9tiens, assaillis comme les premiers ap\u00f4tres par les doutes sur l&rsquo;avenir de notre humanit\u00e9, en proie \u00e0 de terribles d\u00e9fis&nbsp;? D\u00e9fi de le guerre, de l&rsquo;injustice, de la crise climatique et tant d&rsquo;autres probl\u00e8mes li\u00e9s \u00e0 notre mode de vie&nbsp;? Car les informations que nous d\u00e9versent en continu les m\u00e9dias sur l&rsquo;\u00e9tat du monde ont de quoi faire fr\u00e9mir.<\/p>\n\n\n\n<p class=\"has-black-color has-text-color\">Comment passer d&rsquo;une culture du d\u00e9sespoir, de l&rsquo;anxi\u00e9t\u00e9 permanente, \u00e0 une culture de paix, de joie, de fraternit\u00e9&nbsp;? Peut-\u00eatre en nous laissant emporter par le souffle de J\u00e9sus, lui qui au c\u0153ur-m\u00eame de ce qu&rsquo;il a v\u00e9cu de plus terrible (sa condamnation \u00e0 mort, sa mise en croix), a gard\u00e9 l&rsquo;esp\u00e9rance d&rsquo;un monde nouveau. Saint Paul ne dit pas autre chose&nbsp;: \u00ab&nbsp;marchez sous la conduite de l&rsquo;Esprit-Saint&nbsp;\u00bb. Il oppose d&rsquo;ailleurs \u00e0 cette expression celle de l&#8217;emprise de la chair, chair entendue comme l&rsquo;ensemble des pulsions, des convoitises, des habitudes, du pr\u00eat-\u00e0-penser, qui nous maintiennent dans une insatisfaction permanente et nous \u00e9loignent les uns des autres.<\/p>\n\n\n\n<p class=\"has-black-color has-text-color\">A ce propos, je voudrais souligner l&rsquo;initiative prise par un groupe de paroissiens autour du th\u00e8me &lsquo;\u00e9cologie int\u00e9grale&rsquo;. Loin de nous culpabiliser ou nous enfoncer encore plus dans la d\u00e9sesp\u00e9rance face au d\u00e9fi du d\u00e9r\u00e8glement climatique, <a href=\"https:\/\/eglise-visitation-dijon.net\/w3\/prenons-soin-de-notre-maison-commune-samedi-25-juin-2024\/\">cette rencontre de samedi prochain<\/a> veut simplement nous \u00e9tablir dans le partage de ce qui se vit d\u00e9j\u00e0, de ce qui peut se vivre pour prot\u00e9ger notre maison commune&#8230; \u00e0 l&rsquo;exemple d&rsquo;une famille qui se retrouve avec plaisir pour imaginer la transformation de la maison familiale. Il peut y r\u00e9gner un climat de paix, d&rsquo;\u00e9coute, d&rsquo;imagination&#8230;pourquoi pas une trace de l&rsquo;Esprit-Saint&nbsp;?<\/p>\n\n\n\n<p class=\"has-black-color has-text-color\"><em>Andr\u00e9 Jobard<br>18 mai 2024 \u2013 samedi de Pentec\u00f4te<\/em><\/p>\n","protected":false},"excerpt":{"rendered":"<p>En ces temps m\u00e9t\u00e9orologiques agit\u00e9s, nous sommes t\u00e9moins de catastrophes naturelles dont sont victimes des r\u00e9gions enti\u00e8res, des professions &#8230;<\/p>\n","protected":false},"author":1,"featured_media":0,"comment_status":"closed","ping_status":"closed","sticky":false,"template":"","format":"standard","meta":{"footnotes":""},"categories":[3],"tags":[],"class_list":["post-12917","post","type-post","status-publish","format-standard","hentry","category-paroles-de-vie"],"_links":{"self":[{"href":"https:\/\/eglise-visitation-dijon.net\/w3\/wp-json\/wp\/v2\/posts\/12917","targetHints":{"allow":["GET"]}}],"collection":[{"href":"https:\/\/eglise-visitation-dijon.net\/w3\/wp-json\/wp\/v2\/posts"}],"about":[{"href":"https:\/\/eglise-visitation-dijon.net\/w3\/wp-json\/wp\/v2\/types\/post"}],"author":[{"embeddable":true,"href":"https:\/\/eglise-visitation-dijon.net\/w3\/wp-json\/wp\/v2\/users\/1"}],"replies":[{"embeddable":true,"href":"https:\/\/eglise-visitation-dijon.net\/w3\/wp-json\/wp\/v2\/comments?post=12917"}],"version-history":[{"count":1,"href":"https:\/\/eglise-visitation-dijon.net\/w3\/wp-json\/wp\/v2\/posts\/12917\/revisions"}],"predecessor-version":[{"id":12918,"href":"https:\/\/eglise-visitation-dijon.net\/w3\/wp-json\/wp\/v2\/posts\/12917\/revisions\/12918"}],"wp:attachment":[{"href":"https:\/\/eglise-visitation-dijon.net\/w3\/wp-json\/wp\/v2\/media?parent=12917"}],"wp:term":[{"taxonomy":"category","embeddable":true,"href":"https:\/\/eglise-visitation-dijon.net\/w3\/wp-json\/wp\/v2\/categories?post=12917"},{"taxonomy":"post_tag","embeddable":true,"href":"https:\/\/eglise-visitation-dijon.net\/w3\/wp-json\/wp\/v2\/tags?post=12917"}],"curies":[{"name":"wp","href":"https:\/\/api.w.org\/{rel}","templated":true}]}}