{"id":13040,"date":"2024-06-05T22:40:07","date_gmt":"2024-06-05T20:40:07","guid":{"rendered":"http:\/\/eglise-visitation-dijon.net\/w3\/?p=13040"},"modified":"2024-10-13T07:32:16","modified_gmt":"2024-10-13T05:32:16","slug":"une-bonne-nouvelle-par-temps-pluvieux-homelie-du-dimanche-2-juin-2024","status":"publish","type":"post","link":"https:\/\/eglise-visitation-dijon.net\/w3\/une-bonne-nouvelle-par-temps-pluvieux-homelie-du-dimanche-2-juin-2024\/","title":{"rendered":"Une bonne nouvelle par temps pluvieux &#8211; hom\u00e9lie du dimanche 2 juin 2024"},"content":{"rendered":"<div class=\"wp-block-image\">\n<figure class=\"alignleft\"><img loading=\"lazy\" decoding=\"async\" width=\"63\" height=\"32\" src=\"https:\/\/eglise-visitation-dijon.net\/w3\/wp-content\/uploads\/2021\/01\/boutons-2.jpg\" alt=\"\" class=\"wp-image-7495\"\/><\/figure>\n<\/div>\n\n\n<p><em><a href=\"http:\/\/eglise-visitation-dijon.net\/w2\/homelies\/Homelie-2-juin-2024\" data-type=\"URL\" data-id=\"http:\/\/eglise-visitation-dijon.net\/w2\/homelies\/Homelie-2-juin-2024-Trinite\" target=\"_blank\" rel=\"noreferrer noopener\">T\u00e9l\u00e9charger au format pdf<\/a><\/em><\/p>\n\n\n\n<p class=\"has-text-align-right\"><a href=\"http:\/\/levangileauquotidien.org\/FR\/gospel\/2024-06-02\" target=\"_blank\" rel=\"noreferrer noopener\">Les lectures du jour<\/a><\/p>\n\n\n\n<p><em>F\u00eate du Corps et du Sang du Christ 2024 (Profession de foi)<\/em><\/p>\n\n\n\n<p class=\"has-black-color has-text-color\" style=\"font-size:22px\"><strong>Une bonne nouvelle par temps pluvieux<\/strong><\/p>\n\n\n\n<p class=\"has-black-color has-text-color\">Relisant une ancienne hom\u00e9lie, je relevais que ce qui faisait l&rsquo;essentiel des conversations du moment c&rsquo;\u00e9tait la canicule&nbsp;: il devait faire tr\u00e8s tr\u00e8s chaud \u00e0 cette \u00e9poque. On pourrait dire qu&rsquo;aujourd&rsquo;hui on ne parle plus que de la pluie et on se d\u00e9sole de constater que les longues soir\u00e9es que nous pourrions passer dehors se vivent au coin du feu. Et dans cette m\u00eame hom\u00e9lie je me demandais si la m\u00e9t\u00e9o \u00e9tait notre seule pr\u00e9occupation, et si pour chacun de nous c&rsquo;\u00e9tait l\u00e0 l&rsquo;essentiel. La f\u00eate que nous c\u00e9l\u00e9brons aujourd&rsquo;hui, celle du corps et du sang de J\u00e9sus-Christ (et celle de la profession de foi) peut nous ramener \u00e0 l&rsquo;essentiel.<\/p>\n\n\n\n<p class=\"has-black-color has-text-color\">Vous l&rsquo;avez entendu dans les textes, il est beaucoup question de sang. Le sang, \u00e7a peut provoquer un malaise pour des \u00e2mes sensibles, mais c&rsquo;est aussi le signe de la vie. En \u00e9coutant le r\u00e9cit de la premi\u00e8re lecture, l&rsquo;Exode, on peut \u00eatre surpris par le c\u00f4t\u00e9 archa\u00efque de ce rituel, o\u00f9 le sang coule abondamment en vue d&rsquo;une alliance entre deux parties. Ici il est question de sceller une alliance entre Dieu et les hommes. Une importance majeure \u00e0 une \u00e9poque o\u00f9 l&rsquo;on pensait que les dieux ne s&rsquo;int\u00e9ressaient nullement \u00e0 l&rsquo;histoire des hommes. Cette alliance entre Dieu et les hommes appelle une r\u00e9ponse, c&rsquo;est celle de la foi. (vous, les jeunes, l&rsquo;avez bien exprim\u00e9 \u00e0 travers la mise en \u0153uvre de la premi\u00e8re lecture).<\/p>\n\n\n\n<p class=\"has-black-color has-text-color\">Et dans l&rsquo;\u00e9vangile, qui relate le dernier repas de J\u00e9sus avec ses amis, J\u00e9sus livre son corps, il se donne \u00e0 nous, il offre son sang pour signifier qu&rsquo;il donne toute sa personne, pour sceller la belle alliance de Dieu avec l&rsquo;humanit\u00e9. Le sang qui coule, c&rsquo;est celui de l&rsquo;homme \u00e9gorg\u00e9. On le voit&nbsp;: J\u00e9sus n&rsquo;a pas fait semblant, il a souffert terriblement, pour authentifier son message d&rsquo;amour&nbsp;; il ne s&rsquo;est pas content\u00e9 de belles paroles, de belles promesses, il s&rsquo;est engag\u00e9 corps et \u00e2me pour nous. Par ce don de sa vie, il a re\u00e7u une vie nouvelle, au matin de P\u00e2ques&nbsp;: sa vie a pris une dimension extraordinaire. Et quand nous communions, nous ne mangeons pas seulement le corps de J\u00e9sus, nous recevons son corps meurtri, son corps livr\u00e9 aux mains des bourreaux, son corps crucifi\u00e9 et cette vie nouvelle du ressuscit\u00e9.<\/p>\n\n\n\n<p class=\"has-black-color has-text-color\">Que cela implique-t-il dans notre vie&nbsp;? Si J\u00e9sus s&rsquo;est donn\u00e9 \u00e0 nous par son corps jusqu&rsquo;au sang, ne devons-nous pas \u00e0 notre tour nous donner tout entiers \u00e0 lui&nbsp;? Et nous donner \u00e0 lui, ce n&rsquo;est pas n\u00e9cessairement chercher le martyre, comme le font les terroristes au nom d&rsquo;une pr\u00e9tendue volont\u00e9 divine, mais tout simplement dans notre quotidien mettre toujours en avant le souci de l&rsquo;autre, le d\u00e9sir de son bonheur. C&rsquo;est nous donner aux autres, \u00e0 nos parents, nos familles (nos copains), \u00e0 tous ceux en qui J\u00e9sus s&rsquo;est reconnu, l&rsquo;affam\u00e9, le malade, l&rsquo;\u00e9tranger, le d\u00e9muni, le prisonnier. Les bons sentiments ne suffisent plus, c&rsquo;est notre vie, dans toutes ses dimensions qui est appel\u00e9e \u00e0 se donner et \u00e0 devenir une offrande comme celle de J\u00e9sus. Et l&rsquo;eucharistie est le rappel de l&rsquo;offrande de J\u00e9sus \u00e0 laquelle nous nous associons tout au long de notre vie.<\/p>\n\n\n\n<p class=\"has-black-color has-text-color\">Nous voil\u00e0 peut-\u00eatre revenus \u00e0 l&rsquo;essentiel, m\u00eame si demeurent les pr\u00e9occupations m\u00e9t\u00e9orologiques&nbsp;du moment! Nous le savons bien, et parfois il faut un \u00e9v\u00e9nement grave ou compliqu\u00e9 pour nous rappeler cet essentiel. Que nos messes, nos eucharisties, soient le reflet de ce d\u00e9sir de nous associer, par nos vies de service et de fraternit\u00e9, \u00e0 celle de J\u00e9sus, qui l&rsquo;a donn\u00e9e pour notre plus grand bonheur.<\/p>\n\n\n\n<p class=\"has-black-color has-text-color\"><em>Andr\u00e9 Jobard<br>2 juin 2024<\/em><br><br><br><\/p>\n","protected":false},"excerpt":{"rendered":"<p>Relisant une ancienne hom\u00e9lie, je relevais que ce qui faisait l&rsquo;essentiel des conversations du moment c&rsquo;\u00e9tait la canicule\u00a0: il devait faire tr\u00e8s tr\u00e8s chaud \u00e0 cette \u00e9poque &#8230;<\/p>\n","protected":false},"author":1,"featured_media":0,"comment_status":"closed","ping_status":"closed","sticky":false,"template":"","format":"standard","meta":{"footnotes":""},"categories":[3],"tags":[],"class_list":["post-13040","post","type-post","status-publish","format-standard","hentry","category-paroles-de-vie"],"_links":{"self":[{"href":"https:\/\/eglise-visitation-dijon.net\/w3\/wp-json\/wp\/v2\/posts\/13040","targetHints":{"allow":["GET"]}}],"collection":[{"href":"https:\/\/eglise-visitation-dijon.net\/w3\/wp-json\/wp\/v2\/posts"}],"about":[{"href":"https:\/\/eglise-visitation-dijon.net\/w3\/wp-json\/wp\/v2\/types\/post"}],"author":[{"embeddable":true,"href":"https:\/\/eglise-visitation-dijon.net\/w3\/wp-json\/wp\/v2\/users\/1"}],"replies":[{"embeddable":true,"href":"https:\/\/eglise-visitation-dijon.net\/w3\/wp-json\/wp\/v2\/comments?post=13040"}],"version-history":[{"count":2,"href":"https:\/\/eglise-visitation-dijon.net\/w3\/wp-json\/wp\/v2\/posts\/13040\/revisions"}],"predecessor-version":[{"id":13042,"href":"https:\/\/eglise-visitation-dijon.net\/w3\/wp-json\/wp\/v2\/posts\/13040\/revisions\/13042"}],"wp:attachment":[{"href":"https:\/\/eglise-visitation-dijon.net\/w3\/wp-json\/wp\/v2\/media?parent=13040"}],"wp:term":[{"taxonomy":"category","embeddable":true,"href":"https:\/\/eglise-visitation-dijon.net\/w3\/wp-json\/wp\/v2\/categories?post=13040"},{"taxonomy":"post_tag","embeddable":true,"href":"https:\/\/eglise-visitation-dijon.net\/w3\/wp-json\/wp\/v2\/tags?post=13040"}],"curies":[{"name":"wp","href":"https:\/\/api.w.org\/{rel}","templated":true}]}}