{"id":13115,"date":"2024-07-30T15:40:39","date_gmt":"2024-07-30T13:40:39","guid":{"rendered":"http:\/\/eglise-visitation-dijon.net\/w3\/?p=13115"},"modified":"2024-09-22T22:00:53","modified_gmt":"2024-09-22T20:00:53","slug":"quand-un-enfant-partage-son-pique-nique-homelie-du-dimanche-28-juillet-2024","status":"publish","type":"post","link":"https:\/\/eglise-visitation-dijon.net\/w3\/quand-un-enfant-partage-son-pique-nique-homelie-du-dimanche-28-juillet-2024\/","title":{"rendered":"Quand un enfant partage son pique-nique \u2013 hom\u00e9lie du dimanche 28 juillet 2024"},"content":{"rendered":"<div class=\"wp-block-image\">\n<figure class=\"alignleft\"><img loading=\"lazy\" decoding=\"async\" width=\"63\" height=\"32\" src=\"https:\/\/eglise-visitation-dijon.net\/w3\/wp-content\/uploads\/2021\/01\/boutons-2.jpg\" alt=\"\" class=\"wp-image-7495\"\/><\/figure>\n<\/div>\n\n\n<p><em><a href=\"http:\/\/eglise-visitation-dijon.net\/w2\/homelies\/Homelie-28-juillet-2024\" target=\"_blank\" rel=\"noreferrer noopener\">T\u00e9l\u00e9charger au format pdf<\/a><\/em><\/p>\n\n\n\n<p class=\"has-text-align-right\"><a href=\"http:\/\/levangileauquotidien.org\/FR\/gospel\/2024-07-28\" target=\"_blank\" rel=\"noreferrer noopener\">Les lectures du jour<\/a><\/p>\n\n\n\n<p class=\"has-black-color has-text-color\"><strong>Quand un enfant partage son pique-nique<\/strong><\/p>\n\n\n\n<p class=\"has-black-color has-text-color\">Au cours des vacances que j&rsquo;ai eu la chance de vivre en ce mois de juillet, j&rsquo;ai rencontr\u00e9 \u00e0 plusieurs reprises des groupes d&rsquo;enfants ou adolescents le sac \u00e0 dos certainement charg\u00e9 des pique-niques n\u00e9cessaires \u00e0 l&rsquo;app\u00e9tit f\u00e9roce de ces jeunes. Et je pensais \u00e0 ce jeune gar\u00e7on de l&rsquo;\u00e9vangile, qui permit de d\u00e9bloquer une situation qui \u00e9tait dans l&rsquo;impasse. J&rsquo;aime beaucoup ce r\u00e9cit de la multiplication des pains tel que le relate saint Jean pour plusieurs raisons.<\/p>\n\n\n\n<p class=\"has-black-color has-text-color\">Tout d&rsquo;abord la question de J\u00e9sus, \u00ab&nbsp;o\u00f9 pourrions-nous acheter du pain pour qu&rsquo;ils aient \u00e0 manger&nbsp;?&nbsp;\u00bb&nbsp; Elle est \u00e0 la fois expressive de son attention \u00e0 l&rsquo;\u00e9gard de cette foule affam\u00e9e, et aussi provocante&nbsp;: une fa\u00e7on de mettre \u00e0 l&rsquo;\u00e9preuve Philippe et nous-m\u00eames, toujours enclins \u00e0 ne chercher que des solutions comptables ou techniques devant les d\u00e9fis \u00e0 relever.<\/p>\n\n\n\n<p class=\"has-black-color has-text-color\">Arrive alors une 2\u00e8me \u00e9tape&nbsp;: Andr\u00e9 (je n&rsquo;y suis pour rien!) a rep\u00e9r\u00e9 ce gamin qui a su faire preuve de clairvoyance en apportant son pique-nique. Ce regard est important, un regard qui ne laisse pas de c\u00f4t\u00e9 l&rsquo;insignifiant, le m\u00e9prisable, le fragile, m\u00eame si la r\u00e9action premi\u00e8re est de juger difficile la solution apport\u00e9e par cette d\u00e9couverte.<\/p>\n\n\n\n<p class=\"has-black-color has-text-color\">Et la 3\u00e8me \u00e9tape&nbsp;: c&rsquo;est cet enfant qui accepte de donner le pr\u00e9cieux contenu de son sac \u00e0 dos, de se d\u00e9pouiller de toute chance de survie. On l&rsquo;oublie trop souvent, ce geste de partage, cette g\u00e9n\u00e9rosit\u00e9 inattendue d&rsquo;un jeune. Sans lui, que serait-il advenu pour cette foule affam\u00e9e&nbsp;?<\/p>\n\n\n\n<p class=\"has-black-color has-text-color\">Enfin ce qui va \u00eatre d\u00e9terminant , ce ne sont pas des gestes magiques de la part de J\u00e9sus qui agit dans une grande discr\u00e9tion, mais tout simplement c&rsquo;est cette pri\u00e8re d&rsquo;action de gr\u00e2ce dans sa bouche. Action de gr\u00e2ce pour la g\u00e9n\u00e9rosit\u00e9, la confiance de cet enfant, celle de ses disciples, celle de cette foule qui s&rsquo;assoit dans l&rsquo;attente de ce qui va se passer. Pour J\u00e9sus, tous ces petits gestes, toutes ces attitudes sont l&rsquo;expression de l&rsquo;amour de Dieu, et c&rsquo;est cela son action de gr\u00e2ce. Et en rendant gr\u00e2ce, J\u00e9sus ne veut pas s&rsquo;attribuer le succ\u00e8s de l&rsquo;op\u00e9ration&nbsp;;il en est juste l&rsquo;instrument, le m\u00e9diateur, Dieu \u00e9tant celui qui donne g\u00e9n\u00e9reusement.<\/p>\n\n\n\n<p class=\"has-black-color has-text-color\">Des d\u00e9fis, nous en avons beaucoup \u00e0 relever, peut-\u00eatre encore plus importants que de nourrir 5000 hommes avec le pique-nique d&rsquo;un enfant. C&rsquo;est le d\u00e9fi de la paix, de la justice, de la fraternit\u00e9 , du dialogue, en ces temps difficiles que nous traversons. Si nous r\u00e9agissons comme l&rsquo;ap\u00f4tre Philippe, devant l&rsquo;immensit\u00e9 des probl\u00e8mes, en baissant les bras, alors tout para\u00eet impossible. En revanche si nous acceptons de regarder autrement la r\u00e9alit\u00e9, notamment en faisant attention aux moindres gestes, aux plus petites paroles qui font avancer l&rsquo;entente, la fraternit\u00e9, m\u00eame si ce n&rsquo;est pas plus gros qu&rsquo;un casse-cro\u00fbte, si nous portons des paroles de confiance et non de d\u00e9nigrement permanent, Dieu saura nous combler au-del\u00e0 de toute attente.<\/p>\n\n\n\n<p class=\"has-black-color has-text-color\">Avant-hier soir avait lieu la c\u00e9r\u00e9monie d&rsquo;ouverture des J.O.&nbsp;: au-del\u00e0 de ce qu&rsquo;on pourrait retenir comme un d\u00e9sir de promotion nationale, n&rsquo;y avait-il pas une belle image de la joie de se retrouver entre toutes les nations autour du sport&nbsp;? J&rsquo;ai tendance \u00e0 voir dans cette multiplication des pains un formidable appel \u00e0 d\u00e9passer notre amertume et notre angoisse devant un futur mena\u00e7ant,\u00e0 rester attentif et vigilant (comme Andr\u00e9) \u00e0 tout ce qui contribue \u00e0 des rapports bienveillants, et enfin \u00e0 rendre gr\u00e2ce pour tout ce que le Seigneur nous donne&nbsp;: c&rsquo;est le r\u00f4le de toute eucharistie, o\u00f9 nous recevons la vie en abondance. Ce sera toujours dans la fragilit\u00e9, la vuln\u00e9rabilit\u00e9, dans la pauvret\u00e9, mais la f\u00e9condit\u00e9 d&rsquo;une telle attitude d\u00e9passera notre imagination.<\/p>\n\n\n\n<p class=\"has-black-color has-text-color\"><em>Andr\u00e9 Jobard<br>28 juillet 2024<\/em><\/p>\n","protected":false},"excerpt":{"rendered":"<p>Au cours des vacances que j&rsquo;ai eu la chance de vivre en ce mois de juillet, j&rsquo;ai rencontr\u00e9 \u00e0 plusieurs reprises des groupes d&rsquo;enfants ou adolescents le sac \u00e0 dos &#8230;<\/p>\n","protected":false},"author":1,"featured_media":0,"comment_status":"closed","ping_status":"closed","sticky":false,"template":"","format":"standard","meta":{"footnotes":""},"categories":[3],"tags":[],"class_list":["post-13115","post","type-post","status-publish","format-standard","hentry","category-paroles-de-vie"],"_links":{"self":[{"href":"https:\/\/eglise-visitation-dijon.net\/w3\/wp-json\/wp\/v2\/posts\/13115","targetHints":{"allow":["GET"]}}],"collection":[{"href":"https:\/\/eglise-visitation-dijon.net\/w3\/wp-json\/wp\/v2\/posts"}],"about":[{"href":"https:\/\/eglise-visitation-dijon.net\/w3\/wp-json\/wp\/v2\/types\/post"}],"author":[{"embeddable":true,"href":"https:\/\/eglise-visitation-dijon.net\/w3\/wp-json\/wp\/v2\/users\/1"}],"replies":[{"embeddable":true,"href":"https:\/\/eglise-visitation-dijon.net\/w3\/wp-json\/wp\/v2\/comments?post=13115"}],"version-history":[{"count":2,"href":"https:\/\/eglise-visitation-dijon.net\/w3\/wp-json\/wp\/v2\/posts\/13115\/revisions"}],"predecessor-version":[{"id":13117,"href":"https:\/\/eglise-visitation-dijon.net\/w3\/wp-json\/wp\/v2\/posts\/13115\/revisions\/13117"}],"wp:attachment":[{"href":"https:\/\/eglise-visitation-dijon.net\/w3\/wp-json\/wp\/v2\/media?parent=13115"}],"wp:term":[{"taxonomy":"category","embeddable":true,"href":"https:\/\/eglise-visitation-dijon.net\/w3\/wp-json\/wp\/v2\/categories?post=13115"},{"taxonomy":"post_tag","embeddable":true,"href":"https:\/\/eglise-visitation-dijon.net\/w3\/wp-json\/wp\/v2\/tags?post=13115"}],"curies":[{"name":"wp","href":"https:\/\/api.w.org\/{rel}","templated":true}]}}