{"id":13130,"date":"2024-08-14T16:43:21","date_gmt":"2024-08-14T14:43:21","guid":{"rendered":"http:\/\/eglise-visitation-dijon.net\/w3\/?p=13130"},"modified":"2024-10-13T07:33:53","modified_gmt":"2024-10-13T05:33:53","slug":"pour-repartir-dans-lesperance-homelie-du-dimanche-11-aout-2024-carmel","status":"publish","type":"post","link":"https:\/\/eglise-visitation-dijon.net\/w3\/pour-repartir-dans-lesperance-homelie-du-dimanche-11-aout-2024-carmel\/","title":{"rendered":"Pour repartir dans l\u2019esp\u00e9rance \u2013 hom\u00e9lie du dimanche 11 ao\u00fbt 2024 &#8211; (Carmel)"},"content":{"rendered":"<div class=\"wp-block-image\">\n<figure class=\"alignleft\"><img loading=\"lazy\" decoding=\"async\" width=\"63\" height=\"32\" src=\"https:\/\/eglise-visitation-dijon.net\/w3\/wp-content\/uploads\/2021\/01\/boutons-2.jpg\" alt=\"\" class=\"wp-image-7495\"\/><\/figure>\n<\/div>\n\n\n<p><em><a href=\"http:\/\/eglise-visitation-dijon.net\/w2\/homelies\/Homelie-11-aout-2024\" target=\"_blank\" rel=\"noreferrer noopener\">T\u00e9l\u00e9charger au format pdf<\/a><\/em><\/p>\n\n\n\n<p class=\"has-text-align-right\"><a href=\"http:\/\/levangileauquotidien.org\/FR\/gospel\/2024-08-11\" target=\"_blank\" rel=\"noreferrer noopener\">Les lectures du jour<\/a><\/p>\n\n\n\n<p class=\"has-black-color has-text-color\" style=\"font-size:22px\"><strong>Pour repartir dans l\u2019esp\u00e9rance<\/strong><\/p>\n\n\n\n<p class=\"has-black-color has-text-color\">En ces jours de grande chaleur, nous pouvons \u00eatre tent\u00e9s comme Elie de nous mettre \u00e0 l\u2019ombre d\u2019un buisson et dire au Seigneur&nbsp;:&nbsp;\u00ab&nbsp;maintenant, c\u2019en est trop, reprends notre vie&nbsp;\u00bb. Mais plus encore que la chaleur \u00e9touffante, c\u2019est la situation internationale, avec toutes ses violences, qui nous fait douter d\u2019un retour possible de la paix, de la justice et de la pr\u00e9servation de la nature. De m\u00eame dans notre vie personnelle, familiale, nous pouvons traverser de lourdes \u00e9preuves, de sant\u00e9, de dialogue difficile, d\u2019incompr\u00e9hension, de jalousie. D\u2019o\u00f9 la tentation de baisser les bras et de se laisser aller en abandonnant toute volont\u00e9 d\u2019une emprise sur la r\u00e9alit\u00e9&nbsp;; ne serait-ce pas la signification du sommeil dans lequel s\u2019enfonce Elie, d\u00e9courag\u00e9 dans sa marche au d\u00e9sert, alors qu\u2019il est traqu\u00e9 par la reine J\u00e9zabel&nbsp;?<\/p>\n\n\n\n<p class=\"has-black-color has-text-color\">Or c\u2019est pr\u00e9cis\u00e9ment dans son sommeil qu\u2019Elie va vivre une exp\u00e9rience, une v\u00e9ritable d\u00e9couverte de ce qu\u2019est la Foi, une exp\u00e9rience \u00e0 laquelle J\u00e9sus invite ses auditeurs. Dans son d\u00e9nuement extr\u00eame, tandis qu\u2019il s\u2019abandonne tout entier dans les mains de Dieu (ne dit-il pas \u00e0 Dieu&nbsp;: \u2019reprends ma vie\u2019 ), il est r\u00e9veill\u00e9 par un ange qui l\u2019invite \u00e0 manger ce pain cuit sur le feu et \u00e0 boire cette cruche d\u2019eau. Sa faim et sa soif sont apais\u00e9es sur le champ, et une 2\u00e8me fois il est r\u00e9veill\u00e9 et appel\u00e9 \u00e0 se relever pour continuer la route. Cette route qui n\u2019\u00e9tait qu\u2019un chemin d\u2019errance devient le chemin qui conduit \u00e0 la montagne de Dieu. Il n\u2019en fallut pas plus pour provoquer ce sursaut, gr\u00e2ce \u00e0 ce pain et \u00e0 cette cruche, qui n\u2019\u00e9taient qu\u2019un signe de la proximit\u00e9 de Dieu. Comme la manne au d\u00e9sert, comme ces pains qui avaient nourri 5000 hommes. C\u2019est bien dans l\u2019exp\u00e9rience du d\u00e9nuement, de la vuln\u00e9rabilit\u00e9 que se d\u00e9couvre cette pr\u00e9sence de Dieu, \u00e0 condition de lire dans nos vies toutes ces petites miettes de pain et ces quelques cruches qui se trouvent sur nos chemins.<\/p>\n\n\n\n<p class=\"has-black-color has-text-color\">Et quand J\u00e9sus se d\u00e9signe comme le pain vivant descendu du ciel, il tourne le regard de ses auditeurs, et donc nos regards \u00e0 nous, vers toutes ces r\u00e9alit\u00e9s qui nous font avancer dans la vie. Au lieu de nous d\u00e9sesp\u00e9rer devant l\u2019\u00e9talage sur nos \u00e9crans, de la mis\u00e8re du monde, recherchons, rep\u00e9rons tout ce qui contribue \u00e0 la paix. J\u2019aime beaucoup la parole de Paul quand il dit&nbsp;:&nbsp;\u00ab&nbsp;n\u2019attristez pas le Saint-Esprit&nbsp;\u00bb et qu\u2019il \u00e9num\u00e8re toutes ces dispositions, ces pens\u00e9es qui introduisent le mal dans nos relations. Reprenons plut\u00f4t le chant du psaume&nbsp;: \u2019Go\u00fbtez et voyez comme est bon le Seigneur\u2019. Nous passerons ainsi de la r\u00e9crimination dont s\u2019\u00e9taient rendus coupables les auditeurs de J\u00e9sus \u00e0 la contemplation de ce que Dieu nous offre jour apr\u00e8s jour, que ce soit dans les rencontres avec nos fr\u00e8res, dans les tentatives de r\u00e9conciliation, dans la nature qui nous entoure, dans la main tendue pour accompagner le malade ou le d\u00e9sesp\u00e9r\u00e9. La vie \u00e9ternelle, elle est d\u00e9j\u00e0 l\u00e0, et pour reprendre le mot du philosophe, elle n\u2019est plus un cadeau \u00e0 attendre plus tard, elle est un chantier \u00e0 alimenter par nos actes d\u2019aujourd\u2019hui.<\/p>\n\n\n\n<p class=\"has-black-color has-text-color\"><em>Andr\u00e9 Jobard<br>Carmel<br>11 ao\u00fbt 2024<\/em><\/p>\n","protected":false},"excerpt":{"rendered":"<p>&#8230; nous mettre \u00e0 l\u2019ombre d\u2019un buisson &#8230;<\/p>\n","protected":false},"author":1,"featured_media":0,"comment_status":"closed","ping_status":"closed","sticky":false,"template":"","format":"standard","meta":{"footnotes":""},"categories":[3],"tags":[],"class_list":["post-13130","post","type-post","status-publish","format-standard","hentry","category-paroles-de-vie"],"_links":{"self":[{"href":"https:\/\/eglise-visitation-dijon.net\/w3\/wp-json\/wp\/v2\/posts\/13130","targetHints":{"allow":["GET"]}}],"collection":[{"href":"https:\/\/eglise-visitation-dijon.net\/w3\/wp-json\/wp\/v2\/posts"}],"about":[{"href":"https:\/\/eglise-visitation-dijon.net\/w3\/wp-json\/wp\/v2\/types\/post"}],"author":[{"embeddable":true,"href":"https:\/\/eglise-visitation-dijon.net\/w3\/wp-json\/wp\/v2\/users\/1"}],"replies":[{"embeddable":true,"href":"https:\/\/eglise-visitation-dijon.net\/w3\/wp-json\/wp\/v2\/comments?post=13130"}],"version-history":[{"count":2,"href":"https:\/\/eglise-visitation-dijon.net\/w3\/wp-json\/wp\/v2\/posts\/13130\/revisions"}],"predecessor-version":[{"id":13132,"href":"https:\/\/eglise-visitation-dijon.net\/w3\/wp-json\/wp\/v2\/posts\/13130\/revisions\/13132"}],"wp:attachment":[{"href":"https:\/\/eglise-visitation-dijon.net\/w3\/wp-json\/wp\/v2\/media?parent=13130"}],"wp:term":[{"taxonomy":"category","embeddable":true,"href":"https:\/\/eglise-visitation-dijon.net\/w3\/wp-json\/wp\/v2\/categories?post=13130"},{"taxonomy":"post_tag","embeddable":true,"href":"https:\/\/eglise-visitation-dijon.net\/w3\/wp-json\/wp\/v2\/tags?post=13130"}],"curies":[{"name":"wp","href":"https:\/\/api.w.org\/{rel}","templated":true}]}}