{"id":13172,"date":"2024-08-17T15:00:00","date_gmt":"2024-08-17T13:00:00","guid":{"rendered":"https:\/\/eglise-visitation-dijon.net\/w3\/?p=13172"},"modified":"2024-10-13T07:34:25","modified_gmt":"2024-10-13T05:34:25","slug":"quand-le-ciel-vient-sur-la-terre-homelie-du-jeudi-15-aout-2024-assomption","status":"publish","type":"post","link":"https:\/\/eglise-visitation-dijon.net\/w3\/quand-le-ciel-vient-sur-la-terre-homelie-du-jeudi-15-aout-2024-assomption\/","title":{"rendered":"Quand le ciel vient sur la terre \u2013 hom\u00e9lie du jeudi 15 ao\u00fbt 2024 \u2013 Assomption"},"content":{"rendered":"<div class=\"wp-block-image\">\n<figure class=\"alignleft\"><img loading=\"lazy\" decoding=\"async\" width=\"63\" height=\"32\" src=\"https:\/\/eglise-visitation-dijon.net\/w3\/wp-content\/uploads\/2021\/01\/boutons-2.jpg\" alt=\"\" class=\"wp-image-7495\"\/><\/figure>\n<\/div>\n\n\n<p><em><a href=\"http:\/\/eglise-visitation-dijon.net\/w2\/homelies\/Homelie-15-aout-2024\" target=\"_blank\" rel=\"noreferrer noopener\">T\u00e9l\u00e9charger au format pdf<\/a><\/em><\/p>\n\n\n\n<p class=\"has-text-align-right\"><a href=\"http:\/\/levangileauquotidien.org\/FR\/gospel\/2024-08-15\" target=\"_blank\" rel=\"noreferrer noopener\">Les lectures du jour<\/a><\/p>\n\n\n\n<p class=\"has-black-color has-text-color\" style=\"font-size:22px\"><strong>Quand le ciel vient sur la terre<\/strong><\/p>\n\n\n\n<p class=\"has-black-color has-text-color\">Gr\u00e2ce \u00e0 votre g\u00e9n\u00e9rosit\u00e9, chers paroissiens, j\u2019ai donc acquis la semaine derni\u00e8re un nouvel ordinateur et un smartphone&nbsp;: quelle r\u00e9volution pour moi, quelle intelligence est appel\u00e9e pour le bon fonctionnement de ces appareils, qui ont pour but de faciliter la communication, la rencontre entre les personnes&nbsp;: voil\u00e0 un beau projet. A un moment o\u00f9 je butais sur un os, j\u2019ai abandonn\u00e9 mon exercice pour me reposer par la lecture de mon journal pr\u00e9f\u00e9r\u00e9: mais alors sur quoi je tombe&nbsp;? Sur la chronique d\u2019une journaliste qui s\u2019est engag\u00e9e \u00e0 laisser son smartphone au placard pendant une semaine, pour \u00eatre davantage pr\u00e9sente \u00e0 son entourage, rejoignant ainsi un mouvement plus g\u00e9n\u00e9ral de lib\u00e9ration par rapport \u00e0 ces moyens num\u00e9riques qui prennent la place de vraies rencontres. Autant dire que je me suis senti une fois de plus en d\u00e9calage par rapport \u00e0 mon \u00e9poque. C\u2019est alors que m\u2019est revenue l\u2019histoire d\u2019une autre rencontre qui s\u2019est pass\u00e9e sans smartphone, sans t\u00e9l\u00e9phone, \u00e0 moins que l\u2019on assimile l\u2019ange Gabriel \u00e0 une application venant de l\u2019univers de Dieu&nbsp;!<\/p>\n\n\n\n<p class=\"has-black-color has-text-color\">Vous l\u2019avez reconnue, cette rencontre, celle de Marie et de sa cousine \u00c9lisabeth, dont nous venons de lire le r\u00e9cit. Une v\u00e9ritable rencontre qui les a marqu\u00e9es toutes les 2, je dirais m\u00eame tous les 3, le b\u00e9b\u00e9 dans le ventre d\u2019\u00c9lisabeth ayant lui aussi manifest\u00e9 sa r\u00e9action \u00e0 la venue de Marie. Rencontre \u00e0 l\u2019image des rencontres qui nous touchent particuli\u00e8rement, qui nous font avancer. C\u2019est bien ce que ressent Elisabeth, sensible \u00e0 la d\u00e9marche de sa jeune cousine, avec qui elle va pouvoir partager sa joie de l\u2019arriv\u00e9e surprise d\u2019une grossesse tant attendue. D\u2019ailleurs elle voit derri\u00e8re cette visite celle de son Seigneur, tellement elle est impr\u00e9gn\u00e9e de la foi qui lui fait dire que la joie ressentie ne peut venir que du ciel. Une foi confirm\u00e9e par l\u2019all\u00e9gresse exprim\u00e9e par son enfant. Et elle comprend qu\u2019\u00e0 la source de cette joie il y a, chez Marie, la foi en l\u2019accomplissement de la promesse de Dieu faite \u00e0 son peuple. Et c\u2019est ce que va chanter Marie, en reprenant dans son magnificat le r\u00e9cit de l\u2019action de Dieu dans notre histoire. Il lui a fallu cette rencontre, ce partage de la m\u00eame foi, pour exprimer son action de gr\u00e2ce, alors qu\u2019elle ne l\u2019avait pas fait sit\u00f4t apr\u00e8s la venue de l\u2019ange le jour de l\u2019Annonciation.<\/p>\n\n\n\n<p class=\"has-black-color has-text-color\">Je suis toujours surpris de constater qu\u2019en ce jour o\u00f9 c\u00e9l\u00e9brons la mont\u00e9e au ciel de Marie, la liturgie nous propose ce r\u00e9cit, tout simple, tout ordinaire, tr\u00e8s terre \u00e0 terre de la Visitation. Je me souviens d\u2019un tr\u00e8s beau cantique de Gounod&nbsp;: aujourd\u2019hui le ciel est venu sur la terre. Je dirais volontiers que la terre a rejoint le ciel, que nos existences, dans ce qu\u2019elles ont de plus ordinaire, prennent une dimension d\u2019\u00e9ternit\u00e9, c\u2019est-\u00e0-dire de solidit\u00e9, de fid\u00e9lit\u00e9. C\u2019est cela que nous reconnaissons en Marie, femme entre toutes les femmes, qui v\u00e9cut tout simplement dans cette humble bourgade de Nazareth en accueillant par surprise l\u2019enfant J\u00e9sus&nbsp;; elle l\u2019a accompagn\u00e9 dans sa croissance comme toute m\u00e8re aimante, elle l\u2019a suivi dans sa vocation, certainement pas sans interrogation ni souffrance, jusque dans sa passion. Sa foi en la fid\u00e9lit\u00e9 de Dieu, qui doit \u00eatre la n\u00f4tre, lui a permis de traverser la mort pour participer pleinement \u00e0 la vie de ressuscit\u00e9 de son fils. De l\u00e0 notre esp\u00e9rance&nbsp;: dans nos vies compliqu\u00e9es, au c\u0153ur d\u2019une situation plan\u00e9taire tr\u00e8s bouscul\u00e9e, il est pr\u00e9cieux de pouvoir contempler en Marie, figure du peuple de Dieu, notre destin\u00e9e&nbsp;: oui nous sommes appel\u00e9s \u00e0 entrer dans la lumi\u00e8re du ressuscit\u00e9.<\/p>\n\n\n\n<p class=\"has-black-color has-text-color\">Souhaitons-nous de conna\u00eetre la joie de belles rencontres, bien r\u00e9elles, sans smartphone ni appareils r\u00e9volutionnaires, dans la m\u00eame simplicit\u00e9 v\u00e9cue par Elisabeth et Marie.<\/p>\n\n\n\n<p class=\"has-black-color has-text-color\"><em>Andr\u00e9 Jobard<br>15 ao\u00fbt 2024<\/em><\/p>\n","protected":false},"excerpt":{"rendered":"<p>&#8230; je me suis senti une fois de plus en d\u00e9calage par rapport \u00e0 mon \u00e9poque &#8230;<\/p>\n","protected":false},"author":1,"featured_media":0,"comment_status":"closed","ping_status":"closed","sticky":false,"template":"","format":"standard","meta":{"footnotes":""},"categories":[3],"tags":[],"class_list":["post-13172","post","type-post","status-publish","format-standard","hentry","category-paroles-de-vie"],"_links":{"self":[{"href":"https:\/\/eglise-visitation-dijon.net\/w3\/wp-json\/wp\/v2\/posts\/13172","targetHints":{"allow":["GET"]}}],"collection":[{"href":"https:\/\/eglise-visitation-dijon.net\/w3\/wp-json\/wp\/v2\/posts"}],"about":[{"href":"https:\/\/eglise-visitation-dijon.net\/w3\/wp-json\/wp\/v2\/types\/post"}],"author":[{"embeddable":true,"href":"https:\/\/eglise-visitation-dijon.net\/w3\/wp-json\/wp\/v2\/users\/1"}],"replies":[{"embeddable":true,"href":"https:\/\/eglise-visitation-dijon.net\/w3\/wp-json\/wp\/v2\/comments?post=13172"}],"version-history":[{"count":1,"href":"https:\/\/eglise-visitation-dijon.net\/w3\/wp-json\/wp\/v2\/posts\/13172\/revisions"}],"predecessor-version":[{"id":13173,"href":"https:\/\/eglise-visitation-dijon.net\/w3\/wp-json\/wp\/v2\/posts\/13172\/revisions\/13173"}],"wp:attachment":[{"href":"https:\/\/eglise-visitation-dijon.net\/w3\/wp-json\/wp\/v2\/media?parent=13172"}],"wp:term":[{"taxonomy":"category","embeddable":true,"href":"https:\/\/eglise-visitation-dijon.net\/w3\/wp-json\/wp\/v2\/categories?post=13172"},{"taxonomy":"post_tag","embeddable":true,"href":"https:\/\/eglise-visitation-dijon.net\/w3\/wp-json\/wp\/v2\/tags?post=13172"}],"curies":[{"name":"wp","href":"https:\/\/api.w.org\/{rel}","templated":true}]}}