{"id":13174,"date":"2024-08-18T19:32:41","date_gmt":"2024-08-18T17:32:41","guid":{"rendered":"http:\/\/eglise-visitation-dijon.net\/w3\/?p=13174"},"modified":"2024-10-13T07:35:03","modified_gmt":"2024-10-13T05:35:03","slug":"le-pain-de-vie-homelie-du-dimanche-18-aout-2024","status":"publish","type":"post","link":"https:\/\/eglise-visitation-dijon.net\/w3\/le-pain-de-vie-homelie-du-dimanche-18-aout-2024\/","title":{"rendered":"Le pain de vie \u2013 hom\u00e9lie du dimanche 18 ao\u00fbt 2024"},"content":{"rendered":"<div class=\"wp-block-image\">\n<figure class=\"alignleft\"><img loading=\"lazy\" decoding=\"async\" width=\"63\" height=\"32\" src=\"https:\/\/eglise-visitation-dijon.net\/w3\/wp-content\/uploads\/2021\/01\/boutons-2.jpg\" alt=\"\" class=\"wp-image-7495\"\/><\/figure>\n<\/div>\n\n\n<p><em><a href=\"http:\/\/eglise-visitation-dijon.net\/w2\/homelies\/Homelie-18-aout-2024-VB\" target=\"_blank\" rel=\"noreferrer noopener\">T\u00e9l\u00e9charger au format pdf<\/a><\/em><\/p>\n\n\n\n<p class=\"has-text-align-right\"><a href=\"http:\/\/levangileauquotidien.org\/FR\/gospel\/2024-08-18\" target=\"_blank\" rel=\"noreferrer noopener\">Les lectures du jour<\/a><\/p>\n\n\n\n<p class=\"has-black-color has-text-color\" style=\"font-size:22px\"><strong>Le pain de vie<\/strong><\/p>\n\n\n\n<p class=\"has-black-color has-text-color\">Depuis plusieurs dimanches nous \u00e9coutons le discours de J\u00e9sus sur le pain de vie. \u00ab\u00a0Je suis le pain de vie\u00a0\u00bb. C&rsquo;est un long discours, un discours en boucle, qui comporte des redites. Certains pourraient se dire : \u00ab\u00a0J&rsquo;ai bien compris, on pourrait passer \u00e0 autre chose\u00a0\u00bb.<\/p>\n\n\n\n<p class=\"has-black-color has-text-color\">Or, les passages d&rsquo;\u00e9vangile proclam\u00e9s \u00e0 la messe ont \u00e9t\u00e9 choisis par des sp\u00e9cialistes en \u00c9criture sainte. Leurs travaux ont dur\u00e9 4 ans apr\u00e8s le concile. C&rsquo;est dire combien leur choix a \u00e9t\u00e9 soigneux. Il a abouti au lectionnaire que nous utilisons depuis plus de 50 ans. Ceux qui ont choisi de nous faire d\u00e9guster plusieurs dimanches de suite ce discours du pain de vie pour que nous le m\u00e9ditions pendant la semaine, ne l&rsquo;ont pas fait au hasard. Ils ont voulu souligner la place essentielle de ce discours dans l&rsquo;\u00e9vangile de Jean, lequel a recueilli ces paroles de J\u00e9sus, les as m\u00e9dit\u00e9es toute sa vie, et peut-\u00eatre enrichies en leur donnant par anticipation une tonalit\u00e9 eucharistique (\u00ab\u00a0Qui mange ma chair et boit mon sang a la vie \u00e9ternelle\u00a0\u00bb), alors que ce m\u00eame Jean n&rsquo;\u00e9voquera pas la fraction du pain lors du dernier repas de J\u00e9sus, comme si ce n&rsquo;\u00e9tait plus n\u00e9cessaire puisque J\u00e9sus l&rsquo;avait annonc\u00e9 dans ce discours du pain de vie : \u00ab\u00a0Le pain que je donnerai, c&rsquo;est ma chair\u00a0\u00bb.<\/p>\n\n\n\n<p class=\"has-black-color has-text-color\">On comprend combien ces paroles pouvaient \u00eatre incompr\u00e9hensibles pour les Juifs qui interrogeaient J\u00e9sus : \u00ab\u00a0Comment celui-l\u00e0 peut-il nous donner sa chair \u00e0 manger ?\u00a0\u00bb Mettons-nous \u00e0 leur place. Ils n&rsquo;avaient pas la clef de lecture, celle du dernier repas. Nous, nous l&rsquo;avons et tout s&rsquo;\u00e9claire.<\/p>\n\n\n\n<p class=\"has-black-color has-text-color\">Dans ce discours du pain de vie, J\u00e9sus alterne les sujets de chaque phrase. C&rsquo;est tant\u00f4t le P\u00e8re, tant\u00f4t le Fils, tant\u00f4t les auditeurs. Le P\u00e8re comme sujet : \u00ab\u00a0Mon P\u00e8re donne le vrai pain venu du ciel\u00a0\u00bb. Le Fils comme sujet : \u00ab\u00a0Moi je suis le pain vivant qui est descendu du ciel\u00a0\u00bb. Les auditeurs, autrement dit nous-m\u00eames, comme sujets : \u00ab\u00a0Si vous ne mangez pas ma chair, vous n&rsquo;avez pas la vie en vous\u00a0\u00bb. C&rsquo;est simple. C&rsquo;est lumineux.<\/p>\n\n\n\n<p class=\"has-black-color has-text-color\">En relisant ce discours \u00e0 plusieurs reprises, il m&rsquo;a sembl\u00e9 que J\u00e9sus, tout en parlant, d\u00e9couvrait ce qu&rsquo;il \u00e9tait en train de dire et qu&rsquo;il s&rsquo;en persuadait : \u00ab\u00a0Je suis le pain de vie\u00a0\u00bb.<\/p>\n\n\n\n<p class=\"has-black-color has-text-color\"><a><\/a> En effet, la mission de J\u00e9sus ne suit pas un programme \u00e9crit \u00e0 l&rsquo;avance. Dans l&rsquo;\u00e9vangile de Jean, l&rsquo;ampleur de sa mission lui appara\u00eet progressivement. C&rsquo;est au fur et \u00e0 mesure de ses rencontres qu&rsquo;il en prend conscience. Point de d\u00e9part : la rencontre avec Jean-Baptiste au Jourdain qui atteste qu&rsquo;il est le Fils de Dieu. Voil\u00e0 une sacr\u00e9e r\u00e9v\u00e9lation ! Mais que doit-il faire ? Puis la rencontre avec les premiers disciples qui le suivent sans savoir o\u00f9 il va, ce qui a pu \u00e9tonner J\u00e9sus qui devient un Ma\u00eetre \u00e0 suivre, la rencontre \u00e0 Cana de jeunes mari\u00e9s qui lui font d\u00e9couvrir un pouvoir extraordinaire, celui de faire des miracles, puis la rencontre avec les marchands du Temple qui d\u00e9clenche une col\u00e8re qui a d\u00fb le surprendre, la rencontre dans la nuit avec Nicod\u00e8me qui le conduit \u00e0 dire que celui qui croit en lui a la vie \u00e9ternelle et qu&rsquo;il est la lumi\u00e8re du monde au milieu des t\u00e9n\u00e8bres, la rencontre avec la Samaritaine o\u00f9 il comprend que sa Parole est une source jaillissant en vie \u00e9ternelle, et enfin la rencontre avec 5000&nbsp;hommes affam\u00e9s auxquels il donne du pain pour nourrir leurs corps.<\/p>\n\n\n\n<p class=\"has-black-color has-text-color\">C&rsquo;est l\u00e0 que sa mission prend un tournant. A partir de cette distribution de pain, il comprend qu&rsquo;il est lui-m\u00eame le pain de vie, qu&rsquo;il doit non seulement donner sa vie, mais, mieux, sa chair \u00e0 manger pour que tous ceux qui mangeront sa chair aient la vie \u00e9ternelle, la vie qui ne d\u00e9\u00e7oit pas comme disait Pierre la semaine derni\u00e8re. Donner sa vie. Il le fera. Donner sa chair \u00e0 manger. Il le fera. Et nous mangeons sa chair comme il l&rsquo;a dit pour avoir la vie \u00e9ternelle.<\/p>\n\n\n\n<p class=\"has-black-color has-text-color\">Ce n&rsquo;est pas rien. Gardons-nous au moment de la communion d&rsquo;en faire une geste banal.<\/p>\n\n\n\n<p class=\"has-black-color has-text-color\"><em>Vincent Boggio<br>18 ao\u00fbt 2024<\/em><\/p>\n","protected":false},"excerpt":{"rendered":"<p>Depuis plusieurs dimanches nous \u00e9coutons le discours de J\u00e9sus sur le pain de vie. \u00ab\u00a0Je suis le pain de vie\u00a0\u00bb. C&rsquo;est un long discours, un discours en boucle, qui comporte des redites &#8230;<\/p>\n","protected":false},"author":1,"featured_media":0,"comment_status":"closed","ping_status":"closed","sticky":false,"template":"","format":"standard","meta":{"footnotes":""},"categories":[3],"tags":[],"class_list":["post-13174","post","type-post","status-publish","format-standard","hentry","category-paroles-de-vie"],"_links":{"self":[{"href":"https:\/\/eglise-visitation-dijon.net\/w3\/wp-json\/wp\/v2\/posts\/13174","targetHints":{"allow":["GET"]}}],"collection":[{"href":"https:\/\/eglise-visitation-dijon.net\/w3\/wp-json\/wp\/v2\/posts"}],"about":[{"href":"https:\/\/eglise-visitation-dijon.net\/w3\/wp-json\/wp\/v2\/types\/post"}],"author":[{"embeddable":true,"href":"https:\/\/eglise-visitation-dijon.net\/w3\/wp-json\/wp\/v2\/users\/1"}],"replies":[{"embeddable":true,"href":"https:\/\/eglise-visitation-dijon.net\/w3\/wp-json\/wp\/v2\/comments?post=13174"}],"version-history":[{"count":2,"href":"https:\/\/eglise-visitation-dijon.net\/w3\/wp-json\/wp\/v2\/posts\/13174\/revisions"}],"predecessor-version":[{"id":13177,"href":"https:\/\/eglise-visitation-dijon.net\/w3\/wp-json\/wp\/v2\/posts\/13174\/revisions\/13177"}],"wp:attachment":[{"href":"https:\/\/eglise-visitation-dijon.net\/w3\/wp-json\/wp\/v2\/media?parent=13174"}],"wp:term":[{"taxonomy":"category","embeddable":true,"href":"https:\/\/eglise-visitation-dijon.net\/w3\/wp-json\/wp\/v2\/categories?post=13174"},{"taxonomy":"post_tag","embeddable":true,"href":"https:\/\/eglise-visitation-dijon.net\/w3\/wp-json\/wp\/v2\/tags?post=13174"}],"curies":[{"name":"wp","href":"https:\/\/api.w.org\/{rel}","templated":true}]}}