{"id":13180,"date":"2024-08-28T14:20:39","date_gmt":"2024-08-28T12:20:39","guid":{"rendered":"http:\/\/eglise-visitation-dijon.net\/w3\/?p=13180"},"modified":"2024-10-13T07:35:25","modified_gmt":"2024-10-13T05:35:25","slug":"une-foi-soumise-a-bien-des-remises-en-cause-homelie-du-dimanche-25-aout-2024","status":"publish","type":"post","link":"https:\/\/eglise-visitation-dijon.net\/w3\/une-foi-soumise-a-bien-des-remises-en-cause-homelie-du-dimanche-25-aout-2024\/","title":{"rendered":"Une foi soumise \u00e0 bien des remises en cause \u2013 hom\u00e9lie du dimanche 25 ao\u00fbt 2024"},"content":{"rendered":"<div class=\"wp-block-image\">\n<figure class=\"alignleft\"><img loading=\"lazy\" decoding=\"async\" width=\"63\" height=\"32\" src=\"https:\/\/eglise-visitation-dijon.net\/w3\/wp-content\/uploads\/2021\/01\/boutons-2.jpg\" alt=\"\" class=\"wp-image-7495\"\/><\/figure>\n<\/div>\n\n\n<p><em><a href=\"http:\/\/eglise-visitation-dijon.net\/w2\/homelies\/Homelie-25-aout-2024\" target=\"_blank\" rel=\"noreferrer noopener\">T\u00e9l\u00e9charger au format pdf<\/a><\/em><\/p>\n\n\n\n<p class=\"has-text-align-right\"><a href=\"http:\/\/levangileauquotidien.org\/FR\/gospel\/2024-08-25\" target=\"_blank\" rel=\"noreferrer noopener\">Les lectures du jour<\/a><\/p>\n\n\n\n<p class=\"has-black-color has-text-color\" style=\"font-size:22px\"><strong>Une foi soumise \u00e0 bien des remises en cause<\/strong><\/p>\n\n\n\n<p class=\"has-black-color has-text-color\">Il \u00e9tait une fois un cur\u00e9 d\u2019une tr\u00e8s grande paroisse, dans la banlieue d\u2019une tr\u00e8s grande ville, que les circonstances, en partie heureuses pour lui, peut-\u00eatre plus tristes pour ses paroissiens, amenaient \u00e0 quitter sa charge, apr\u00e8s 13 ans de service. C\u2019\u00e9tait donc l\u2019heure du bilan, avec les consid\u00e9rations habituelles quand un responsable quitte sa charge&nbsp;:dans quel \u00e9tat laisse-t-il les finances&nbsp;? Quels travaux importants ont marqu\u00e9 son passage&nbsp;? Combien d\u2019ap\u00e9ritifs et de repas partag\u00e9s a-t-il initi\u00e9s&nbsp;? Combien de bapt\u00eames, de mariages, d\u2019obs\u00e8ques a-t-il c\u00e9l\u00e9br\u00e9s&nbsp;? Quel est le montant de la participation de la paroisse au denier de l\u2019\u00c9glise&nbsp;? Comment \u00e9taient ses hom\u00e9lies&nbsp;? Donnait-il l\u2019impression d\u2019\u00eatre un homme de pri\u00e8re&nbsp;? Avait-il des initiatives en mati\u00e8re liturgique pas toujours conformes au Missel romain&nbsp;? Sur tous ces sujets, les avis peuvent \u00eatre vari\u00e9s, suivant ce que chacun estime prioritaire. Il se trouve que l\u2019\u00e9vangile du jour de sa derni\u00e8re messe comportait cette magnifique profession de foi de Pierre&nbsp;: \u00ab&nbsp;A qui irions-nous, Seigneur, tu as les paroles de la vie \u00e9ternelle&nbsp;?&nbsp;\u00bb Il ne lui en fallait pas plus pour le guider dans la relecture de son minist\u00e8re. Vous avez compris de quel cur\u00e9 il \u00e9tait donc question&nbsp;!<\/p>\n\n\n\n<p class=\"has-black-color has-text-color\">Oui, cette parole de Pierre est une belle profession de foi&nbsp;; toute la fougue de Pierre est pr\u00e9sente dans ces quelques mots. On sait qu\u2019elle fut suivie par un \u00e9pisode moins glorieux, \u00e0 savoir le triple reniement \u00e0 l\u2019heure cruciale, suivi lui aussi par ce dialogue \u00e9tonnant avec J\u00e9sus ressuscit\u00e9 qui lui demande&nbsp;\u00e0 trois reprises&nbsp;: \u00ab&nbsp;m\u2019aimes-tu&nbsp;?&nbsp;\u00bb et qui lui confie la charge de son \u00c9glise. Cela nous conduit \u00e0 comprendre que la foi n\u2019a rien d\u2019une certitude d\u00e9finitive, qu\u2019elle est sujette \u00e0 bien des remises en cause, \u00e0 des doutes, jusqu\u2019\u00e0 des reniements. En cela la foi est totalement tributaire du contexte dans lequel nous vivons&nbsp;: un accident de sant\u00e9, un revers professionnel, la venue d\u2019une m\u00e9sentente familiale, la situation politique nationale et internationale, tous ces al\u00e9as peuvent \u00e9branler notre foi chancelante. Pour avoir partag\u00e9 beaucoup de choses avec vous, chers paroissiens, j\u2019ai d\u00e9couvert combien il \u00e9tait important, capital m\u00eame, de rester humble dans l\u2019affirmation de sa foi, qui est plut\u00f4t une d\u00e9marche de confiance. Celle-ci est soutenue par une communaut\u00e9 de croyants, tous balbutiant des mots de foi, et surtout accueillant des situations parfois tr\u00e8s bancales, se mettant au service des plus fragiles, rev\u00eatant le tablier du service afin de transmettre un peu de cette confiance perdue par les blessures de l\u2019existence.<\/p>\n\n\n\n<p class=\"has-black-color has-text-color\">Je vous avoue que j\u2019ai aim\u00e9 vous accompagner sur ces chemins de la foi, de l\u2019esp\u00e9rance, de l\u2019amour. Et vous-m\u00eames vous m\u2019avez soutenu dans mon minist\u00e8re certains jours moins fastes que d\u2019autres. C\u2019est une r\u00e9ciprocit\u00e9 que nous avons v\u00e9cue, dans la bienveillance, dans une certaine exigence, dans l\u2019audace, dans l\u2019effort, afin de donner un t\u00e9moignage de la pr\u00e9sence de Dieu \u00e0 notre histoire humaine. Tout cela me fait dire qu\u2019\u00e0 notre fa\u00e7on nous avons repris la confession de Pierre, conscients de notre propre fragilit\u00e9, et confiants en la puissance du Christ ressuscit\u00e9.<\/p>\n\n\n\n<p class=\"has-black-color has-text-color\">Ayant dit tout cela, je pense que certains d\u2019entre vous attendaient une explication de la pens\u00e9e de Paul, qui nous heurte avec ses mots tellement dissonants dans notre modernit\u00e9&nbsp;: \u00ab&nbsp;Femmes, soyez soumises \u00e0 vos maris&nbsp;\u00bb. J\u2019entends parfois le reproche fait aux pr\u00e9dicateurs de sauter par dessus une telle difficult\u00e9. Je me risque \u00e0 dire que pour les comprendre et surtout les recevoir comme Parole de Dieu, il faut sortir du contexte de l\u2019\u00e9poque pour entendre l\u2019appel \u00e0 une v\u00e9ritable conversion dans nos rapports les uns avec les autres afin d\u2019aimer tout homme, toute femme comme J\u00e9sus qui a aim\u00e9 jusqu\u2019\u00e0 donner sa vie. Ouf&nbsp;! Et si j\u2019ai un ultime message \u00e0 vous transmettre, c\u2019est bien celui-l\u00e0&nbsp;: changeons nos c\u0153urs, gardons pr\u00e9sent en nous et dans notre paroisse, ce souci d\u2019une conversion permanente, puisque avec Pierre, nous affirmons que J\u00e9sus a les paroles de la vie \u00e9ternelle.<\/p>\n\n\n\n<p class=\"has-black-color has-text-color\">Pour revenir \u00e0 l\u2019histoire de ce cur\u00e9 qui faisait le bilan de son passage dans sa paroisse, la l\u00e9gende dit qu\u2019apr\u00e8s un tel bilan, son \u00e9v\u00eaque accepta son souhait de faire valoir son droit \u00e0 la cessation de sa responsabilit\u00e9 pour profiter d\u2019une retraite paisible et f\u00e9conde.<\/p>\n\n\n\n<p class=\"has-black-color has-text-color\"><em>Andr\u00e9 Jobard<br>25 ao\u00fbt 2024<\/em><\/p>\n","protected":false},"excerpt":{"rendered":"<p>Il \u00e9tait une fois un cur\u00e9 d\u2019une tr\u00e8s grande paroisse, dans la banlieue d\u2019une tr\u00e8s grande ville &#8230;<\/p>\n","protected":false},"author":1,"featured_media":12810,"comment_status":"closed","ping_status":"closed","sticky":false,"template":"","format":"standard","meta":{"footnotes":""},"categories":[3],"tags":[],"class_list":["post-13180","post","type-post","status-publish","format-standard","has-post-thumbnail","hentry","category-paroles-de-vie"],"_links":{"self":[{"href":"https:\/\/eglise-visitation-dijon.net\/w3\/wp-json\/wp\/v2\/posts\/13180","targetHints":{"allow":["GET"]}}],"collection":[{"href":"https:\/\/eglise-visitation-dijon.net\/w3\/wp-json\/wp\/v2\/posts"}],"about":[{"href":"https:\/\/eglise-visitation-dijon.net\/w3\/wp-json\/wp\/v2\/types\/post"}],"author":[{"embeddable":true,"href":"https:\/\/eglise-visitation-dijon.net\/w3\/wp-json\/wp\/v2\/users\/1"}],"replies":[{"embeddable":true,"href":"https:\/\/eglise-visitation-dijon.net\/w3\/wp-json\/wp\/v2\/comments?post=13180"}],"version-history":[{"count":2,"href":"https:\/\/eglise-visitation-dijon.net\/w3\/wp-json\/wp\/v2\/posts\/13180\/revisions"}],"predecessor-version":[{"id":13182,"href":"https:\/\/eglise-visitation-dijon.net\/w3\/wp-json\/wp\/v2\/posts\/13180\/revisions\/13182"}],"wp:featuredmedia":[{"embeddable":true,"href":"https:\/\/eglise-visitation-dijon.net\/w3\/wp-json\/wp\/v2\/media\/12810"}],"wp:attachment":[{"href":"https:\/\/eglise-visitation-dijon.net\/w3\/wp-json\/wp\/v2\/media?parent=13180"}],"wp:term":[{"taxonomy":"category","embeddable":true,"href":"https:\/\/eglise-visitation-dijon.net\/w3\/wp-json\/wp\/v2\/categories?post=13180"},{"taxonomy":"post_tag","embeddable":true,"href":"https:\/\/eglise-visitation-dijon.net\/w3\/wp-json\/wp\/v2\/tags?post=13180"}],"curies":[{"name":"wp","href":"https:\/\/api.w.org\/{rel}","templated":true}]}}