{"id":13190,"date":"2024-09-23T22:36:23","date_gmt":"2024-09-23T20:36:23","guid":{"rendered":"http:\/\/eglise-visitation-dijon.net\/w3\/?p=13190"},"modified":"2024-12-27T14:56:03","modified_gmt":"2024-12-27T13:56:03","slug":"celui-qui-accueille-un-migrant-accueille-le-christ","status":"publish","type":"post","link":"https:\/\/eglise-visitation-dijon.net\/w3\/celui-qui-accueille-un-migrant-accueille-le-christ\/","title":{"rendered":"\u00ab\u00a0Celui qui accueille un migrant, accueille le Christ.\u00a0\u00bb"},"content":{"rendered":"\n<p class=\"has-black-color has-text-color\">Inlassablement le pape Fran\u00e7ois appelle les chr\u00e9tiens \u00e0 se mobiliser, \u00e0 tendre la main \u00e0 toute personne, migrante ou r\u00e9fugi\u00e9e, venant frapper \u00e0 nos portes, \u00e0 \u00ab&nbsp;accueillir, prot\u00e9ger, promouvoir, int\u00e9grer&nbsp;\u00bb.<\/p>\n\n\n\n<div style=\"height:30px\" aria-hidden=\"true\" class=\"wp-block-spacer\"><\/div>\n\n\n<div class=\"wp-block-image\">\n<figure class=\"aligncenter size-large\"><img loading=\"lazy\" decoding=\"async\" width=\"1024\" height=\"379\" src=\"https:\/\/eglise-visitation-dijon.net\/w3\/wp-content\/uploads\/2024\/08\/bandeau.journeee-migrant-1024x379.jpg\" alt=\"\" class=\"wp-image-13192\" srcset=\"https:\/\/eglise-visitation-dijon.net\/w3\/wp-content\/uploads\/2024\/08\/bandeau.journeee-migrant-1024x379.jpg 1024w, https:\/\/eglise-visitation-dijon.net\/w3\/wp-content\/uploads\/2024\/08\/bandeau.journeee-migrant-300x111.jpg 300w, https:\/\/eglise-visitation-dijon.net\/w3\/wp-content\/uploads\/2024\/08\/bandeau.journeee-migrant-150x56.jpg 150w, https:\/\/eglise-visitation-dijon.net\/w3\/wp-content\/uploads\/2024\/08\/bandeau.journeee-migrant-768x284.jpg 768w, https:\/\/eglise-visitation-dijon.net\/w3\/wp-content\/uploads\/2024\/08\/bandeau.journeee-migrant-1536x569.jpg 1536w, https:\/\/eglise-visitation-dijon.net\/w3\/wp-content\/uploads\/2024\/08\/bandeau.journeee-migrant.jpg 2048w\" sizes=\"auto, (max-width: 1024px) 100vw, 1024px\" \/><\/figure>\n<\/div>\n\n\n<div style=\"height:30px\" aria-hidden=\"true\" class=\"wp-block-spacer\"><\/div>\n\n\n\n<p class=\"has-black-color has-text-color\"> Le <strong>dimanche 29 septembre<\/strong> prochain, nous c\u00e9l\u00e8brerons la 110\u00e8me journ\u00e9e mondiale du migrant et du r\u00e9fugi\u00e9 sur le th\u00e8me de&nbsp;: Dieu marche avec son peuple. Le pape nous rappelle \u00e0 cette occasion que nous sommes tous migrants sur cette terre, en route vers notre vraie patrie, le \u00ab&nbsp;Royaume des Cieux&nbsp;\u00bb.&nbsp; Il nous invite \u00e0 cheminer ensemble, avec les plus vuln\u00e9rables. <strong>Nous accueillerons \u00e0 10h<\/strong> diff\u00e9rentes communaut\u00e9s d\u2019origine \u00e9trang\u00e8re, pour c\u00e9l\u00e9brer ensemble <strong>\u00ab&nbsp;une messe des peuples<\/strong>&nbsp;\u00bb. La rencontre se prolongera par un piquenique partag\u00e9 puis un temps de r\u00e9flexion et de pri\u00e8re autour du texte papal avec la participation de notre archev\u00eaque Antoine H\u00e9rouard.<\/p>\n\n\n\n<blockquote class=\"wp-block-quote is-layout-flow wp-block-quote-is-layout-flow\">\n<p class=\"has-black-color has-text-color\">Le 18 juin dernier pr\u00e8s de 200 personnes, b\u00e9n\u00e9voles et personnes accueillies ont eu le bonheur de f\u00eater dans la convivialit\u00e9 et le partage cette initiative de repas solidaires servis depuis plus de 10 ans.<\/p>\n<\/blockquote>\n\n\n\n<p class=\"has-black-color has-text-color\">Devant les discours de haine r\u00e9currents, les conditions d\u2019accueil qui se durcissent, les besoins croissant, les b\u00e9n\u00e9voles ont besoin aussi de se remobiliser, de puiser des forces au seuil de la reprise de l\u2019activit\u00e9. <strong>Une journ\u00e9e de r\u00e9collection, <\/strong>pr\u00each\u00e9e par Don Olivier Quenardel, leur est propos\u00e9e<strong> le 13 septembre de 10h \u00e0 17h \u00e0 C\u00eeteaux. <\/strong>Temps de retour \u00e0 la Source, de paix, o\u00f9 puiser \u00e9nergie, discernement. Confiants en la Parole de Dieu pour renouveler l\u2019\u00e9lan et ouvrir mains et c\u0153urs \u00e0 l\u2019appel de nos fr\u00e8res migrants.<\/p>\n\n\n\n<p class=\"has-black-color has-text-color\">N\u2019h\u00e9sitez pas \u00e0 venir \u00e0 cette journ\u00e9e de ressourcement ouverte \u00e0 tous. Apportez votre pique nique.<\/p>\n\n\n\n<p class=\"has-black-color has-text-color\"><em>Monique Fijean membre de l\u2019\u00e9quipe EAP<\/em><\/p>\n\n\n\n<p>En savoir plus : <a href=\"https:\/\/missionetmigrations.catholique.fr\/animer\/journee-mondiale-du-migrant-et-du-refugie\/journee-mondiale-du-migrant-et-du-refugie-2024\/\">https:\/\/missionetmigrations.catholique.fr\/animer\/journee-mondiale-du-migrant-et-du-refugie\/journee-mondiale-du-migrant-et-du-refugie-2024\/<\/a><\/p>\n\n\n\n<div style=\"height:100px\" aria-hidden=\"true\" class=\"wp-block-spacer\"><\/div>\n","protected":false},"excerpt":{"rendered":"<p>Inlassablement le pape Fran\u00e7ois appelle les chr\u00e9tiens \u00e0 se mobiliser, \u00e0 tendre la main \u00e0 toute personne, migrante ou r\u00e9fugi\u00e9e &#8230;<\/p>\n","protected":false},"author":1,"featured_media":13192,"comment_status":"closed","ping_status":"open","sticky":false,"template":"","format":"standard","meta":{"footnotes":""},"categories":[17],"tags":[],"class_list":["post-13190","post","type-post","status-publish","format-standard","has-post-thumbnail","hentry","category-paroles"],"_links":{"self":[{"href":"https:\/\/eglise-visitation-dijon.net\/w3\/wp-json\/wp\/v2\/posts\/13190","targetHints":{"allow":["GET"]}}],"collection":[{"href":"https:\/\/eglise-visitation-dijon.net\/w3\/wp-json\/wp\/v2\/posts"}],"about":[{"href":"https:\/\/eglise-visitation-dijon.net\/w3\/wp-json\/wp\/v2\/types\/post"}],"author":[{"embeddable":true,"href":"https:\/\/eglise-visitation-dijon.net\/w3\/wp-json\/wp\/v2\/users\/1"}],"replies":[{"embeddable":true,"href":"https:\/\/eglise-visitation-dijon.net\/w3\/wp-json\/wp\/v2\/comments?post=13190"}],"version-history":[{"count":8,"href":"https:\/\/eglise-visitation-dijon.net\/w3\/wp-json\/wp\/v2\/posts\/13190\/revisions"}],"predecessor-version":[{"id":13204,"href":"https:\/\/eglise-visitation-dijon.net\/w3\/wp-json\/wp\/v2\/posts\/13190\/revisions\/13204"}],"wp:featuredmedia":[{"embeddable":true,"href":"https:\/\/eglise-visitation-dijon.net\/w3\/wp-json\/wp\/v2\/media\/13192"}],"wp:attachment":[{"href":"https:\/\/eglise-visitation-dijon.net\/w3\/wp-json\/wp\/v2\/media?parent=13190"}],"wp:term":[{"taxonomy":"category","embeddable":true,"href":"https:\/\/eglise-visitation-dijon.net\/w3\/wp-json\/wp\/v2\/categories?post=13190"},{"taxonomy":"post_tag","embeddable":true,"href":"https:\/\/eglise-visitation-dijon.net\/w3\/wp-json\/wp\/v2\/tags?post=13190"}],"curies":[{"name":"wp","href":"https:\/\/api.w.org\/{rel}","templated":true}]}}