{"id":13461,"date":"2024-12-27T14:33:10","date_gmt":"2024-12-27T13:33:10","guid":{"rendered":"https:\/\/eglise-visitation-dijon.net\/w3\/?p=13461"},"modified":"2025-07-19T10:01:54","modified_gmt":"2025-07-19T08:01:54","slug":"vincent-boggio-a-jamais-dans-nos-coeur","status":"publish","type":"post","link":"https:\/\/eglise-visitation-dijon.net\/w3\/vincent-boggio-a-jamais-dans-nos-coeur\/","title":{"rendered":"Vincent Boggio, \u00e0 jamais dans nos c\u0153urs ! &#8211; d\u00e9cembre 2024"},"content":{"rendered":"\n<div style=\"height:32px\" aria-hidden=\"true\" class=\"wp-block-spacer\"><\/div>\n\n\n<div class=\"wp-block-image\">\n<figure class=\"alignleft size-full is-resized\"><img loading=\"lazy\" decoding=\"async\" width=\"179\" height=\"200\" src=\"https:\/\/eglise-visitation-dijon.net\/w3\/wp-content\/uploads\/2019\/03\/photo-Vincent.jpg\" alt=\"\" class=\"wp-image-2201\" style=\"width:180px;height:auto\"\/><\/figure>\n<\/div>\n\n\n<p class=\"has-black-color has-text-color has-link-color has-medium-font-size wp-elements-92dcaead527b0f65fcc52f620fe2b86b\">L\u2019ann\u00e9e 2024 s\u2019en va avec son lot de souvenirs tristes et heureux. Notre communaut\u00e9 paroissiale se souviendra encore pendant longtemps des hom\u00e9lies audacieuses de son diacre. Le podcast ci-apr\u00e8s est enregistr\u00e9 en septembre 2024 et diffus\u00e9 sur RCF dans une rubrique o\u00f9 Vincent intervenait r\u00e9guli\u00e8rement &#8230;<\/p>\n\n\n\n<div style=\"height:32px\" aria-hidden=\"true\" class=\"wp-block-spacer\"><\/div>\n\n\n\n<p><\/p>\n\n\n\n<p><iframe loading=\"lazy\" allowfullscreen=\"\" width=\"100%\" height=\"140px\" src=\"https:\/\/www.rcf.fr\/vie-spirituelle\/paroles-deglise\/embed?episodeId=512804\"><\/iframe><\/p>\n\n\n\n<p><\/p>\n","protected":false},"excerpt":{"rendered":"<p>J&rsquo;aime bien mon pr\u00e9nom, Vincent &#8230;<\/p>\n","protected":false},"author":1,"featured_media":2201,"comment_status":"closed","ping_status":"open","sticky":false,"template":"","format":"standard","meta":{"footnotes":""},"categories":[17],"tags":[],"class_list":["post-13461","post","type-post","status-publish","format-standard","has-post-thumbnail","hentry","category-paroles"],"_links":{"self":[{"href":"https:\/\/eglise-visitation-dijon.net\/w3\/wp-json\/wp\/v2\/posts\/13461","targetHints":{"allow":["GET"]}}],"collection":[{"href":"https:\/\/eglise-visitation-dijon.net\/w3\/wp-json\/wp\/v2\/posts"}],"about":[{"href":"https:\/\/eglise-visitation-dijon.net\/w3\/wp-json\/wp\/v2\/types\/post"}],"author":[{"embeddable":true,"href":"https:\/\/eglise-visitation-dijon.net\/w3\/wp-json\/wp\/v2\/users\/1"}],"replies":[{"embeddable":true,"href":"https:\/\/eglise-visitation-dijon.net\/w3\/wp-json\/wp\/v2\/comments?post=13461"}],"version-history":[{"count":9,"href":"https:\/\/eglise-visitation-dijon.net\/w3\/wp-json\/wp\/v2\/posts\/13461\/revisions"}],"predecessor-version":[{"id":13471,"href":"https:\/\/eglise-visitation-dijon.net\/w3\/wp-json\/wp\/v2\/posts\/13461\/revisions\/13471"}],"wp:featuredmedia":[{"embeddable":true,"href":"https:\/\/eglise-visitation-dijon.net\/w3\/wp-json\/wp\/v2\/media\/2201"}],"wp:attachment":[{"href":"https:\/\/eglise-visitation-dijon.net\/w3\/wp-json\/wp\/v2\/media?parent=13461"}],"wp:term":[{"taxonomy":"category","embeddable":true,"href":"https:\/\/eglise-visitation-dijon.net\/w3\/wp-json\/wp\/v2\/categories?post=13461"},{"taxonomy":"post_tag","embeddable":true,"href":"https:\/\/eglise-visitation-dijon.net\/w3\/wp-json\/wp\/v2\/tags?post=13461"}],"curies":[{"name":"wp","href":"https:\/\/api.w.org\/{rel}","templated":true}]}}