{"id":13507,"date":"2025-01-02T16:06:07","date_gmt":"2025-01-02T15:06:07","guid":{"rendered":"http:\/\/eglise-visitation-dijon.net\/w3\/?p=13507"},"modified":"2025-03-25T09:43:23","modified_gmt":"2025-03-25T08:43:23","slug":"naissance-de-jesus-lumiere-dans-nos-familles-lumiere-pour-ceux-qui-cherchent-dieu-homelie-du-dimanche-29-decembre-2024","status":"publish","type":"post","link":"https:\/\/eglise-visitation-dijon.net\/w3\/naissance-de-jesus-lumiere-dans-nos-familles-lumiere-pour-ceux-qui-cherchent-dieu-homelie-du-dimanche-29-decembre-2024\/","title":{"rendered":"Naissance de J\u00e9sus\u00a0: Lumi\u00e8re dans nos familles, Lumi\u00e8re pour ceux qui cherchent Dieu\u00a0! \u2013 hom\u00e9lie du dimanche 29 d\u00e9cembre 2024"},"content":{"rendered":"\n<p><\/p>\n\n\n<div class=\"wp-block-image\">\n<figure class=\"alignleft\"><img loading=\"lazy\" decoding=\"async\" width=\"63\" height=\"32\" src=\"https:\/\/eglise-visitation-dijon.net\/w3\/wp-content\/uploads\/2021\/01\/boutons-2.jpg\" alt=\"\" class=\"wp-image-7495\"\/><\/figure>\n<\/div>\n\n\n<p><em><a href=\"http:\/\/eglise-visitation-dijon.net\/w2\/homelies\/Homelie-29-decembre-2024-JM\" target=\"_blank\" rel=\"noreferrer noopener\">T\u00e9l\u00e9charger au format pdf<\/a><\/em><\/p>\n\n\n\n<p class=\"has-text-align-right\"><a href=\"http:\/\/levangileauquotidien.org\/FR\/gospel\/2024-12-29\" target=\"_blank\" rel=\"noreferrer noopener\">Les lectures du jour<\/a><\/p>\n\n\n\n<p class=\"has-black-color has-text-color has-link-color has-medium-font-size wp-elements-be5721cbeefbc255e5205100b38a9503\"><strong>Naissance de J\u00e9sus&nbsp;: lumi\u00e8re dans nos familles,<\/strong><\/p>\n\n\n\n<p class=\"has-black-color has-text-color has-link-color has-medium-font-size wp-elements-006d6d73c325ddee354322f285d45eda\"><strong>Lumi\u00e8re pour ceux qui cherchent Dieu&nbsp;!<\/strong><\/p>\n\n\n\n<p class=\"has-black-color has-text-color has-link-color wp-elements-fcc419e44b2cca95291b530d5e99a86d\">Chers fr\u00e8res et s\u0153urs,<\/p>\n\n\n\n<p class=\"has-black-color has-text-color has-link-color wp-elements-4e542634e419ea1556c96cffbaef486c\">Chers amis,<\/p>\n\n\n\n<p class=\"has-black-color has-text-color has-link-color wp-elements-608ec1a5d27bb848d24002e145f20e43\">Vous aurez raison de faire dire&nbsp;: Oh qu\u2019il a vite grandi le petit J\u00e9sus&nbsp;! A peine est-il n\u00e9 (il y a juste trois jours nous f\u00eations sa naissance), qu\u2019il a d\u00e9j\u00e0 12ans. \u00c7a va un peu trop vite. Mais en fait, vous savez que nous disposons d\u2019une ann\u00e9e, pour parcourir les trente-trois ann\u00e9es de sa vie en nous arr\u00eatant sur tous les \u00e9v\u00e9nements marquants. Aujourd\u2019hui nous le contemplons dans sa famille humaine. Celle qu\u2019il formait avec Marie et Joseph. Nous c\u00e9l\u00e9brons la sainte famille de Nazareth. Comment cela peut-il ne pas nous faire penser \u00e0 nos propres familles&nbsp;? C\u2019est l\u2019occasion de prier pour nos familles, et de demander \u00e0 Dieu, \u00e0 Celui qui a choisi de s\u2019incarner jusque dans les m\u00e9andres de nos r\u00e9alit\u00e9s humaines et familiales, de les \u00e9clairer, de les secourir et de les apaiser. Ce n\u2019est pas toujours facile en famille. Et tout n\u2019\u00e9tait pas simple non plus pour la sainte famille de Nazareth. La pr\u00e9sence de J\u00e9sus ne leur a pas \u00e9pargn\u00e9 toute souffrance. Marie le dit clairement dans l\u2019Evangile&nbsp;: \u00ab&nbsp;Ton p\u00e8re et moi, nous avons souffert en te cherchant&nbsp;\u00bb. Bien des parents, des grands-parents ou des enfants souffrent de l\u2019absence de leur famille, de la division ou des difficult\u00e9s de tout genre qui peuvent appara\u00eetre dans la cellule famille. Celle-ci est elle-m\u00eame fortement menac\u00e9e aujourd\u2019hui, nous le savons. Qu\u2019est-ce qu\u2019une famille aujourd\u2019hui&nbsp;? Quel est le mod\u00e8le familial parfait&nbsp;? y a-t-il de famille parfaite&nbsp;? Si la sainte famille de Nazareth \u00e9tait sainte, elle n\u2019\u00e9tait pas pour autant d\u00e9livr\u00e9e de toute souffrance. Bien des parents peuvent se retrouver dans cette autre phrase de Marie&nbsp;pour l\u2019avoir d\u00e9j\u00e0 prononc\u00e9 eux-m\u00eames, parfois avec des larmes aux yeux : \u00ab&nbsp;Mon enfant, pourquoi nous as-tu fait cela&nbsp;?&nbsp;\u00bb. Les miens la pronon\u00e7ait souvent.<\/p>\n\n\n\n<p class=\"has-black-color has-text-color has-link-color wp-elements-c18a417c3a90ba956b2a7aecd66b547a\">Le Seigneur en venant vivre et en grandir dans une famille vient sanctifier cette r\u00e9alit\u00e9 importante, non pas pour l\u2019arracher compl\u00e8tement \u00e0 toute forme de souffrance ou de mal, mais pour donner aux uns et aux autres la force de pers\u00e9v\u00e9rer malgr\u00e9 les difficult\u00e9s. La solution n\u2019est peut-\u00eatre pas de vouloir tout comprendre, Marie et Joseph ne comprenait pas tout non plus, mais ils faisaient confiance \u00e0 la Vie, \u00e0 l\u2019Amour, et croyaient au fond de leurs c\u0153urs que Dieu ne les abandonnerait pas. Avoir une attitude positive et optimiste est avant tout un acte de foi. A l\u2019inverse, se d\u00e9courager et se plaindre excessivement est certes humain, mais r\u00e9v\u00e8le quelque part que nous ne sommes pas encore pr\u00eats \u00e0 tout abandonner en toute confiance entre les mains de Dieu.<\/p>\n\n\n\n<p class=\"has-black-color has-text-color has-link-color wp-elements-8a82d25a232e99fc343cd1eaaa8e69e9\">Nous pouvons en priant pour les familles aujourd\u2019hui, prier aussi pour tous ceux qui cherchent Dieu, en pensant \u00e0 Marie et Joseph qui malgr\u00e9 leur grande pi\u00e9t\u00e9 durent chercher J\u00e9sus pendant trois jours, alors qu\u2019il avait disparu \u00e0 leurs yeux. Ils ont fini par le retrouver dans le temple. Comment nos communaut\u00e9s chr\u00e9tiennes peuvent-elle \u00eatre de vrais temples o\u00f9 les chercheurs de Dieu pourront le trouver&nbsp;? Comment nos c\u0153urs de chr\u00e9tiens, nos vies peuvent-elles \u00eatre cette demeure o\u00f9 Dieu habite, pour ceux et celles qui cherchent ses traces ? Au fond, c\u2019est Dieu qui le premier en s\u2019incarnant dans notre humanit\u00e9 s\u2019est lanc\u00e9 r\u00e9solument \u00e0 notre recherche. Il vient nous montrer la route \u00e0 suivre, il vient \u00e9clairer nos chemins t\u00e9n\u00e9breux. Il vient nous illuminer de sa pr\u00e9sence.<\/p>\n\n\n\n<p class=\"has-black-color has-text-color has-link-color wp-elements-6c222e5faeeb3dbb0be4e2c262b08b6b\"><em>P. Judica\u00ebl<\/em><\/p>\n\n\n\n<p><\/p>\n","protected":false},"excerpt":{"rendered":"<p>Vous aurez raison de faire dire\u00a0: Oh qu\u2019il a vite grandi le petit J\u00e9sus\u00a0! A peine est-il n\u00e9 (il y a juste trois jours nous f\u00eations sa naissance), qu\u2019il a d\u00e9j\u00e0 12ans &#8230;<\/p>\n","protected":false},"author":1,"featured_media":0,"comment_status":"closed","ping_status":"open","sticky":false,"template":"","format":"standard","meta":{"footnotes":""},"categories":[3],"tags":[],"class_list":["post-13507","post","type-post","status-publish","format-standard","hentry","category-paroles-de-vie"],"_links":{"self":[{"href":"https:\/\/eglise-visitation-dijon.net\/w3\/wp-json\/wp\/v2\/posts\/13507","targetHints":{"allow":["GET"]}}],"collection":[{"href":"https:\/\/eglise-visitation-dijon.net\/w3\/wp-json\/wp\/v2\/posts"}],"about":[{"href":"https:\/\/eglise-visitation-dijon.net\/w3\/wp-json\/wp\/v2\/types\/post"}],"author":[{"embeddable":true,"href":"https:\/\/eglise-visitation-dijon.net\/w3\/wp-json\/wp\/v2\/users\/1"}],"replies":[{"embeddable":true,"href":"https:\/\/eglise-visitation-dijon.net\/w3\/wp-json\/wp\/v2\/comments?post=13507"}],"version-history":[{"count":2,"href":"https:\/\/eglise-visitation-dijon.net\/w3\/wp-json\/wp\/v2\/posts\/13507\/revisions"}],"predecessor-version":[{"id":13539,"href":"https:\/\/eglise-visitation-dijon.net\/w3\/wp-json\/wp\/v2\/posts\/13507\/revisions\/13539"}],"wp:attachment":[{"href":"https:\/\/eglise-visitation-dijon.net\/w3\/wp-json\/wp\/v2\/media?parent=13507"}],"wp:term":[{"taxonomy":"category","embeddable":true,"href":"https:\/\/eglise-visitation-dijon.net\/w3\/wp-json\/wp\/v2\/categories?post=13507"},{"taxonomy":"post_tag","embeddable":true,"href":"https:\/\/eglise-visitation-dijon.net\/w3\/wp-json\/wp\/v2\/tags?post=13507"}],"curies":[{"name":"wp","href":"https:\/\/api.w.org\/{rel}","templated":true}]}}