{"id":13512,"date":"2025-01-05T21:48:48","date_gmt":"2025-01-05T20:48:48","guid":{"rendered":"http:\/\/eglise-visitation-dijon.net\/w3\/?p=13512"},"modified":"2025-03-25T09:43:41","modified_gmt":"2025-03-25T08:43:41","slug":"en-2025-regarde-letoile-invoque-marie-homelie-du-1er-janvier-2025","status":"publish","type":"post","link":"https:\/\/eglise-visitation-dijon.net\/w3\/en-2025-regarde-letoile-invoque-marie-homelie-du-1er-janvier-2025\/","title":{"rendered":"En 2025, regarde l\u2019\u00c9toile, invoque Marie\u00a0! \u2013 hom\u00e9lie du 1er janvier 2025"},"content":{"rendered":"<div class=\"wp-block-image\">\n<figure class=\"alignleft\"><img loading=\"lazy\" decoding=\"async\" width=\"63\" height=\"32\" src=\"https:\/\/eglise-visitation-dijon.net\/w3\/wp-content\/uploads\/2021\/01\/boutons-2.jpg\" alt=\"\" class=\"wp-image-7495\"\/><\/figure>\n<\/div>\n\n\n<p><em><a href=\"http:\/\/eglise-visitation-dijon.net\/w2\/homelies\/Homelie-1-janvier-2025-JM\" target=\"_blank\" rel=\"noreferrer noopener\">T\u00e9l\u00e9charger au format pdf<\/a><\/em><\/p>\n\n\n\n<p class=\"has-text-align-right\"><a href=\"http:\/\/levangileauquotidien.org\/FR\/gospel\/2025-01-01\" target=\"_blank\" rel=\"noreferrer noopener\">Les lectures du jour<\/a><\/p>\n\n\n\n<p class=\"has-black-color has-text-color has-link-color has-medium-font-size wp-elements-19ea9beadf18d7a64ca5b852ae2e2098\"><strong>En 2025, Regarde l\u2019\u00c9toile, invoque Marie&nbsp;!<\/strong><\/p>\n\n\n\n<p class=\"has-black-color has-text-color has-link-color wp-elements-2ee059f6462d058bcaf3a22eb56c61e4\">Chers fr\u00e8res et s\u0153urs, chers amis,<\/p>\n\n\n\n<p class=\"has-black-color has-text-color has-link-color wp-elements-84943d936be8cd0f56e1b675bdf3b247\">Je voudrais vous partager avant tout, une chose essentielle que nous, les chr\u00e9tiens catholiques nous minimisons un peu. C\u2019est la puissance et la force de la Parole de Dieu. Partout o\u00f9 la Parole de Dieu est proclam\u00e9e, partout o\u00f9 l\u2019on pr\u00eache cette Parole dans la Puissance du Saint Esprit, la parole agit et op\u00e8re des miracles tels que les premiers chr\u00e9tiens l\u2019exp\u00e9rimentaient. On parle beaucoup dans la Bible des miracles que l\u2019on voit, qui sont des signes visibles, mais on parle aussi de miracles que l\u2019on ne voit pas&nbsp;: comme par exemple, quand J\u00e9sus dit, \u00ab tes p\u00e9ch\u00e9s te sont pardonn\u00e9s&nbsp;\u00bb (c\u2019est un miracle qu\u2019on ne voit pas mais qui est r\u00e9el). J\u00e9sus va plus loin en disant&nbsp;: \u00ab&nbsp;qu\u2019y a-t-il de plus facile \u00e0 dire, entre \u00ab&nbsp;tes p\u00e9ch\u00e9s te sont pardonn\u00e9s&nbsp;\u00bb, et \u00ab&nbsp;l\u00e8ve-toi prends ton grabat et marche&nbsp;\u00bb. Le miracle invisible est tout autant, voire plus puissant que le miracle visible. Et la Parole de Dieu pr\u00each\u00e9e dans l\u2019assembl\u00e9e des croyants op\u00e8re ces deux miracles. Mais ce n\u2019est pas de miracle que je voudrais vous parler, mais de cette puissance performative et agissante de la Parole de Dieu. Il faut croire vraiment que la Parole accomplit toujours quelque chose en nous. Surtout quand nous la recevons vraiment pour nous. C\u2019est d\u2019autant plus vrai que Dieu lui-m\u00eame d\u00e9clare par le proph\u00e8te Isa\u00efe&nbsp;: \u00ab&nbsp;la pluie et la neige qui descendent des cieux n\u2019y retournent pas sans avoir abreuv\u00e9 la terre, sans l\u2019avoir f\u00e9cond\u00e9e et l\u2019avoir fait germer, donnant la semence au semeur et le pain \u00e0 celui qui doit manger&nbsp;; ainsi ma parole, qui sort de ma bouche, ne me reviendra pas sans r\u00e9sultat, sans avoir fait ce qui me pla\u00eet, sans avoir accompli sa mission&nbsp;\u00bb.<\/p>\n\n\n\n<p class=\"has-black-color has-text-color has-link-color wp-elements-fdf0e710889d65a2bb962dacb4197210\">Il me parait important qu\u2019en ce premier jour de l\u2019an, nous puissions nous appliquer tr\u00e8s performativement ce que dit la premi\u00e8re lecture&nbsp;: Parle \u00e0 Aaron et \u00e0 ses fils (-dit le Seigneur \u00e0 Mo\u00efse). Tu leur diras : Voici en quels termes vous b\u00e9nirez les fils d\u2019Isra\u00ebl : \u201cQue le Seigneur te b\u00e9nisse et te garde ! Que le Seigneur fasse briller sur toi son visage, qu\u2019il te prenne en gr\u00e2ce ! Que le Seigneur tourne vers toi son visage, qu\u2019il t\u2019apporte la paix !\u201d Aaron et ses fils invoqueront ainsi mon nom sur les fils d\u2019Isra\u00ebl, et moi, je les b\u00e9nirai. \u00bb<\/p>\n\n\n\n<p class=\"has-black-color has-text-color has-link-color wp-elements-3229916cbcdd3f93ef982f97b1e86fc6\">En tant que pr\u00eatre, je me tiens au milieu de vous comme les fils d\u2019Aaron qui \u00e9taient les pr\u00eatres de l\u2019ancien testament. Au nom de mon bapt\u00eame et des v\u00f4tres, au nom de la gr\u00e2ce sp\u00e9ciale de l\u2019ordination sacerdotale que j\u2019ai re\u00e7u pour \u00eatre au service du peuple de Dieu comme Aaron et ses fils, <strong>en ce d\u00e9but d\u2019ann\u00e9e 2025, j\u2019invoque sur chacun de vous le nom puissant du Dieu d\u2019Isra\u00ebl, P\u00e8re de J\u00e9sus Christ notre Seigneur. Qu\u2019Il vous b\u00e9nisse et vous garde en tous les domaines de votre vie (en votre sant\u00e9, en vos activit\u00e9s professionnelles, en votre vie de famille, en vos projets). Qu\u2019Il fasse briller sur vous son visage et qu\u2019Il vous apporte la paix. Que dans le Nom Puissant de J\u00e9sus, le Nom qu\u2019il a re\u00e7u au jour de sa circoncision, le nom que l\u2019ange lui avait donn\u00e9 avant sa conception, ainsi que nous l\u2019avons entendu dans l\u2019Evangile, que dans ce nom Puissant et Glorieux, votre ann\u00e9e 2025 soit puissamment b\u00e9nie. Vous pouvez dire \u00ab&nbsp;Amen&nbsp;\u00bb de mani\u00e8re tr\u00e8s forte parce que nous croyons que cette parole de b\u00e9n\u00e9diction s\u2019accomplit pour chacun. Je nous invite \u00e0 faire vraiment ce saut dans la foi en l\u2019accomplissement de la Parole de Dieu en cette ann\u00e9e 2025.<\/strong><\/p>\n\n\n\n<p class=\"has-black-color has-text-color has-link-color wp-elements-65da561060a0278960fd157c322ed7fb\">La deuxi\u00e8me chose que je voudrais partager avec vous est li\u00e9e au contexte liturgique qui entoure cette f\u00eate de sainte Marie M\u00e8re de Dieu ce premier jour de l\u2019an. Nous sommes encore dans l\u2019octave de No\u00ebl. Nous continuons donc \u00e0 f\u00eater encore No\u00ebl. Dans la joie et dans le partage. Nous avons re\u00e7u et donn\u00e9 des cadeaux. Le P\u00e8re No\u00ebl est pass\u00e9 dans les maisons. Mais le plus grand cadeau que l\u2019on peut recevoir, ce n\u2019est pas le p\u00e8re No\u00ebl qui le donne, c\u2019est Dieu lui-m\u00eame qui le donne. D\u2019ailleurs la chose parait logique. C\u2019est Celui qui est plus grand que tous, qui peut \u00e9galement donner le plus grand des cadeaux. Et le plus grand cadeau que Dieu nous fait \u00e0 No\u00ebl, c\u2019est le cadeau de son propre Fils. Son Fils Unique, qui lui est semblable en toute chose. Dans l\u2019humble enfant de la cr\u00e8che, Dieu nous fait cadeau de son fils qui vient s\u2019unir \u00e0 notre nature humaine. Nous ne pouvons pas imaginer, nous ne pouvons m\u00eame pas comprendre ce que cela repr\u00e9sente sur le plan spirituel, ni ce que cela signifie en termes de profusion d\u2019amour de la part de Dieu. Parmi vous qui avez des enfants ici, je ne sais pas qui a imagin\u00e9 un seul instant qu\u2019il donnerait son enfant comme cadeau de No\u00ebl \u00e0 qui que ce soit.<\/p>\n\n\n\n<p class=\"has-black-color has-text-color has-link-color wp-elements-a0a67d57a132bead12cfc19e69a8f919\">Et ce n\u2019est pas le seul cadeau que Dieu te fait \u00e0 No\u00ebl. Le Fils Unique qui est aussi Dieu parce qu\u2019il partage la m\u00eame substance divine que le P\u00e8re, lui aussi t\u2019offre un cadeau exceptionnel aujourd\u2019hui. Il te donne \u00ab&nbsp;Sa M\u00e8re&nbsp;\u00bb. Qui parmi nous a le pouvoir d\u2019offrir sa m\u00e8re en cadeau&nbsp;? C\u2019est pourquoi nous c\u00e9l\u00e9brons aujourd\u2019hui cette m\u00e8re en tant qu\u2019elle est la m\u00e8re de Dieu, celle qui a la capacit\u00e9 d\u2019interc\u00e9der puissamment et efficacement pour nous. Tout ce qu\u2019elle demandera \u00e0 J\u00e9sus, il nous l\u2019accordera toujours. Parce que c\u2019est en elle que lui a \u00e9t\u00e9 form\u00e9 un corps humain. L\u2019\u00e9vangile dit que Marie m\u00e9ditait dans son c\u0153ur. Qui mieux que cette femme de m\u00e9ditation peut atteindre et fl\u00e9chir en notre faveur le c\u0153ur de Dieu. En cette ann\u00e9e 2025, prenons conscience de ce cadeau de la Vierge et ne l\u2019abandonnons pas au pied du sapin de nos c\u0153urs. Comme dit Saint Bernard, regarde l\u2019Etoile, Invoque Marie, si tu la suis, tu ne crains rien. Regarde l\u2019Etoile, Invoque Marie en cette nouvelle ann\u00e9e, elle te conduira sur le chemin de la Vie, le chemin de l\u2019Amour, le chemin de l\u2019\u00c9ternit\u00e9. Amen&nbsp;!<\/p>\n\n\n\n<p class=\"has-black-color has-text-color has-link-color wp-elements-d6ff99e1644e816992387c99417bccb6\"><em>Judica\u00ebl<\/em><\/p>\n","protected":false},"excerpt":{"rendered":"<p>Je voudrais vous partager avant tout, une chose essentielle que nous, les chr\u00e9tiens catholiques nous minimisons un peu. C\u2019est la puissance et la force de la Parole de Dieu &#8230;<\/p>\n","protected":false},"author":1,"featured_media":0,"comment_status":"closed","ping_status":"open","sticky":false,"template":"","format":"standard","meta":{"footnotes":""},"categories":[3],"tags":[],"class_list":["post-13512","post","type-post","status-publish","format-standard","hentry","category-paroles-de-vie"],"_links":{"self":[{"href":"https:\/\/eglise-visitation-dijon.net\/w3\/wp-json\/wp\/v2\/posts\/13512","targetHints":{"allow":["GET"]}}],"collection":[{"href":"https:\/\/eglise-visitation-dijon.net\/w3\/wp-json\/wp\/v2\/posts"}],"about":[{"href":"https:\/\/eglise-visitation-dijon.net\/w3\/wp-json\/wp\/v2\/types\/post"}],"author":[{"embeddable":true,"href":"https:\/\/eglise-visitation-dijon.net\/w3\/wp-json\/wp\/v2\/users\/1"}],"replies":[{"embeddable":true,"href":"https:\/\/eglise-visitation-dijon.net\/w3\/wp-json\/wp\/v2\/comments?post=13512"}],"version-history":[{"count":2,"href":"https:\/\/eglise-visitation-dijon.net\/w3\/wp-json\/wp\/v2\/posts\/13512\/revisions"}],"predecessor-version":[{"id":13514,"href":"https:\/\/eglise-visitation-dijon.net\/w3\/wp-json\/wp\/v2\/posts\/13512\/revisions\/13514"}],"wp:attachment":[{"href":"https:\/\/eglise-visitation-dijon.net\/w3\/wp-json\/wp\/v2\/media?parent=13512"}],"wp:term":[{"taxonomy":"category","embeddable":true,"href":"https:\/\/eglise-visitation-dijon.net\/w3\/wp-json\/wp\/v2\/categories?post=13512"},{"taxonomy":"post_tag","embeddable":true,"href":"https:\/\/eglise-visitation-dijon.net\/w3\/wp-json\/wp\/v2\/tags?post=13512"}],"curies":[{"name":"wp","href":"https:\/\/api.w.org\/{rel}","templated":true}]}}