{"id":14706,"date":"2026-03-04T21:31:16","date_gmt":"2026-03-04T20:31:16","guid":{"rendered":"https:\/\/eglise-visitation-dijon.net\/w3\/?p=14706"},"modified":"2026-03-11T22:55:58","modified_gmt":"2026-03-11T21:55:58","slug":"soiree-prendre-le-temps-de-chanter-avec-aineo","status":"publish","type":"post","link":"https:\/\/eglise-visitation-dijon.net\/w3\/soiree-prendre-le-temps-de-chanter-avec-aineo\/","title":{"rendered":"Soir\u00e9e \u00ab Prendre le temps de chanter \u00bb avec AINEO"},"content":{"rendered":"\n<h4 class=\"wp-block-heading has-text-align-center has-large-font-size\"><strong>Vendredi 20 mars \u00e0 19h \u00e0 l\u2019\u00e9glise St Maurice de Sennecey<\/strong><\/h4>\n\n\n\n<p class=\"has-text-align-left has-medium-font-size\">Le groupe AINEO vous invite \u00e0 <strong>prendre le temps de chanter<\/strong> : en ce temps de Car\u00eame, o\u00f9 nous sommes appel\u00e9s \u00e0 remettre notre vie \u00ab \u00e0 l\u2019endroit \u00bb, la joie n\u2019est pas exclue. Chanter, prier en chantant, fait pleinement partie de cette d\u00e9marche de conversion qui ouvre le c\u0153ur et permet de retrouver l\u2019essentiel. C\u2019est dans cet esprit que nous vous proposons de vivre ensemble un moment simple et fraternel autour du chant chr\u00e9tien.<br>Nous vous proposons une soir\u00e9e \u201cjuke\u2011box\u201d : AINEO mettra \u00e0 disposition des participants un carnet d\u2019une trentaine de chants, issus d\u2019un r\u00e9pertoire interg\u00e9n\u00e9rationnel, pour que chacun puisse choisir le chant qu\u2019il souhaite.<br>L\u2019objectif ?<br>Passer un bon moment ensemble, dans la simplicit\u00e9 et la joie, et prier d\u2019une seule voix. Car, comme le rappelle saint Augustin, \u00ab\u202fchanter, c\u2019est prier deux fois\u202f\u00bb.<br>Que vous aimiez chanter, \u00e9couter, d\u00e9couvrir ou simplement vivre un temps de communion, vous \u00eates tous chaleureusement invit\u00e9s !<\/p>\n\n\n\n<p class=\"has-text-align-left has-medium-font-size\">                                                                    <em>Fraternellement, le groupe AINEO &#8211; 04\/03\/2026<\/em><\/p>\n\n\n<div class=\"wp-block-image\">\n<figure class=\"aligncenter size-full\"><img loading=\"lazy\" decoding=\"async\" width=\"376\" height=\"564\" src=\"https:\/\/eglise-visitation-dijon.net\/w3\/wp-content\/uploads\/2026\/03\/affiche-AINEO-1.jpg\" alt=\"\" class=\"wp-image-14746\" srcset=\"https:\/\/eglise-visitation-dijon.net\/w3\/wp-content\/uploads\/2026\/03\/affiche-AINEO-1.jpg 376w, https:\/\/eglise-visitation-dijon.net\/w3\/wp-content\/uploads\/2026\/03\/affiche-AINEO-1-200x300.jpg 200w, https:\/\/eglise-visitation-dijon.net\/w3\/wp-content\/uploads\/2026\/03\/affiche-AINEO-1-100x150.jpg 100w\" sizes=\"auto, (max-width: 376px) 100vw, 376px\" \/><\/figure>\n<\/div>","protected":false},"excerpt":{"rendered":"<p>Vendredi 20 mars \u00e0 19h \u00e0 l\u2019\u00e9glise St Maurice de Sennecey Le groupe AINEO vous invite \u00e0 prendre le temps de chanter : en ce temps de Car\u00eame, o\u00f9 nous&#8230;<\/p>\n","protected":false},"author":6,"featured_media":14711,"comment_status":"closed","ping_status":"closed","sticky":false,"template":"","format":"standard","meta":{"footnotes":""},"categories":[20,1],"tags":[],"class_list":["post-14706","post","type-post","status-publish","format-standard","has-post-thumbnail","hentry","category-actualite","category-annonces"],"_links":{"self":[{"href":"https:\/\/eglise-visitation-dijon.net\/w3\/wp-json\/wp\/v2\/posts\/14706","targetHints":{"allow":["GET"]}}],"collection":[{"href":"https:\/\/eglise-visitation-dijon.net\/w3\/wp-json\/wp\/v2\/posts"}],"about":[{"href":"https:\/\/eglise-visitation-dijon.net\/w3\/wp-json\/wp\/v2\/types\/post"}],"author":[{"embeddable":true,"href":"https:\/\/eglise-visitation-dijon.net\/w3\/wp-json\/wp\/v2\/users\/6"}],"replies":[{"embeddable":true,"href":"https:\/\/eglise-visitation-dijon.net\/w3\/wp-json\/wp\/v2\/comments?post=14706"}],"version-history":[{"count":3,"href":"https:\/\/eglise-visitation-dijon.net\/w3\/wp-json\/wp\/v2\/posts\/14706\/revisions"}],"predecessor-version":[{"id":14747,"href":"https:\/\/eglise-visitation-dijon.net\/w3\/wp-json\/wp\/v2\/posts\/14706\/revisions\/14747"}],"wp:featuredmedia":[{"embeddable":true,"href":"https:\/\/eglise-visitation-dijon.net\/w3\/wp-json\/wp\/v2\/media\/14711"}],"wp:attachment":[{"href":"https:\/\/eglise-visitation-dijon.net\/w3\/wp-json\/wp\/v2\/media?parent=14706"}],"wp:term":[{"taxonomy":"category","embeddable":true,"href":"https:\/\/eglise-visitation-dijon.net\/w3\/wp-json\/wp\/v2\/categories?post=14706"},{"taxonomy":"post_tag","embeddable":true,"href":"https:\/\/eglise-visitation-dijon.net\/w3\/wp-json\/wp\/v2\/tags?post=14706"}],"curies":[{"name":"wp","href":"https:\/\/api.w.org\/{rel}","templated":true}]}}