{"id":15181,"date":"2026-08-11T22:22:36","date_gmt":"2026-08-11T20:22:36","guid":{"rendered":"https:\/\/eglise-visitation-dijon.net\/w3\/?p=15181"},"modified":"2026-08-20T14:44:04","modified_gmt":"2026-08-20T12:44:04","slug":"venue-du-pape-leon-xiv-en-france-des-informations-pratiques","status":"publish","type":"post","link":"https:\/\/eglise-visitation-dijon.net\/w3\/venue-du-pape-leon-xiv-en-france-des-informations-pratiques\/","title":{"rendered":"Venue du Pape L\u00e9on XIV en France: des informations pratiques"},"content":{"rendered":"\n<p class=\"wp-block-paragraph\" style=\"font-size:18px\">\u00c0 l&rsquo;occasion de la venue exceptionnelle du Pape L\u00e9on XIV en France du 25 au 28 septembre prochain, notre dioc\u00e8se se mobilise pour vous permettre de vivre pleinement cet \u00e9v\u00e9nement. <br>Afin de vous aider \u00e0 vous organiser, nous avons rassembl\u00e9 sur cette page l&rsquo;essentiel des informations ainsi que les liens utiles pour en savoir plus ou participer aux rassemblements, sur place ou \u00e0 distance. <br>La visite du Pape constitue un moment fort pour toute l&rsquo;\u00c9glise de France. Ce voyage apostolique sera l&rsquo;occasion de grands rassemblements, de temps de pri\u00e8re partag\u00e9s et de messages adress\u00e9s \u00e0 l&rsquo;ensemble des fid\u00e8les et des citoyens.<br>\u00c0 Paris, L\u00e9on XIV donnera plusieurs rendez-vous qui seront autant de temps forts, dont une grande veill\u00e9e avec les jeunes le vendredi soir et une messe en plein air le samedi apr\u00e8s-midi. <br>\u00c0 Lourdes, le Saint-P\u00e8re sera notamment \u00e0 l\u2019\u00e9coute des personnes les plus fragiles et vuln\u00e9rables. Il pr\u00e9sidera \u00e9galement une messe en plein air le dimanche apr\u00e8s-midi, face \u00e0 la grotte de Massabielle. <br>\u00c0 Metz enfin, il nous rappellera la foi enracin\u00e9e des p\u00e8res fondateurs d\u2019une Europe qui s\u2019engage dans la paix et la r\u00e9conciliation. Il ira aussi \u00e0 la rencontre des dioc\u00e9sains et visiteurs lors d\u2019une messe \u00e0 la cath\u00e9drale Saint-Etienne de Metz.<br><br>Pour savoir plus sur le programme du voyage du pape, consultez le site d\u00e9di\u00e9: <a href=\"https:\/\/www.pape-france.fr\/programme\/\" data-type=\"link\" data-id=\"https:\/\/www.pape-france.fr\/programme\/\">pape-france.fr<\/a><br>Sur ce site vous pouvez \u00e9galement avoir des renseignements sur les retransmissions, sur la meilleure mani\u00e8re de vous pr\u00e9parer spirituellement \u00e0 cette visite ainsi que toutes les actualit\u00e9s li\u00e9es \u00e0 la visite du Pape. Vous avez des questions ? Les organisateurs ont sans doute d\u00e9j\u00e0 une r\u00e9ponse pour vous. Cliquez ici pour acc\u00e9der aux <a href=\"https:\/\/www.pape-france.fr\/faq\/\">questions fr\u00e9quentes sur la visite du pape.<\/a><\/p>\n\n\n\n<p class=\"wp-block-paragraph\" style=\"font-size:18px\">M\u00eame si les inscriptions individuelles aux grands rassemblements affichent \u00ab\u00a0COMPLET\u00a0\u00bb, sachez que des places restent r\u00e9serv\u00e9es pour les groupes. Dans ce cadre, le service des P\u00e8lerinages du dioc\u00e8se de Dijon organise des d\u00e9placements pour permettre \u00e0 chacun d&rsquo;y participer facilement. Il propose un accompagnement d\u00e9di\u00e9 (transports, logistique, billetterie) pour rejoindre les grands rassemblements.<br>Une proposition sp\u00e9cifique est faite aux jeunes et \u00e9tudiants du dioc\u00e8se pour voyager en groupe et vivre cet \u00e9v\u00e9nement \u00e0 leur rythme.<br>Pour plus de d\u00e9tails et\/ou pour vous inscrire, consultez la <a href=\"https:\/\/www.diocese-dijon.com\/actualite\/agenda\/%20\/93726-le-pape-leon-xiv-en-france\/\">page d\u00e9di\u00e9e sur le site du dioc\u00e8se<\/a><\/p>\n\n\n\n<p class=\"wp-block-paragraph\" style=\"font-size:18px\">Pour finir, il est important de signaler que France T\u00e9l\u00e9visions assurera la captation int\u00e9grale de la visite du pape. La quasi-totalit\u00e9 du voyage sera retransmise sur les chaines de France T\u00e9l\u00e9vision ou sur france.tv. Il sera aussi possible de suivre le voyage en direct sur Vatican News, KTO ou RCF Notre-Dame. D\u2019autres cha\u00eenes de t\u00e9l\u00e9vision comme TF1, BFM ou CNews assureront aussi de nombreuses retransmissions. Ainsi, ceux qui ne pourront pas se rendre sur place, pourront vivre chaque moment de la visite du Saint P\u00e8re. <br>Pour en savoir plus, nous vous invitons \u00e0 regarder la vid\u00e9o ci-dessous<em> (cliquez sur l&rsquo;image pour lancer la vid\u00e9o)<\/em>.<\/p>\n\n\n<div class=\"wp-block-image\">\n<figure class=\"aligncenter size-full\"><a href=\"https:\/\/www.ktotv.com\/video\/00464111\/pape-en-france-et-a-lunesco-le-programme-les-enjeux-de-son-voyage-comment-le-suivre\"><img loading=\"lazy\" decoding=\"async\" width=\"395\" height=\"226\" src=\"https:\/\/eglise-visitation-dijon.net\/w3\/wp-content\/uploads\/2026\/08\/Capture-decran-2026-08-11-221148.jpg\" alt=\"\" class=\"wp-image-15182\" srcset=\"https:\/\/eglise-visitation-dijon.net\/w3\/wp-content\/uploads\/2026\/08\/Capture-decran-2026-08-11-221148.jpg 395w, https:\/\/eglise-visitation-dijon.net\/w3\/wp-content\/uploads\/2026\/08\/Capture-decran-2026-08-11-221148-300x172.jpg 300w, https:\/\/eglise-visitation-dijon.net\/w3\/wp-content\/uploads\/2026\/08\/Capture-decran-2026-08-11-221148-150x86.jpg 150w\" sizes=\"auto, (max-width: 395px) 100vw, 395px\" \/><\/a><\/figure>\n<\/div>\n\n\n<p class=\"wp-block-paragraph\" style=\"font-size:18px\">Prochainement, nous vous informerons aussi des \u00e9ventuelles initiatives organis\u00e9es par la paroisse de la Visitation, le doyenn\u00e9 ou le dioc\u00e8se de Dijon pour se pr\u00e9parer et vivre ce moment important en communaut\u00e9.<\/p>\n\n\n\n<p class=\"has-text-align-right wp-block-paragraph\" style=\"font-size:14px\"><em>R\u00e9dig\u00e9 le 11\/08\/2026 par VCH pour la Communication de la Visitation (derni\u00e8re MAJ le 20\/08\/2026) <br>&#8211; Sources: sites du Dioc\u00e8se de Dijon, de l&rsquo;\u00e9glise catholique de France (CFE) et de KTO &#8211;<\/em><\/p>\n\n\n<div class=\"wp-block-image\">\n<figure class=\"aligncenter size-large is-resized\"><img loading=\"lazy\" decoding=\"async\" width=\"724\" height=\"1024\" src=\"https:\/\/eglise-visitation-dijon.net\/w3\/wp-content\/uploads\/2026\/08\/leonXIV_affiche_ph02-724x1024.jpg\" alt=\"\" class=\"wp-image-15184\" style=\"width:400px;height:auto\" srcset=\"https:\/\/eglise-visitation-dijon.net\/w3\/wp-content\/uploads\/2026\/08\/leonXIV_affiche_ph02-724x1024.jpg 724w, https:\/\/eglise-visitation-dijon.net\/w3\/wp-content\/uploads\/2026\/08\/leonXIV_affiche_ph02-212x300.jpg 212w, https:\/\/eglise-visitation-dijon.net\/w3\/wp-content\/uploads\/2026\/08\/leonXIV_affiche_ph02-106x150.jpg 106w, https:\/\/eglise-visitation-dijon.net\/w3\/wp-content\/uploads\/2026\/08\/leonXIV_affiche_ph02-768x1086.jpg 768w, https:\/\/eglise-visitation-dijon.net\/w3\/wp-content\/uploads\/2026\/08\/leonXIV_affiche_ph02-1086x1536.jpg 1086w, https:\/\/eglise-visitation-dijon.net\/w3\/wp-content\/uploads\/2026\/08\/leonXIV_affiche_ph02-1448x2048.jpg 1448w, https:\/\/eglise-visitation-dijon.net\/w3\/wp-content\/uploads\/2026\/08\/leonXIV_affiche_ph02.jpg 1684w\" sizes=\"auto, (max-width: 724px) 100vw, 724px\" \/><\/figure>\n<\/div>\n\n\n<p class=\"wp-block-paragraph\"><\/p>\n","protected":false},"excerpt":{"rendered":"<p>\u00c0 l&rsquo;occasion de la venue exceptionnelle du Pape L\u00e9on XIV en France du 25 au 28 septembre prochain, notre dioc\u00e8se se mobilise pour vous permettre de vivre pleinement cet \u00e9v\u00e9nement&#8230;.<\/p>\n","protected":false},"author":6,"featured_media":15194,"comment_status":"closed","ping_status":"closed","sticky":false,"template":"","format":"standard","meta":{"footnotes":""},"categories":[20,1],"tags":[],"class_list":["post-15181","post","type-post","status-publish","format-standard","has-post-thumbnail","hentry","category-actualite","category-annonces"],"_links":{"self":[{"href":"https:\/\/eglise-visitation-dijon.net\/w3\/wp-json\/wp\/v2\/posts\/15181","targetHints":{"allow":["GET"]}}],"collection":[{"href":"https:\/\/eglise-visitation-dijon.net\/w3\/wp-json\/wp\/v2\/posts"}],"about":[{"href":"https:\/\/eglise-visitation-dijon.net\/w3\/wp-json\/wp\/v2\/types\/post"}],"author":[{"embeddable":true,"href":"https:\/\/eglise-visitation-dijon.net\/w3\/wp-json\/wp\/v2\/users\/6"}],"replies":[{"embeddable":true,"href":"https:\/\/eglise-visitation-dijon.net\/w3\/wp-json\/wp\/v2\/comments?post=15181"}],"version-history":[{"count":5,"href":"https:\/\/eglise-visitation-dijon.net\/w3\/wp-json\/wp\/v2\/posts\/15181\/revisions"}],"predecessor-version":[{"id":15207,"href":"https:\/\/eglise-visitation-dijon.net\/w3\/wp-json\/wp\/v2\/posts\/15181\/revisions\/15207"}],"wp:featuredmedia":[{"embeddable":true,"href":"https:\/\/eglise-visitation-dijon.net\/w3\/wp-json\/wp\/v2\/media\/15194"}],"wp:attachment":[{"href":"https:\/\/eglise-visitation-dijon.net\/w3\/wp-json\/wp\/v2\/media?parent=15181"}],"wp:term":[{"taxonomy":"category","embeddable":true,"href":"https:\/\/eglise-visitation-dijon.net\/w3\/wp-json\/wp\/v2\/categories?post=15181"},{"taxonomy":"post_tag","embeddable":true,"href":"https:\/\/eglise-visitation-dijon.net\/w3\/wp-json\/wp\/v2\/tags?post=15181"}],"curies":[{"name":"wp","href":"https:\/\/api.w.org\/{rel}","templated":true}]}}