{"id":15277,"date":"2026-09-02T22:17:09","date_gmt":"2026-09-02T20:17:09","guid":{"rendered":"https:\/\/eglise-visitation-dijon.net\/w3\/?p=15277"},"modified":"2026-09-02T22:17:09","modified_gmt":"2026-09-02T20:17:09","slug":"retour-sur-un-ete-inoubliable-avec-lace-et-cap-sur-la-rentree","status":"publish","type":"post","link":"https:\/\/eglise-visitation-dijon.net\/w3\/retour-sur-un-ete-inoubliable-avec-lace-et-cap-sur-la-rentree\/","title":{"rendered":"Retour sur un \u00e9t\u00e9 inoubliable avec l\u2019ACE et cap sur la rentr\u00e9e !"},"content":{"rendered":"\n<p class=\"wp-block-paragraph\" style=\"font-size:18px\">Cet \u00e9t\u00e9 encore, le camp d\u2019\u00e9t\u00e9 de l\u2019ACE (Action Catholique des Enfants) a offert \u00e0 nos jeunes de tr\u00e8s grands moments de joie, de partage et de fraternit\u00e9 ! Install\u00e9s \u00e0 Chamblanc, les enfants ont v\u00e9cu six jours d&rsquo;aventures pr\u00eats \u00e0 relever tous les d\u00e9fis.<br><br>Entre grands jeux, chants festifs, veill\u00e9es anim\u00e9es et moments de d\u00e9couverte \u2014 comme la d\u00e9couverte de l&rsquo;histoire de la For\u00eat M\u00e9moire guid\u00e9e par s\u0153ur Marie-Pierre \u2014, la chaleur n&rsquo;a pas frein\u00e9 leur enthousiasme ! Les enfants ont pleinement v\u00e9cu la vie en collectivit\u00e9, apprenant \u00e0 grandir ensemble et \u00e0 tisser de belles amiti\u00e9s. Les temps de relecture et d&rsquo;\u00e9changes ont \u00e9galement apport\u00e9 de grands moments d&rsquo;\u00e9motion. Un immense merci \u00e0 toute l&rsquo;\u00e9quipe d&rsquo;animation et aux b\u00e9n\u00e9voles qui ont entour\u00e9 nos jeunes avec une \u00e9nergie et un d\u00e9vouement formidables !<br><br>L\u2019ACE est un mouvement d&rsquo;\u00c9glise qui s&rsquo;adresse \u00e0 tous les enfants et adolescents \u00e2g\u00e9s de 6 \u00e0 15 ans. En petits groupes, encadr\u00e9s par des animateurs, les jeunes y apprennent \u00e0 s&rsquo;exprimer, \u00e0 monter des projets, \u00e0 jouer et \u00e0 porter un regard chr\u00e9tien et solidaire sur le monde.<br><br><strong>Tu souhaites en savoir plus sur les activit\u00e9s de l&rsquo;ACE? <\/strong>Tu es invit\u00e9 \u00e0 la Rencontre de Rentr\u00e9e, <strong>Samedi 19 septembre apr\u00e8s-midi <\/strong>\u00e0 l&rsquo;\u00e9glise de la Visitation.<br><br>C&rsquo;est l&rsquo;occasion id\u00e9ale de faire de nouvelles connaissances, de retrouver les copains du camp et d&rsquo;essayer une premi\u00e8re rencontre dans une ambiance joyeuse et accueillante !<br><br>Pour en savoir plus sur le mouvement national, vous pouvez consulter le site : <a href=\"https:\/\/www.ace.asso.fr\/\">https:\/\/www.ace.asso.fr\/<\/a><\/p>\n\n\n\n<p class=\"has-text-align-right wp-block-paragraph\" style=\"font-size:18px\">VCH &#8211; 02\/09\/2026<\/p>\n\n\n\n<figure class=\"wp-block-gallery has-nested-images columns-default is-cropped wp-block-gallery-1 is-layout-flex wp-block-gallery-is-layout-flex\">\n<figure class=\"wp-block-image size-large\"><img loading=\"lazy\" decoding=\"async\" width=\"542\" height=\"437\" data-id=\"15280\" src=\"https:\/\/eglise-visitation-dijon.net\/w3\/wp-content\/uploads\/2026\/09\/Capture-decran-2026-09-02-221236.png\" alt=\"\" class=\"wp-image-15280\" srcset=\"https:\/\/eglise-visitation-dijon.net\/w3\/wp-content\/uploads\/2026\/09\/Capture-decran-2026-09-02-221236.png 542w, https:\/\/eglise-visitation-dijon.net\/w3\/wp-content\/uploads\/2026\/09\/Capture-decran-2026-09-02-221236-300x242.png 300w, https:\/\/eglise-visitation-dijon.net\/w3\/wp-content\/uploads\/2026\/09\/Capture-decran-2026-09-02-221236-150x121.png 150w\" sizes=\"auto, (max-width: 542px) 100vw, 542px\" \/><\/figure>\n\n\n\n<figure class=\"wp-block-image size-large\"><img loading=\"lazy\" decoding=\"async\" width=\"1024\" height=\"382\" data-id=\"15282\" src=\"https:\/\/eglise-visitation-dijon.net\/w3\/wp-content\/uploads\/2026\/09\/DSCF3834-1024x382.jpg\" alt=\"\" class=\"wp-image-15282\" srcset=\"https:\/\/eglise-visitation-dijon.net\/w3\/wp-content\/uploads\/2026\/09\/DSCF3834-1024x382.jpg 1024w, https:\/\/eglise-visitation-dijon.net\/w3\/wp-content\/uploads\/2026\/09\/DSCF3834-300x112.jpg 300w, https:\/\/eglise-visitation-dijon.net\/w3\/wp-content\/uploads\/2026\/09\/DSCF3834-150x56.jpg 150w, https:\/\/eglise-visitation-dijon.net\/w3\/wp-content\/uploads\/2026\/09\/DSCF3834-768x287.jpg 768w, https:\/\/eglise-visitation-dijon.net\/w3\/wp-content\/uploads\/2026\/09\/DSCF3834-1536x574.jpg 1536w, https:\/\/eglise-visitation-dijon.net\/w3\/wp-content\/uploads\/2026\/09\/DSCF3834-2048x765.jpg 2048w\" sizes=\"auto, (max-width: 1024px) 100vw, 1024px\" \/><\/figure>\n\n\n\n<figure class=\"wp-block-image size-large\"><img loading=\"lazy\" decoding=\"async\" width=\"1024\" height=\"711\" data-id=\"15279\" src=\"https:\/\/eglise-visitation-dijon.net\/w3\/wp-content\/uploads\/2026\/09\/DSCF3810-1024x711.jpg\" alt=\"\" class=\"wp-image-15279\" srcset=\"https:\/\/eglise-visitation-dijon.net\/w3\/wp-content\/uploads\/2026\/09\/DSCF3810-1024x711.jpg 1024w, https:\/\/eglise-visitation-dijon.net\/w3\/wp-content\/uploads\/2026\/09\/DSCF3810-300x208.jpg 300w, https:\/\/eglise-visitation-dijon.net\/w3\/wp-content\/uploads\/2026\/09\/DSCF3810-150x104.jpg 150w, https:\/\/eglise-visitation-dijon.net\/w3\/wp-content\/uploads\/2026\/09\/DSCF3810-768x534.jpg 768w, https:\/\/eglise-visitation-dijon.net\/w3\/wp-content\/uploads\/2026\/09\/DSCF3810-1536x1067.jpg 1536w, https:\/\/eglise-visitation-dijon.net\/w3\/wp-content\/uploads\/2026\/09\/DSCF3810-2048x1423.jpg 2048w\" sizes=\"auto, (max-width: 1024px) 100vw, 1024px\" \/><\/figure>\n<\/figure>\n\n\n<div class=\"wp-block-image\">\n<figure class=\"aligncenter size-large is-resized\"><img loading=\"lazy\" decoding=\"async\" width=\"1024\" height=\"458\" src=\"https:\/\/eglise-visitation-dijon.net\/w3\/wp-content\/uploads\/2026\/09\/WhatsApp-Image-2026-07-15-at-09.44.16-1-1024x458.jpeg\" alt=\"\" class=\"wp-image-15284\" style=\"width:608px;height:auto\" srcset=\"https:\/\/eglise-visitation-dijon.net\/w3\/wp-content\/uploads\/2026\/09\/WhatsApp-Image-2026-07-15-at-09.44.16-1-1024x458.jpeg 1024w, https:\/\/eglise-visitation-dijon.net\/w3\/wp-content\/uploads\/2026\/09\/WhatsApp-Image-2026-07-15-at-09.44.16-1-300x134.jpeg 300w, https:\/\/eglise-visitation-dijon.net\/w3\/wp-content\/uploads\/2026\/09\/WhatsApp-Image-2026-07-15-at-09.44.16-1-150x67.jpeg 150w, https:\/\/eglise-visitation-dijon.net\/w3\/wp-content\/uploads\/2026\/09\/WhatsApp-Image-2026-07-15-at-09.44.16-1-768x344.jpeg 768w, https:\/\/eglise-visitation-dijon.net\/w3\/wp-content\/uploads\/2026\/09\/WhatsApp-Image-2026-07-15-at-09.44.16-1.jpeg 1499w\" sizes=\"auto, (max-width: 1024px) 100vw, 1024px\" \/><\/figure>\n<\/div>","protected":false},"excerpt":{"rendered":"<p>Cet \u00e9t\u00e9 encore, le camp d\u2019\u00e9t\u00e9 de l\u2019ACE (Action Catholique des Enfants) a offert \u00e0 nos jeunes de tr\u00e8s grands moments de joie, de partage et de fraternit\u00e9 ! Install\u00e9s&#8230;<\/p>\n","protected":false},"author":6,"featured_media":15278,"comment_status":"closed","ping_status":"closed","sticky":false,"template":"","format":"standard","meta":{"footnotes":""},"categories":[20],"tags":[],"class_list":["post-15277","post","type-post","status-publish","format-standard","has-post-thumbnail","hentry","category-actualite"],"_links":{"self":[{"href":"https:\/\/eglise-visitation-dijon.net\/w3\/wp-json\/wp\/v2\/posts\/15277","targetHints":{"allow":["GET"]}}],"collection":[{"href":"https:\/\/eglise-visitation-dijon.net\/w3\/wp-json\/wp\/v2\/posts"}],"about":[{"href":"https:\/\/eglise-visitation-dijon.net\/w3\/wp-json\/wp\/v2\/types\/post"}],"author":[{"embeddable":true,"href":"https:\/\/eglise-visitation-dijon.net\/w3\/wp-json\/wp\/v2\/users\/6"}],"replies":[{"embeddable":true,"href":"https:\/\/eglise-visitation-dijon.net\/w3\/wp-json\/wp\/v2\/comments?post=15277"}],"version-history":[{"count":1,"href":"https:\/\/eglise-visitation-dijon.net\/w3\/wp-json\/wp\/v2\/posts\/15277\/revisions"}],"predecessor-version":[{"id":15285,"href":"https:\/\/eglise-visitation-dijon.net\/w3\/wp-json\/wp\/v2\/posts\/15277\/revisions\/15285"}],"wp:featuredmedia":[{"embeddable":true,"href":"https:\/\/eglise-visitation-dijon.net\/w3\/wp-json\/wp\/v2\/media\/15278"}],"wp:attachment":[{"href":"https:\/\/eglise-visitation-dijon.net\/w3\/wp-json\/wp\/v2\/media?parent=15277"}],"wp:term":[{"taxonomy":"category","embeddable":true,"href":"https:\/\/eglise-visitation-dijon.net\/w3\/wp-json\/wp\/v2\/categories?post=15277"},{"taxonomy":"post_tag","embeddable":true,"href":"https:\/\/eglise-visitation-dijon.net\/w3\/wp-json\/wp\/v2\/tags?post=15277"}],"curies":[{"name":"wp","href":"https:\/\/api.w.org\/{rel}","templated":true}]}}