{"id":15286,"date":"2026-09-02T22:30:36","date_gmt":"2026-09-02T20:30:36","guid":{"rendered":"https:\/\/eglise-visitation-dijon.net\/w3\/?p=15286"},"modified":"2026-09-02T22:34:33","modified_gmt":"2026-09-02T20:34:33","slug":"grand-week-end-de-rentree-a-la-visitation-celebrons-nos-talents-et-notre-communaute","status":"publish","type":"post","link":"https:\/\/eglise-visitation-dijon.net\/w3\/grand-week-end-de-rentree-a-la-visitation-celebrons-nos-talents-et-notre-communaute\/","title":{"rendered":"Grand week-end de rentr\u00e9e \u00e0 la Visitation : c\u00e9l\u00e9brons nos talents et notre communaut\u00e9 !"},"content":{"rendered":"\n<p class=\"wp-block-paragraph\" style=\"font-size:18px\">Bloquez bien la date sur vos agendas :<strong> le week-end du 19 et 20 septembre,<\/strong> la paroisse de la Visitation vivra deux jours exceptionnels plac\u00e9s sous le signe de la convivialit\u00e9, du partage et de la f\u00eate !<br><br>Cette rentr\u00e9e sera l&rsquo;occasion id\u00e9ale de nous retrouver tous ensemble, de mettre en avant la richesse des talents de chacun et de saluer le bel engagement des nombreux b\u00e9n\u00e9voles qui font vivre nos groupes paroissiaux tout au long de l&rsquo;ann\u00e9e.<br><br>Un programme riche et vari\u00e9 vous attend durant ces deux jours :<br><br><strong>Samedi 19 septembre<\/strong><br><strong>10h00 <\/strong>: Messe de la Saint-Maurice \u00e0 l&rsquo;\u00e9glise de Sennecey-l\u00e8s-Dijon.<br><strong>12h30 : <\/strong>Rencontre du groupe Foi et Lumi\u00e8re<br><strong>14h00 \u00e0 18h: <\/strong>Foire aux livres et vente de d\u00e9licieuses confitures maison : venez chiner de belles lectures et vous r\u00e9galer !<br><strong>18h30 :<\/strong> Messe anticip\u00e9e du samedi soir.<br><br><strong>Dimanche 20 septembre<\/strong><br><strong>10h00 : <\/strong>Caf\u00e9 d&rsquo;accueil pour rencontrer les groupes paroissiaux<br><strong>10h30 :<\/strong> Grande messe de rentr\u00e9e paroissiale.<br><strong>Apr\u00e8s la messe: <\/strong><br>&#8211; Ouverture de la foire aux livres et de la vente de confitures jusqu&rsquo;\u00e0 18h<br>&#8211; Ap\u00e9ritif d\u00eenatoire partag\u00e9 (chacun peut apporter un petit quelque chose \u00e0 partager !).<br><strong>L&rsquo;apr\u00e8s-midi :<\/strong>Rencontre de rentr\u00e9e de l&rsquo;ACE (Action Catholique des Enfants) pour les jeunes de 6 \u00e0 15 ans.<br><br>Que vous soyez un habitu\u00e9 de la paroisse ou nouvel arrivant, vous \u00eates tous les bienvenus ! Venez en famille, avec vos voisins et vos amis pour partager ce grand moment de vie paroissiale.<br><br>Nous vous attendons nombreux pour lancer ensemble cette nouvelle ann\u00e9e paroissiale !<\/p>\n\n\n\n<p class=\"has-text-align-right wp-block-paragraph\" style=\"font-size:18px\"><em>VCH &#8211; 02\/09\/2026<\/em><br><\/p>\n\n\n\n<figure class=\"wp-block-gallery has-nested-images columns-default is-cropped wp-block-gallery-1 is-layout-flex wp-block-gallery-is-layout-flex\">\n<figure class=\"wp-block-image size-large\"><img loading=\"lazy\" decoding=\"async\" width=\"724\" height=\"1024\" data-id=\"15237\" src=\"https:\/\/eglise-visitation-dijon.net\/w3\/wp-content\/uploads\/2026\/08\/Affiche-messe-rentree-2026-V2-724x1024.jpg\" alt=\"\" class=\"wp-image-15237\" srcset=\"https:\/\/eglise-visitation-dijon.net\/w3\/wp-content\/uploads\/2026\/08\/Affiche-messe-rentree-2026-V2-724x1024.jpg 724w, https:\/\/eglise-visitation-dijon.net\/w3\/wp-content\/uploads\/2026\/08\/Affiche-messe-rentree-2026-V2-212x300.jpg 212w, https:\/\/eglise-visitation-dijon.net\/w3\/wp-content\/uploads\/2026\/08\/Affiche-messe-rentree-2026-V2-106x150.jpg 106w, https:\/\/eglise-visitation-dijon.net\/w3\/wp-content\/uploads\/2026\/08\/Affiche-messe-rentree-2026-V2-768x1086.jpg 768w, https:\/\/eglise-visitation-dijon.net\/w3\/wp-content\/uploads\/2026\/08\/Affiche-messe-rentree-2026-V2-1086x1536.jpg 1086w, https:\/\/eglise-visitation-dijon.net\/w3\/wp-content\/uploads\/2026\/08\/Affiche-messe-rentree-2026-V2.jpg 1414w\" sizes=\"auto, (max-width: 724px) 100vw, 724px\" \/><\/figure>\n\n\n\n<figure class=\"wp-block-image size-large\"><img loading=\"lazy\" decoding=\"async\" width=\"724\" height=\"1024\" data-id=\"15144\" src=\"https:\/\/eglise-visitation-dijon.net\/w3\/wp-content\/uploads\/2026\/06\/affiche-confitures-pour-avis-724x1024.png\" alt=\"\" class=\"wp-image-15144\" srcset=\"https:\/\/eglise-visitation-dijon.net\/w3\/wp-content\/uploads\/2026\/06\/affiche-confitures-pour-avis-724x1024.png 724w, https:\/\/eglise-visitation-dijon.net\/w3\/wp-content\/uploads\/2026\/06\/affiche-confitures-pour-avis-212x300.png 212w, https:\/\/eglise-visitation-dijon.net\/w3\/wp-content\/uploads\/2026\/06\/affiche-confitures-pour-avis-106x150.png 106w, https:\/\/eglise-visitation-dijon.net\/w3\/wp-content\/uploads\/2026\/06\/affiche-confitures-pour-avis-768x1086.png 768w, https:\/\/eglise-visitation-dijon.net\/w3\/wp-content\/uploads\/2026\/06\/affiche-confitures-pour-avis-1086x1536.png 1086w, https:\/\/eglise-visitation-dijon.net\/w3\/wp-content\/uploads\/2026\/06\/affiche-confitures-pour-avis.png 1414w\" sizes=\"auto, (max-width: 724px) 100vw, 724px\" \/><\/figure>\n\n\n\n<figure class=\"wp-block-image size-large\"><img loading=\"lazy\" decoding=\"async\" width=\"724\" height=\"1024\" data-id=\"15143\" src=\"https:\/\/eglise-visitation-dijon.net\/w3\/wp-content\/uploads\/2026\/06\/Affiche-Foire-aux-Livres-2026-724x1024.png\" alt=\"\" class=\"wp-image-15143\" srcset=\"https:\/\/eglise-visitation-dijon.net\/w3\/wp-content\/uploads\/2026\/06\/Affiche-Foire-aux-Livres-2026-724x1024.png 724w, https:\/\/eglise-visitation-dijon.net\/w3\/wp-content\/uploads\/2026\/06\/Affiche-Foire-aux-Livres-2026-212x300.png 212w, https:\/\/eglise-visitation-dijon.net\/w3\/wp-content\/uploads\/2026\/06\/Affiche-Foire-aux-Livres-2026-106x150.png 106w, https:\/\/eglise-visitation-dijon.net\/w3\/wp-content\/uploads\/2026\/06\/Affiche-Foire-aux-Livres-2026-768x1086.png 768w, https:\/\/eglise-visitation-dijon.net\/w3\/wp-content\/uploads\/2026\/06\/Affiche-Foire-aux-Livres-2026-1086x1536.png 1086w, https:\/\/eglise-visitation-dijon.net\/w3\/wp-content\/uploads\/2026\/06\/Affiche-Foire-aux-Livres-2026.png 1414w\" sizes=\"auto, (max-width: 724px) 100vw, 724px\" \/><\/figure>\n<\/figure>\n","protected":false},"excerpt":{"rendered":"<p>Bloquez bien la date sur vos agendas : le week-end du 19 et 20 septembre, la paroisse de la Visitation vivra deux jours exceptionnels plac\u00e9s sous le signe de la&#8230;<\/p>\n","protected":false},"author":6,"featured_media":15287,"comment_status":"closed","ping_status":"closed","sticky":false,"template":"","format":"standard","meta":{"footnotes":""},"categories":[20,1],"tags":[],"class_list":["post-15286","post","type-post","status-publish","format-standard","has-post-thumbnail","hentry","category-actualite","category-annonces"],"_links":{"self":[{"href":"https:\/\/eglise-visitation-dijon.net\/w3\/wp-json\/wp\/v2\/posts\/15286","targetHints":{"allow":["GET"]}}],"collection":[{"href":"https:\/\/eglise-visitation-dijon.net\/w3\/wp-json\/wp\/v2\/posts"}],"about":[{"href":"https:\/\/eglise-visitation-dijon.net\/w3\/wp-json\/wp\/v2\/types\/post"}],"author":[{"embeddable":true,"href":"https:\/\/eglise-visitation-dijon.net\/w3\/wp-json\/wp\/v2\/users\/6"}],"replies":[{"embeddable":true,"href":"https:\/\/eglise-visitation-dijon.net\/w3\/wp-json\/wp\/v2\/comments?post=15286"}],"version-history":[{"count":2,"href":"https:\/\/eglise-visitation-dijon.net\/w3\/wp-json\/wp\/v2\/posts\/15286\/revisions"}],"predecessor-version":[{"id":15290,"href":"https:\/\/eglise-visitation-dijon.net\/w3\/wp-json\/wp\/v2\/posts\/15286\/revisions\/15290"}],"wp:featuredmedia":[{"embeddable":true,"href":"https:\/\/eglise-visitation-dijon.net\/w3\/wp-json\/wp\/v2\/media\/15287"}],"wp:attachment":[{"href":"https:\/\/eglise-visitation-dijon.net\/w3\/wp-json\/wp\/v2\/media?parent=15286"}],"wp:term":[{"taxonomy":"category","embeddable":true,"href":"https:\/\/eglise-visitation-dijon.net\/w3\/wp-json\/wp\/v2\/categories?post=15286"},{"taxonomy":"post_tag","embeddable":true,"href":"https:\/\/eglise-visitation-dijon.net\/w3\/wp-json\/wp\/v2\/tags?post=15286"}],"curies":[{"name":"wp","href":"https:\/\/api.w.org\/{rel}","templated":true}]}}