{"id":2784,"date":"2019-04-06T15:10:03","date_gmt":"2019-04-06T13:10:03","guid":{"rendered":"http:\/\/eglise-visitation-dijon.net\/w3\/?p=2784"},"modified":"2024-11-04T12:18:55","modified_gmt":"2024-11-04T11:18:55","slug":"et-pourtant-lesprit-de-dieu-souffle-au-desert","status":"publish","type":"post","link":"https:\/\/eglise-visitation-dijon.net\/w3\/et-pourtant-lesprit-de-dieu-souffle-au-desert\/","title":{"rendered":"Et pourtant\u2026 l&rsquo;Esprit de Dieu souffle au d\u00e9sert &#8211; 6 avril 2019"},"content":{"rendered":"<p align=\"justify\">&nbsp;&nbsp;&nbsp;&nbsp;&nbsp;&nbsp;&nbsp; C&rsquo;est avec ces mots d&rsquo;une hymne de car\u00eame que j&rsquo;introduis ma r\u00e9flexion personnelle au sujet de la grave crise que traverse en ce moment notre \u00c9glise. Oui, depuis quelque temps, nous avons le sentiment que celle-ci s&rsquo;enfonce dans un ab\u00eeme rarement atteint, avec la r\u00e9v\u00e9lation de scandales qui touchent l&rsquo;institution \u00c9glise : crimes sexuels commis par des clercs, silence de la hi\u00e9rarchie, d\u00e9cisions r\u00e9centes difficilement compr\u00e9hensibles. De quoi g\u00e9n\u00e9rer le d\u00e9sarroi chez beaucoup de ceux et celles qui avaient mis leur confiance en Elle, figure de J\u00e9sus-Christ notre sauveur. Un v\u00e9ritable d\u00e9sert, o\u00f9 l&rsquo;Esprit de Dieu semble avoir laiss\u00e9 la place au d\u00e9mon.<\/p>\n<p align=\"justify\">&nbsp;&nbsp;&nbsp;&nbsp;&nbsp;&nbsp;&nbsp; Et si ce d\u00e9sert \u00e9tait une chance pour un v\u00e9ritable renouveau ? En tout cas s\u00fbrement un appel \u00e0 descendre du pi\u00e9destal o\u00f9 la hi\u00e9rarchie et les fid\u00e8les ont plac\u00e9 l\u2019\u00c9glise. Finis les apparats, les honneurs, les le\u00e7ons de morale, les titres, la sacralisation de personnes ou de lieux. Place \u00e0 l&rsquo;\u00e9coute de la souffrance des victimes, \u00e0 l&rsquo;humble soumission \u00e0 la justice des hommes, \u00e0 la v\u00e9rit\u00e9. Quitte \u00e0 vivre un d\u00e9nuement extr\u00eame, celui de la croix. Alors le souffle de Dieu viendra \u00e0 bout de notre faiblesse librement consentie, devenant ainsi notre force.<\/p>\n<p>Andr\u00e9 Jobard<\/p>\n<p align=\"justify\">&nbsp;&nbsp;&nbsp;&nbsp;&nbsp;&nbsp;&nbsp; <em>Dans notre paroisse, des rencontres sont envisag\u00e9es pour \u00e9voquer cette crise <\/em><em>et chercher ensemble comment \u00ab r\u00e9parer l\u2019\u00c9glise \u00bb.<\/em><\/p>\n","protected":false},"excerpt":{"rendered":"<p>C&rsquo;est avec ces mots d&rsquo;une hymne de car\u00eame que j&rsquo;introduis ma r\u00e9flexion personnelle au sujet de la grave crise que traverse en ce moment notre \u00c9glise &#8230;<\/p>\n","protected":false},"author":1,"featured_media":2800,"comment_status":"closed","ping_status":"closed","sticky":false,"template":"","format":"standard","meta":{"footnotes":""},"categories":[17],"tags":[],"class_list":["post-2784","post","type-post","status-publish","format-standard","has-post-thumbnail","hentry","category-paroles"],"_links":{"self":[{"href":"https:\/\/eglise-visitation-dijon.net\/w3\/wp-json\/wp\/v2\/posts\/2784","targetHints":{"allow":["GET"]}}],"collection":[{"href":"https:\/\/eglise-visitation-dijon.net\/w3\/wp-json\/wp\/v2\/posts"}],"about":[{"href":"https:\/\/eglise-visitation-dijon.net\/w3\/wp-json\/wp\/v2\/types\/post"}],"author":[{"embeddable":true,"href":"https:\/\/eglise-visitation-dijon.net\/w3\/wp-json\/wp\/v2\/users\/1"}],"replies":[{"embeddable":true,"href":"https:\/\/eglise-visitation-dijon.net\/w3\/wp-json\/wp\/v2\/comments?post=2784"}],"version-history":[{"count":5,"href":"https:\/\/eglise-visitation-dijon.net\/w3\/wp-json\/wp\/v2\/posts\/2784\/revisions"}],"predecessor-version":[{"id":3669,"href":"https:\/\/eglise-visitation-dijon.net\/w3\/wp-json\/wp\/v2\/posts\/2784\/revisions\/3669"}],"wp:featuredmedia":[{"embeddable":true,"href":"https:\/\/eglise-visitation-dijon.net\/w3\/wp-json\/wp\/v2\/media\/2800"}],"wp:attachment":[{"href":"https:\/\/eglise-visitation-dijon.net\/w3\/wp-json\/wp\/v2\/media?parent=2784"}],"wp:term":[{"taxonomy":"category","embeddable":true,"href":"https:\/\/eglise-visitation-dijon.net\/w3\/wp-json\/wp\/v2\/categories?post=2784"},{"taxonomy":"post_tag","embeddable":true,"href":"https:\/\/eglise-visitation-dijon.net\/w3\/wp-json\/wp\/v2\/tags?post=2784"}],"curies":[{"name":"wp","href":"https:\/\/api.w.org\/{rel}","templated":true}]}}