{"id":3285,"date":"2019-08-02T22:39:27","date_gmt":"2019-08-02T20:39:27","guid":{"rendered":"http:\/\/eglise-visitation-dijon.net\/w3\/?p=3285"},"modified":"2024-11-04T12:01:55","modified_gmt":"2024-11-04T11:01:55","slug":"musiques-sans-frontieres-la-visitation-aout-2019","status":"publish","type":"post","link":"https:\/\/eglise-visitation-dijon.net\/w3\/musiques-sans-frontieres-la-visitation-aout-2019\/","title":{"rendered":"Musiques sans fronti\u00e8res &#8211; La Visitation &#8211; ao\u00fbt 2019"},"content":{"rendered":"<p align=\"justify\">Dans le cadre des r\u00e9seaux internationaux du CMR et du CCFD-Terre Solidaire, la paroisse de La Visitation a accueilli, <a href=\"https:\/\/blog.ccfd-terresolidaire.org\/bfc\/post\/2018\/07\/31\/Ambassadeurs-chantants-des-Philippines\">comme l&rsquo;an pass\u00e9<\/a>, la chorale de r\u00e9putation internationale \u00ab The University of Philippines Singing Ambassadors \u00bb pour un concert de chants classiques, religieux et populaires philippins. Pr\u00e8s de 400 personnes ont assist\u00e9 \u00e0 ce concert-spectacle. Les choristes ont envo\u00fbt\u00e9 les participants par leur ma\u00eetrise du chant a cappella et de la mise en sc\u00e8ne. La collecte faite \u00e0 l&rsquo;issue du concert \u00e9tait en partie destin\u00e9e au soutien des&nbsp; actions de solidarit\u00e9 internationale men\u00e9e par le CMR et le CCFD-Terre Solidaire (merci pour votre soutien).<\/p>\n<p align=\"justify\"><em>Pour revivre l&rsquo;ambiance de ce moment exceptionnel, quelques images sonores (vid\u00e9o 10 minutes) &#8230;<\/em><\/p>\n<p align=\"center\"><video src=\"http:\/\/www.eglise-visitation-dijon.net\/w2\/video\/Philippines-2019-HD.mp4\" controls=\"controls\" width=\"620\" height=\"425\"><br \/>\nVotre navigateur n&rsquo;est pas compatible. Cliquez sur le lien ci-dessous.<\/video><\/p>\n<p align=\"center\">Si la vid\u00e9o ne s&rsquo;affiche pas correctement, <a href=\"http:\/\/www.eglise-visitation-dijon.net\/w2\/video\/Philippines-2019-HD.mp4\" target=\"_blank\" rel=\"noopener noreferrer\"> cliquez ici (version HD)<\/a>, ou <a href=\"http:\/\/www.eglise-visitation-dijon.net\/w2\/video\/Philippines-2019-web.mp4\" target=\"_blank\" rel=\"noopener noreferrer\"> l\u00e0 (version web)<\/a><\/p>\n","protected":false},"excerpt":{"rendered":"<p>Un concert-spectacle exceptionnel au c\u0153ur de l&rsquo;\u00e9t\u00e9, dans le cadre des r\u00e9seaux internationaux du CMR et du CCFD-Terre Solidaire &#8230;<\/p>\n","protected":false},"author":1,"featured_media":3292,"comment_status":"closed","ping_status":"closed","sticky":false,"template":"","format":"standard","meta":{"footnotes":""},"categories":[4,18],"tags":[21],"class_list":["post-3285","post","type-post","status-publish","format-standard","has-post-thumbnail","hentry","category-temps-forts","category-vie-des-groupes","tag-videos"],"_links":{"self":[{"href":"https:\/\/eglise-visitation-dijon.net\/w3\/wp-json\/wp\/v2\/posts\/3285","targetHints":{"allow":["GET"]}}],"collection":[{"href":"https:\/\/eglise-visitation-dijon.net\/w3\/wp-json\/wp\/v2\/posts"}],"about":[{"href":"https:\/\/eglise-visitation-dijon.net\/w3\/wp-json\/wp\/v2\/types\/post"}],"author":[{"embeddable":true,"href":"https:\/\/eglise-visitation-dijon.net\/w3\/wp-json\/wp\/v2\/users\/1"}],"replies":[{"embeddable":true,"href":"https:\/\/eglise-visitation-dijon.net\/w3\/wp-json\/wp\/v2\/comments?post=3285"}],"version-history":[{"count":14,"href":"https:\/\/eglise-visitation-dijon.net\/w3\/wp-json\/wp\/v2\/posts\/3285\/revisions"}],"predecessor-version":[{"id":3809,"href":"https:\/\/eglise-visitation-dijon.net\/w3\/wp-json\/wp\/v2\/posts\/3285\/revisions\/3809"}],"wp:featuredmedia":[{"embeddable":true,"href":"https:\/\/eglise-visitation-dijon.net\/w3\/wp-json\/wp\/v2\/media\/3292"}],"wp:attachment":[{"href":"https:\/\/eglise-visitation-dijon.net\/w3\/wp-json\/wp\/v2\/media?parent=3285"}],"wp:term":[{"taxonomy":"category","embeddable":true,"href":"https:\/\/eglise-visitation-dijon.net\/w3\/wp-json\/wp\/v2\/categories?post=3285"},{"taxonomy":"post_tag","embeddable":true,"href":"https:\/\/eglise-visitation-dijon.net\/w3\/wp-json\/wp\/v2\/tags?post=3285"}],"curies":[{"name":"wp","href":"https:\/\/api.w.org\/{rel}","templated":true}]}}